{"id":13535,"date":"2014-04-16T16:14:59","date_gmt":"2014-04-16T14:14:59","guid":{"rendered":"http:\/\/www.bbyhaber.com\/bby\/?p=13535"},"modified":"2014-04-16T16:59:12","modified_gmt":"2014-04-16T14:59:12","slug":"kamu-personeli-alim-ilanlari-tek-bir-sitede-yayinlanacak","status":"publish","type":"post","link":"https:\/\/www.bbyhaber.com\/bby\/2014\/04\/16\/kamu-personeli-alim-ilanlari-tek-bir-sitede-yayinlanacak","title":{"rendered":"Kamu Personeli Al\u0131m \u0130lanlar\u0131 tek bir sitede yay\u0131nlanacak"},"content":{"rendered":"<p style=\"text-align: justify;\"><strong><img loading=\"lazy\" decoding=\"async\" class=\"alignleft\" src=\"http:\/\/euygulama.dpb.gov.tr\/DPB_yetki\/images\/logo.jpeg\" alt=\"\" width=\"143\" height=\"136\" \/><strong>T\u00fcm meslekta\u015flar\u0131m\u0131z\u0131n bilgisine:\u00a0<\/strong>16.04.2014<\/strong> tarihinden sonra <strong>Bilgi ve Belge Y\u00f6netimi (BBY) alan\u0131nda <span style=\"color: #0000ff;\">kamuda<\/span><\/strong> a\u00e7\u0131lacak olan <strong><span style=\"color: #0000ff;\">t\u00fcm i\u015f ilanlar\u0131<\/span><\/strong> <strong>Devlet Personel Ba\u015fkanl\u0131\u011f\u0131&#8217;n\u0131n (DPB) internet sitesinde yay\u0131mlanacakt\u0131r. <\/strong><\/p>\n<p style=\"text-align: justify;\"><strong><\/strong>De\u011ferli meslekta\u015flar, bbyhaber devaml\u0131 olarak DPB&#8217;nin sitesini veya herhangi bir kurumdaki\u00a0<span style=\"color: #0000ff;\"><a href=\"http:\/\/www.bbyhaber.com\/bby\/category\/bby-is-ilanlari\/\"><span style=\"color: #0000ff;\">g\u00fcncel i\u015f ilanlar\u0131<\/span><\/a><\/span>n\u0131 takip ederek, ilanlar\u0131n duyurular\u0131n\u0131 bbyhaber&#8217;de de <span style=\"color: #0000ff;\"><a href=\"http:\/\/www.bbyhaber.com\/bby\/category\/bby-is-ilanlari\/\"><span style=\"color: #0000ff;\">yay\u0131nlamaya<\/span><\/a><\/span> devam edecektir, bilgilerinize.<\/p>\n<p style=\"text-align: justify;\"><span style=\"color: #ff0000;\">\u0130lgili genelgenin i\u00e7eri\u011fi a\u015fa\u011f\u0131da mevcuttur<\/span>:<\/p>\n<p style=\"text-align: justify;\"><!--more--><\/p>\n<p style=\"text-align: justify;\"><span style=\"color: #ff0000;\"><strong>16 Nisan 2014\u00a0 \u00c7ar\u015famba<\/strong><\/span><br \/>\n<strong><span style=\"color: #0000ff;\">Resm\u00ee Gazete<\/span><\/strong><br \/>\nSay\u0131 : 28974<\/p>\n<p>Ba\u015fbakanl\u0131ktan:<\/p>\n<p>Konu :<strong> Kamu Personeli Al\u0131m\u0131 \u0130lanlar\u0131<\/strong><\/p>\n<p>GENELGE<\/p>\n<p style=\"text-align: justify;\">2014\/4<br \/>\nKamu kurum ve kurulu\u015flar\u0131na farkl\u0131 stat\u00fc ve usullerle personel al\u0131nmakta ve personel al\u0131m ilanlar\u0131; Resm\u00ee Gazete, \u00e7e\u015fitli gazeteler, kurum resmi internet siteleri vb. ara\u00e7larla kamuoyuna duyurulmaktad\u0131r. Personel al\u0131m ilanlar\u0131n\u0131n yay\u0131mlanmas\u0131nda kurum ve kurulu\u015flarca farkl\u0131 y\u00f6ntemlerin kullan\u0131lmas\u0131, duyurular\u0131n adaylarca takibini g\u00fc\u00e7le\u015ftirmektedir.<\/p>\n<p style=\"text-align: justify;\">Kamu hizmetlerine girmenin Anayasal d\u00fczeyde korunan bir hak oldu\u011fu dikkate al\u0131nd\u0131\u011f\u0131nda, bu hakk\u0131n kullan\u0131m\u0131nda etkinli\u011fin ve \u015feffafl\u0131\u011f\u0131n art\u0131r\u0131lmas\u0131; personel al\u0131m ilanlar\u0131n\u0131n h\u0131zl\u0131, kolay ve tek elden ula\u015f\u0131labilir olmas\u0131n\u0131 gerektirmektedir. Bu kapsamda b\u00fct\u00fcn kamu kurum ve kurulu\u015flar\u0131n\u0131n, bu genelgenin yay\u0131mland\u0131\u011f\u0131 tarihten ge\u00e7erli olmak \u00fczere, personel al\u0131m ilanlar\u0131n\u0131n yay\u0131mlanmas\u0131 konusunda a\u015fa\u011f\u0131da belirtilen hususlara g\u00f6re hareket etmeleri uygun g\u00f6r\u00fclm\u00fc\u015ft\u00fcr.<\/p>\n<p style=\"text-align: justify;\">1) <strong><span style=\"color: #ff0000;\">Kamu kurum ve kurulu\u015flar\u0131n\u0131n, stat\u00fc ayr\u0131m\u0131 yap\u0131lmaks\u0131z\u0131n; i\u015f\u00e7i, memur, s\u00f6zle\u015fmeli vb. b\u00fct\u00fcn personel al\u0131m ilanlar\u0131 <span style=\"color: #0000ff;\">Devlet Personel Ba\u015fkanl\u0131\u011f\u0131&#8217;<\/span>n\u0131n <span style=\"color: #0000ff;\">internet sitesi<\/span>nde yay\u0131mlanacakt\u0131r.<\/span><\/strong><\/p>\n<p style=\"text-align: justify;\">2) Personel al\u0131m ilanlar\u0131n\u0131n yay\u0131mlanmas\u0131na ili\u015fkin olarak ilgili mevzuatta yer alan hususlar\u0131n uygulanmas\u0131na devam edilecektir. Bu genelge kapsam\u0131nda Devlet Personel Ba\u015fkanl\u0131\u011f\u0131nca yay\u0131mlanacak ilanlara ili\u015fkin her t\u00fcrl\u00fc hukuki sorumluluk ilgili kamu kurum ve kurulu\u015funa ait olacakt\u0131r.<\/p>\n<p style=\"text-align: justify;\">3) Personel al\u0131m ilanlar\u0131, ilan\u0131n kurumlar taraf\u0131ndan ne zaman yay\u0131mlanaca\u011f\u0131 belirtilerek bu tarihten en az be\u015f g\u00fcn \u00f6nce Devlet Personel Ba\u015fkanl\u0131\u011f\u0131na g\u00f6nderilecektir. Bu s\u00fcreye yeti\u015ftirilemeyen ivedi durumlarda Devlet Personel Ba\u015fkanl\u0131\u011f\u0131 ile g\u00f6r\u00fc\u015f\u00fclerek hareket edilecektir.<\/p>\n<p style=\"text-align: justify;\">4) Personel al\u0131m ilanlar\u0131, ilgili kurum taraf\u0131ndan belirtilen tarihte, Devlet Personel Ba\u015fkanl\u0131\u011f\u0131nca yay\u0131mlanacakt\u0131r. \u0130lan\u0131n yay\u0131mlanma zaman\u0131nda veya metninde de\u011fi\u015fiklik yap\u0131lmas\u0131 gerekti\u011finde, bu durum ivedilikle Devlet Personel Ba\u015fkanl\u0131\u011f\u0131na bildirilecektir.<\/p>\n<p style=\"text-align: justify;\">5) \u0130lanlar\u0131n g\u00f6nderilme usul\u00fc ve bu genelgenin uygulanmas\u0131 ile ilgili di\u011fer hususlar Devlet Personel Ba\u015fkanl\u0131\u011f\u0131nca belirlenerek kamu kurum ve kurulu\u015flar\u0131na duyurulacakt\u0131r.<\/p>\n","protected":false},"excerpt":{"rendered":"<p>T\u00fcm meslekta\u015flar\u0131m\u0131z\u0131n bilgisine:\u00a016.04.2014 tarihinden sonra Bilgi ve Belge Y\u00f6netimi (BBY) alan\u0131nda kamuda a\u00e7\u0131lacak olan t\u00fcm i\u015f ilanlar\u0131 Devlet Personel Ba\u015fkanl\u0131\u011f\u0131&#8217;n\u0131n (DPB) internet sitesinde yay\u0131mlanacakt\u0131r. De\u011ferli meslekta\u015flar, bbyhaber devaml\u0131 olarak DPB&#8217;nin sitesini veya herhangi bir kurumdaki\u00a0g\u00fcncel i\u015f ilanlar\u0131n\u0131 takip ederek, ilanlar\u0131n duyurular\u0131n\u0131 bbyhaber&#8217;de de yay\u0131nlamaya devam edecektir, bilgilerinize. \u0130lgili genelgenin i\u00e7eri\u011fi a\u015fa\u011f\u0131da mevcuttur:<\/p>\n","protected":false},"author":1,"featured_media":0,"comment_status":"open","ping_status":"open","sticky":false,"template":"","format":"standard","meta":{"footnotes":""},"categories":[1],"tags":[],"class_list":["post-13535","post","type-post","status-publish","format-standard","hentry","category-genel"],"_links":{"self":[{"href":"https:\/\/www.bbyhaber.com\/bby\/wp-json\/wp\/v2\/posts\/13535"}],"collection":[{"href":"https:\/\/www.bbyhaber.com\/bby\/wp-json\/wp\/v2\/posts"}],"about":[{"href":"https:\/\/www.bbyhaber.com\/bby\/wp-json\/wp\/v2\/types\/post"}],"author":[{"embeddable":true,"href":"https:\/\/www.bbyhaber.com\/bby\/wp-json\/wp\/v2\/users\/1"}],"replies":[{"embeddable":true,"href":"https:\/\/www.bbyhaber.com\/bby\/wp-json\/wp\/v2\/comments?post=13535"}],"version-history":[{"count":0,"href":"https:\/\/www.bbyhaber.com\/bby\/wp-json\/wp\/v2\/posts\/13535\/revisions"}],"wp:attachment":[{"href":"https:\/\/www.bbyhaber.com\/bby\/wp-json\/wp\/v2\/media?parent=13535"}],"wp:term":[{"taxonomy":"category","embeddable":true,"href":"https:\/\/www.bbyhaber.com\/bby\/wp-json\/wp\/v2\/categories?post=13535"},{"taxonomy":"post_tag","embeddable":true,"href":"https:\/\/www.bbyhaber.com\/bby\/wp-json\/wp\/v2\/tags?post=13535"}],"curies":[{"name":"wp","href":"https:\/\/api.w.org\/{rel}","templated":true}]}}