{"id":13527,"date":"2014-04-16T10:42:59","date_gmt":"2014-04-16T08:42:59","guid":{"rendered":"http:\/\/www.bbyhaber.com\/bby\/?p=13527"},"modified":"2014-04-16T11:03:28","modified_gmt":"2014-04-16T09:03:28","slug":"tkd-aylik-olagan-toplantisi-gerceklestirildi","status":"publish","type":"post","link":"https:\/\/www.bbyhaber.com\/bby\/2014\/04\/16\/tkd-aylik-olagan-toplantisi-gerceklestirildi","title":{"rendered":"TKD ayl\u0131k ola\u011fan toplant\u0131s\u0131 ger\u00e7ekle\u015ftirildi"},"content":{"rendered":"<div style=\"text-align: justify;\">\n<div>\n<div>\n<p><img loading=\"lazy\" decoding=\"async\" class=\"alignleft\" src=\"http:\/\/www.bbyhaber.com\/bby\/wp-content\/uploads\/bby-dernek-logolar\/tkd-logo.png\" alt=\"\" width=\"155\" height=\"100\" \/>T\u00fcrk K\u00fct\u00fcphaneciler Derne\u011fi Genel Merkez Y\u00f6netim Kurulu ayl\u0131k ola\u011fan toplant\u0131s\u0131n\u0131 15 Nisan 2014 tarihinde ger\u00e7ekle\u015ftirmi\u015ftir.\u00a0Toplant\u0131da, May\u0131s ay\u0131nda ger\u00e7ekle\u015ftirilecek TKD \u015eube Se\u00e7imleri i\u00e7in yap\u0131lacak haz\u0131rl\u0131klar; TKD Ana T\u00fcz\u00fc\u011f\u00fc g\u00fcncelleme \u00e7al\u0131\u015fmalar\u0131; 6. TKD \u015eube Ba\u015fkanlar\u0131 toplant\u0131s\u0131; IFLA ile beraber y\u00fcr\u00fct\u00fclen \u00e7al\u0131\u015fmalar ve mesleki STK\u2019lar aras\u0131nda e\u015fg\u00fcd\u00fcm; 2014 y\u0131l\u0131 Faaliyet Raporu, K\u00fct\u00fcphanecilere y\u00f6nelik seminer ve e\u011fitim planlamalar\u0131; Ulusal ve uluslararas\u0131 projelerdeki a\u015famalar; 50. K\u00fct\u00fcphane Haftas\u0131\u2019na ili\u015fkin de\u011ferlendirme ve 51. K\u00fct\u00fcphane Haftas\u0131na ili\u015fkin planlamalar g\u00f6r\u00fc\u015f\u00fclm\u00fc\u015ft\u00fcr. <!--more--><\/p>\n<\/div>\n<\/div>\n<\/div>\n<p style=\"text-align: justify;\">Kaynak: http:\/\/www.kutuphaneci.org.tr<\/p>\n","protected":false},"excerpt":{"rendered":"<p>T\u00fcrk K\u00fct\u00fcphaneciler Derne\u011fi Genel Merkez Y\u00f6netim Kurulu ayl\u0131k ola\u011fan toplant\u0131s\u0131n\u0131 15 Nisan 2014 tarihinde ger\u00e7ekle\u015ftirmi\u015ftir.\u00a0Toplant\u0131da, May\u0131s ay\u0131nda ger\u00e7ekle\u015ftirilecek TKD \u015eube Se\u00e7imleri i\u00e7in yap\u0131lacak haz\u0131rl\u0131klar; TKD Ana T\u00fcz\u00fc\u011f\u00fc g\u00fcncelleme \u00e7al\u0131\u015fmalar\u0131; 6. TKD \u015eube Ba\u015fkanlar\u0131 toplant\u0131s\u0131; IFLA ile beraber y\u00fcr\u00fct\u00fclen \u00e7al\u0131\u015fmalar ve mesleki STK\u2019lar aras\u0131nda e\u015fg\u00fcd\u00fcm; 2014 y\u0131l\u0131 Faaliyet Raporu, K\u00fct\u00fcphanecilere y\u00f6nelik seminer ve e\u011fitim planlamalar\u0131; Ulusal [&hellip;]<\/p>\n","protected":false},"author":1,"featured_media":0,"comment_status":"open","ping_status":"open","sticky":false,"template":"","format":"standard","meta":{"footnotes":""},"categories":[1],"tags":[],"class_list":["post-13527","post","type-post","status-publish","format-standard","hentry","category-genel"],"_links":{"self":[{"href":"https:\/\/www.bbyhaber.com\/bby\/wp-json\/wp\/v2\/posts\/13527"}],"collection":[{"href":"https:\/\/www.bbyhaber.com\/bby\/wp-json\/wp\/v2\/posts"}],"about":[{"href":"https:\/\/www.bbyhaber.com\/bby\/wp-json\/wp\/v2\/types\/post"}],"author":[{"embeddable":true,"href":"https:\/\/www.bbyhaber.com\/bby\/wp-json\/wp\/v2\/users\/1"}],"replies":[{"embeddable":true,"href":"https:\/\/www.bbyhaber.com\/bby\/wp-json\/wp\/v2\/comments?post=13527"}],"version-history":[{"count":0,"href":"https:\/\/www.bbyhaber.com\/bby\/wp-json\/wp\/v2\/posts\/13527\/revisions"}],"wp:attachment":[{"href":"https:\/\/www.bbyhaber.com\/bby\/wp-json\/wp\/v2\/media?parent=13527"}],"wp:term":[{"taxonomy":"category","embeddable":true,"href":"https:\/\/www.bbyhaber.com\/bby\/wp-json\/wp\/v2\/categories?post=13527"},{"taxonomy":"post_tag","embeddable":true,"href":"https:\/\/www.bbyhaber.com\/bby\/wp-json\/wp\/v2\/tags?post=13527"}],"curies":[{"name":"wp","href":"https:\/\/api.w.org\/{rel}","templated":true}]}}