{"id":13493,"date":"2014-04-11T08:39:16","date_gmt":"2014-04-11T06:39:16","guid":{"rendered":"http:\/\/www.bbyhaber.com\/bby\/?p=13493"},"modified":"2014-04-11T08:45:59","modified_gmt":"2014-04-11T06:45:59","slug":"il-halk-kutuphanesinin-muduru-neden-gorevden-alindi","status":"publish","type":"post","link":"https:\/\/www.bbyhaber.com\/bby\/2014\/04\/11\/il-halk-kutuphanesinin-muduru-neden-gorevden-alindi","title":{"rendered":"\u0130l Halk K\u00fct\u00fcphanesi&#8217;nin m\u00fcd\u00fcr\u00fc neden g\u00f6revden al\u0131nd\u0131?-Ayd\u0131n"},"content":{"rendered":"<p style=\"text-align: justify;\"><img loading=\"lazy\" decoding=\"async\" class=\"alignleft\" src=\"http:\/\/www.bbyhaber.com\/bby\/wp-content\/uploads\/2014\/04\/aydin.jpg\" alt=\"\" width=\"283\" height=\"104\" \/> <a href=\"http:\/\/www.aydinkutup.gov.tr\/\" target=\"_blank\">Ayd\u0131n \u0130l Halk K\u00fct\u00fcphanesi<\/a>&#8216;nin ba\u015far\u0131l\u0131 m\u00fcd\u00fcr\u00fc Ahmet Kaya, 7 Nisan 2014 tarihinde g\u00f6revden al\u0131narak, \u0130l K\u00fclt\u00fcr M\u00fcd\u00fcrl\u00fc\u011f\u00fc&#8217;ne \u00e7ekilmi\u015f. Bu beklenmedik g\u00f6revden alma sonucunda y\u00fczlerce k\u00fct\u00fcphane m\u00fcdavimi, Ayd\u0131n Valisi Erol Ayy\u0131ld\u0131z&#8217;a m\u00fcd\u00fcr\u00fcn k\u00fct\u00fcphanedeki g\u00f6revine iade edilmesini isteyen imzal\u0131 dilek\u00e7e vermi\u015fler. Restorasyon sonucunda son derece \u00e7a\u011fda\u015f bir \u015fekilde yeniden hizmet vermeye ba\u015flayan Ayd\u0131n \u0130l Halk K\u00fct\u00fcphanesi&#8217;nin modernle\u015fmesinde b\u00fcy\u00fck eme\u011fi bulunan Ahmet Kaya,<!--more--> ayn\u0131 zamanda d\u00fcnyaca \u00fcnl\u00fc Bill Gates Vakf\u0131&#8217;n\u0131n milyarlarca Dolar destek sa\u011flad\u0131\u011f\u0131 ve evinde bilgisayar\u0131-interneti olmayan herkesin bilgiye ula\u015fmas\u0131n\u0131 ama\u00e7layan \u201cK\u00fct\u00fcphan-e T\u00fcrkiye Projesi\u201dne de emek vermi\u015fti.<\/p>\n<p style=\"text-align: justify;\">Ahmet Kaya, Ayd\u0131n \u0130l Halk K\u00fct\u00fcphanesi&#8217;nin projeye dahil edilen 26 pilot il ve 78 pilot k\u00fct\u00fcphane aras\u0131nda yer almas\u0131na da katk\u0131da bulunmu\u015f, ayr\u0131ca k\u00fct\u00fcphane ar\u015fivlerindeki tarihi de\u011feri olan yay\u0131nlar\u0131n bilgisayar ortam\u0131na aktar\u0131larak dijitalle\u015ftirilmesi i\u00e7in de b\u00fcy\u00fck \u00e7aba harcam\u0131\u015ft\u0131.<\/p>\n<p style=\"text-align: justify;\">Tarihi binas\u0131 restore edildikten sonra yeniden hizmete a\u00e7\u0131lan Ayd\u0131n \u0130l Halk K\u00fct\u00fcphanesi, art\u0131k eskisinden \u00e7ok daha modern hizmetlerle dikkat \u00e7ekiyor. Yaln\u0131zca kitap de\u011fil, g\u00fcnl\u00fck gazeteler, pop\u00fcler dergiler, \u00fccretsiz bilgisayar ve internet eri\u015fimi gibi g\u00f6rsel ve teknolojik bilgi ara\u00e7lar\u0131yla da donat\u0131lan k\u00fct\u00fcphane, bu sayede evlerindeki imkanlar\u0131 k\u0131s\u0131tl\u0131 olan \u00e7ocuk, gen\u00e7, ya\u015fl\u0131 pek \u00e7ok Ayd\u0131nl\u0131n\u0131n bilgiye ve k\u00fclt\u00fcre ula\u015ft\u0131\u011f\u0131 bir u\u011frak yeri haline d\u00f6n\u00fc\u015fm\u00fc\u015f durumda.<\/p>\n<p style=\"text-align: justify;\">K\u00fct\u00fcphane, bu haliyle \u00f6zellikle gen\u00e7leri kahve k\u00f6\u015felerinden kurtaran g\u00fczel ve sakin bir k\u00fclt\u00fcr mekan\u0131 haline gelmi\u015f.<\/p>\n<p style=\"text-align: justify;\">Ayr\u0131ca k\u00fct\u00fcphanede zaman zaman yazarlar ve k\u00fclt\u00fcr insanlar\u0131n\u0131n kat\u0131ld\u0131\u011f\u0131 s\u00f6yle\u015filer ve imza g\u00fcnleri d\u00fczenleniyor.<\/p>\n<p style=\"text-align: justify;\">Ayd\u0131n \u0130l Halk K\u00fct\u00fcphanesi&#8217;nin \u00e7ehresini de\u011fi\u015ftiren bu olumlu geli\u015fmelere ra\u011fmen, M\u00fcd\u00fcr Ahmet Kaya&#8217;n\u0131n g\u00f6revden al\u0131nmas\u0131, dileriz ki \u201cT\u00fcrkiye&#8217;de hi\u00e7bir ba\u015far\u0131 cezas\u0131z kalmaz\u201d s\u00f6z\u00fcn\u00fc hakl\u0131 \u00e7\u0131karan bir karar olmaz.<\/p>\n<p style=\"text-align: justify;\">Kaynak: http:\/\/www.mucadele.com.tr\/<\/p>\n","protected":false},"excerpt":{"rendered":"<p>Ayd\u0131n \u0130l Halk K\u00fct\u00fcphanesi&#8216;nin ba\u015far\u0131l\u0131 m\u00fcd\u00fcr\u00fc Ahmet Kaya, 7 Nisan 2014 tarihinde g\u00f6revden al\u0131narak, \u0130l K\u00fclt\u00fcr M\u00fcd\u00fcrl\u00fc\u011f\u00fc&#8217;ne \u00e7ekilmi\u015f. Bu beklenmedik g\u00f6revden alma sonucunda y\u00fczlerce k\u00fct\u00fcphane m\u00fcdavimi, Ayd\u0131n Valisi Erol Ayy\u0131ld\u0131z&#8217;a m\u00fcd\u00fcr\u00fcn k\u00fct\u00fcphanedeki g\u00f6revine iade edilmesini isteyen imzal\u0131 dilek\u00e7e vermi\u015fler. Restorasyon sonucunda son derece \u00e7a\u011fda\u015f bir \u015fekilde yeniden hizmet vermeye ba\u015flayan Ayd\u0131n \u0130l Halk K\u00fct\u00fcphanesi&#8217;nin modernle\u015fmesinde [&hellip;]<\/p>\n","protected":false},"author":1,"featured_media":0,"comment_status":"open","ping_status":"open","sticky":false,"template":"","format":"standard","meta":{"footnotes":""},"categories":[1],"tags":[848],"class_list":["post-13493","post","type-post","status-publish","format-standard","hentry","category-genel","tag-halk-kutuphaneleri"],"_links":{"self":[{"href":"https:\/\/www.bbyhaber.com\/bby\/wp-json\/wp\/v2\/posts\/13493"}],"collection":[{"href":"https:\/\/www.bbyhaber.com\/bby\/wp-json\/wp\/v2\/posts"}],"about":[{"href":"https:\/\/www.bbyhaber.com\/bby\/wp-json\/wp\/v2\/types\/post"}],"author":[{"embeddable":true,"href":"https:\/\/www.bbyhaber.com\/bby\/wp-json\/wp\/v2\/users\/1"}],"replies":[{"embeddable":true,"href":"https:\/\/www.bbyhaber.com\/bby\/wp-json\/wp\/v2\/comments?post=13493"}],"version-history":[{"count":0,"href":"https:\/\/www.bbyhaber.com\/bby\/wp-json\/wp\/v2\/posts\/13493\/revisions"}],"wp:attachment":[{"href":"https:\/\/www.bbyhaber.com\/bby\/wp-json\/wp\/v2\/media?parent=13493"}],"wp:term":[{"taxonomy":"category","embeddable":true,"href":"https:\/\/www.bbyhaber.com\/bby\/wp-json\/wp\/v2\/categories?post=13493"},{"taxonomy":"post_tag","embeddable":true,"href":"https:\/\/www.bbyhaber.com\/bby\/wp-json\/wp\/v2\/tags?post=13493"}],"curies":[{"name":"wp","href":"https:\/\/api.w.org\/{rel}","templated":true}]}}