{"id":1349,"date":"2010-01-26T19:39:30","date_gmt":"2010-01-26T19:39:30","guid":{"rendered":"http:\/\/www.bbyhaber.com\/bby\/?p=1349"},"modified":"2011-11-19T19:39:57","modified_gmt":"2011-11-19T19:39:57","slug":"turkiyenin-ilk-sahsi-kutuphanesi-kayseride","status":"publish","type":"post","link":"https:\/\/www.bbyhaber.com\/bby\/2010\/01\/26\/turkiyenin-ilk-sahsi-kutuphanesi-kayseride","title":{"rendered":"T\u00fcrkiye&#8217;nin ilk \u015fahsi k\u00fct\u00fcphanesi Kayseri&#8217;de"},"content":{"rendered":"<p style=\"text-align: justify;\">Kayseri&#8217;de bulunan Faruk Yaman K\u00fct\u00fcphanesi&#8217;nin T\u00fcrkiye&#8217;nin ilk \u015fahsi k\u00fct\u00fcphanesi oldu\u011fu belirtildi. K\u0131ranard\u0131 beldesinde bulunan Faruk Yaman \u00d6zel K\u00fct\u00fcphanesi&#8217;nin, Kayseri koleksiyonu ve Osmanl\u0131ca kitaplar\u0131 bar\u0131nd\u0131ran ilk \u015fahsa ait \u00f6zel k\u00fct\u00fcphane olma \u00f6zelli\u011fine sahip oldu\u011fu belirtildi.<\/p>\n<p>\u0130HA muhabirine a\u00e7\u0131klamada bulunan k\u00fct\u00fcphane sahibi Faruk Yaman, &#8220;K\u00fct\u00fcphanede 30 bin adet kitap mevcut. Bunun 3 bin 200&#8217;\u00fc Kayseri \u00f6zel kitap koleksiyonunu i\u00e7erirken, 2 bin tanesi Osmanl\u0131ca kitaplardan, geri kalan\u0131 da T\u00fcrk\u00e7e eserlerden olu\u015fuyor. K\u00fclt\u00fcr Bakanl\u0131\u011f\u0131&#8217;n\u0131n bir genelgesi \u00fczerine, \u00f6zel k\u00fct\u00fcphane i\u00e7in ba\u015fvurdum ve T\u00fcrkiye&#8217;de ilk kez \u015fahsa ait bir k\u00fct\u00fcphane oldu&#8221; ifadelerini kulland\u0131.<\/p>\n<p>Buran\u0131n bir halk k\u00fct\u00fcphanesi olmad\u0131\u011f\u0131n\u0131 ve g\u00f6n\u00fcll\u00fc ki\u015filer ve ara\u015ft\u0131rmac\u0131lar\u0131n s\u0131k geldi\u011fi bir k\u00fct\u00fcphane oldu\u011funu belirten Yaman, &#8220;Hizmet etti\u011fim ki\u015filer daha \u00e7ok akademisyenler ve tarih ara\u015ft\u0131rmac\u0131lar\u0131. 4 ay i\u00e7inde 150 akademisyen ve tarih ara\u015ft\u0131rmac\u0131s\u0131 bizzat gelerek buradan yararlanma imkan\u0131 buldu. \u015eu anda Kayseri&#8217;nin b\u00fct\u00fcn ge\u00e7mi\u015fi bu k\u00fct\u00fcphanede bulunmaktad\u0131r. Foto\u011fraflar\u0131 olsun, belgeleri olsun, tapular\u0131 olsun her \u015feyi bu k\u00fct\u00fcphane i\u00e7erisinde mevcut&#8221; dedi. Yaman, k\u00fct\u00fcphanede bulunan 19 adet Osmanl\u0131ca kitap koleksiyonunun da hi\u00e7 kimsede bulunmad\u0131\u011f\u0131n\u0131 ifade etti.<\/p>\n<p>Kaynak: http:\/\/www.yurthaber.com\/<\/p>\n","protected":false},"excerpt":{"rendered":"<p>Kayseri&#8217;de bulunan Faruk Yaman K\u00fct\u00fcphanesi&#8217;nin T\u00fcrkiye&#8217;nin ilk \u015fahsi k\u00fct\u00fcphanesi oldu\u011fu belirtildi. K\u0131ranard\u0131 beldesinde bulunan Faruk Yaman \u00d6zel K\u00fct\u00fcphanesi&#8217;nin, Kayseri koleksiyonu ve Osmanl\u0131ca kitaplar\u0131 bar\u0131nd\u0131ran ilk \u015fahsa ait \u00f6zel k\u00fct\u00fcphane olma \u00f6zelli\u011fine sahip oldu\u011fu belirtildi. \u0130HA muhabirine a\u00e7\u0131klamada bulunan k\u00fct\u00fcphane sahibi Faruk Yaman, &#8220;K\u00fct\u00fcphanede 30 bin adet kitap mevcut. Bunun 3 bin 200&#8217;\u00fc Kayseri \u00f6zel kitap [&hellip;]<\/p>\n","protected":false},"author":1,"featured_media":0,"comment_status":"open","ping_status":"open","sticky":false,"template":"","format":"standard","meta":{"footnotes":""},"categories":[1],"tags":[],"class_list":["post-1349","post","type-post","status-publish","format-standard","hentry","category-genel"],"_links":{"self":[{"href":"https:\/\/www.bbyhaber.com\/bby\/wp-json\/wp\/v2\/posts\/1349"}],"collection":[{"href":"https:\/\/www.bbyhaber.com\/bby\/wp-json\/wp\/v2\/posts"}],"about":[{"href":"https:\/\/www.bbyhaber.com\/bby\/wp-json\/wp\/v2\/types\/post"}],"author":[{"embeddable":true,"href":"https:\/\/www.bbyhaber.com\/bby\/wp-json\/wp\/v2\/users\/1"}],"replies":[{"embeddable":true,"href":"https:\/\/www.bbyhaber.com\/bby\/wp-json\/wp\/v2\/comments?post=1349"}],"version-history":[{"count":0,"href":"https:\/\/www.bbyhaber.com\/bby\/wp-json\/wp\/v2\/posts\/1349\/revisions"}],"wp:attachment":[{"href":"https:\/\/www.bbyhaber.com\/bby\/wp-json\/wp\/v2\/media?parent=1349"}],"wp:term":[{"taxonomy":"category","embeddable":true,"href":"https:\/\/www.bbyhaber.com\/bby\/wp-json\/wp\/v2\/categories?post=1349"},{"taxonomy":"post_tag","embeddable":true,"href":"https:\/\/www.bbyhaber.com\/bby\/wp-json\/wp\/v2\/tags?post=1349"}],"curies":[{"name":"wp","href":"https:\/\/api.w.org\/{rel}","templated":true}]}}