{"id":13483,"date":"2014-04-10T16:52:52","date_gmt":"2014-04-10T14:52:52","guid":{"rendered":"http:\/\/www.bbyhaber.com\/bby\/?p=13483"},"modified":"2016-03-23T15:20:47","modified_gmt":"2016-03-23T13:20:47","slug":"21-yuzyil-bilgi-yoneticisi-doc-dr-berat-birfin-bir","status":"publish","type":"post","link":"https:\/\/www.bbyhaber.com\/bby\/2014\/04\/10\/21-yuzyil-bilgi-yoneticisi-doc-dr-berat-birfin-bir","title":{"rendered":"21.Y\u00fczy\u0131l Bilgi Y\u00f6neticisi-Do\u00e7.Dr.Berat Birfin Bir"},"content":{"rendered":"<p style=\"text-align: justify;\"><a href=\"http:\/\/www.yerelgundem.com\/uploads\/haberler\/2014\/04\/10\/a4c4092_o.jpg\"><img loading=\"lazy\" decoding=\"async\" class=\"alignleft\" src=\"http:\/\/www.yerelgundem.com\/uploads\/haberler\/2014\/04\/10\/a4c4092_o.jpg\" alt=\"\" width=\"244\" height=\"134\" \/><\/a>50. K\u00fct\u00fcphane Haftas\u0131 nedeniyle \u0130zmir Katip \u00c7elebi \u00dcniversitesi K\u00fct\u00fcphane ve Dok\u00fcmantasyon Daire Ba\u015fkanl\u0131\u011f\u0131nca \u201821.Y\u00fczy\u0131l Bilgi Y\u00f6neticisi\u2019 ba\u015fl\u0131\u011f\u0131nda bir konferans verildi. Marmara \u00dcniversitesi Bilgi ve Belge Y\u00f6netimi B\u00f6l\u00fcm\u00fc \u00d6\u011fretim \u00dcyesi Do\u00e7.Dr.Berat Birfin Bir taraf\u0131ndan verilen konferans\u0131,<!--more--> \u0130zmir Katip \u00c7elebi \u00dcniversitesi Rekt\u00f6r\u00fc Prof.Dr. Galip Akhan, Rekt\u00f6r Yard\u0131mc\u0131lar\u0131 Prof.Dr. \u0130brahim Kocaba\u015f ve Prof.Dr. \u0130brahim Attila Acar, K\u00fct\u00fcphane ve Dok\u00fcmantasyon Daire Ba\u015fkan\u0131 Serhat Dikmen, K\u00fct\u00fcphane ve Dok\u00fcmantasyon \u015eube M\u00fcd\u00fcr\u00fc Yener Kurt, akademik ve idari personel ile \u00f6\u011frenciler izledi.<\/p>\n<p style=\"text-align: justify;\">\u201c\u00c7a\u011f\u0131m\u0131z bilgi teknolojileri \u00e7a\u011f\u0131\u201d<\/p>\n<p style=\"text-align: justify;\">Y\u00f6netici olsun olmas\u0131n herkesin bilgi profesyoneli oldu\u011fu bir \u00e7a\u011f ya\u015fand\u0131\u011f\u0131n\u0131 ifade eden Do\u00e7.Dr.Berat Birfin Bir, ge\u00e7mi\u015ften gelece\u011fe de\u011fi\u015fen bilgi y\u00f6netimi stratejileri ve de\u011ferleri hakk\u0131nda sunum yapt\u0131. Do\u00e7.Dr.Bir, \u201cBilgi ve teknolojinin doruk noktada t\u00fcketildi\u011fi bir \u00e7a\u011fday\u0131z. Hem kurumlar hem ki\u015filer a\u00e7\u0131s\u0131ndan bak\u0131ld\u0131\u011f\u0131nda bilginin kullan\u0131m\u0131n\u0131n \u00f6nemli bir noktada oldu\u011funu g\u00f6rmekteyiz. \u0130\u015f performanslar\u0131n\u0131 olumlu y\u00f6nde artt\u0131rmak i\u00e7in bug\u00fcn bir\u00e7ok holding binas\u0131nda spor merkezleri a\u00e7\u0131l\u0131yor. Alternatif y\u00f6ntemlerin yer ald\u0131\u011f\u0131 Yoga, meditasyonla ilgili merkezler a\u00e7\u0131l\u0131yor. Bu a\u00e7\u0131dan bakt\u0131\u011f\u0131m\u0131zda i\u015f hayat\u0131ndaki verimlili\u011fi artt\u0131rmak i\u00e7in \u00e7e\u015fitli y\u00f6ntemler kullan\u0131l\u0131yor\u201d diye konu\u015ftu.<\/p>\n<p style=\"text-align: justify;\">\u201cUnvanlar al\u0131nd\u0131\u011f\u0131nda tamam art\u0131k geli\u015fmeme gerek yok diyemeyiz\u201d<\/p>\n<p style=\"text-align: justify;\">Lider y\u00f6netici olmak i\u00e7in gereken vas\u0131flar hakk\u0131nda i bilgi veren Do\u00e7.Dr.Bir, ki\u015fisel geli\u015fimin hayat\u0131n her s\u00fcrecinde devam eden bir bilgi ak\u0131\u015f\u0131 oldu\u011funu s\u00f6yledi. Do\u00e7.Dr. Bir, \u201cUnvanlar al\u0131nd\u0131\u011f\u0131nda tamam, benim \u00f6\u011frenmeme geli\u015fmem \u00e7ok da fazla gerek yok diye baz\u0131 ki\u015filer taraf\u0131ndan d\u00fc\u015f\u00fcn\u00fclebilir. Ama bulundu\u011fumuz \u00e7a\u011f \u00f6yle bir \u00e7a\u011f ki; en ufak bir nefes alma aras\u0131 esnas\u0131nda bir\u00e7ok de\u011fi\u015fen dinami\u011fi ka\u00e7\u0131rabilirsiniz. Sistem sizi d\u0131\u015f\u0131na itebilir. Y\u00f6netici olundu diye geli\u015fime nokta koyulmamas\u0131 gerekiyor\u201d dedi.<\/p>\n<p style=\"text-align: justify;\">\u201cSTK\u2019lara zaman ayr\u0131lmal\u0131\u201d<\/p>\n<p style=\"text-align: justify;\">Her ya\u015f grubunda bilgiye duyulan ihtiyac\u0131n de\u011fi\u015fmedi\u011fini \u00f6rneklerle anlatan Do\u00e7.Dr. Bir, \u201cTorunuyla birlikte \u00fcniversiteye giden, yeni bir dil \u00f6\u011frenen, \u00e7ok \u00e7e\u015fitli insanlar g\u00f6r\u00fcyoruz. Bu \u00e7a\u011f\u0131n gerektirdi\u011fi profillerdir. Bunun d\u0131\u015f\u0131nda toplumsal sorumluluk sahibi olabilmek gerekiyor. Sivil toplum kurulu\u015flar\u0131, vak\u0131flar, derneklere zaman ay\u0131rabilmek \u00e7ok \u00f6nemli. Buna alan\u0131 ne olursa olsun, kurumlar \u00e7ok fazla \u00f6nem vermeye ba\u015flad\u0131. Art\u0131k bir\u00e7ok kurum sanat gibi, m\u00fczik gibi faaliyetlere a\u011f\u0131rl\u0131k verebiliyor. De\u011fi\u015fik sosyal projelerin i\u00e7inde yer al\u0131yor. Onlar a\u00e7\u0131s\u0131ndan bak\u0131ld\u0131\u011f\u0131nda yine sonu\u00e7ta k\u00e2r odakl\u0131l\u0131k var. Kurulu\u015flar bu projeler i\u00e7inde yer alarak, vatanda\u015flara daha fazla ula\u015fabilecek, daha yak\u0131n olabilecek isimleri daha \u00e7ok an\u0131labilir olacakt\u0131r. Kar\u015f\u0131l\u0131kl\u0131 bir yarar s\u00f6z konusu\u201d \u015feklinde konu\u015ftu.<\/p>\n<p style=\"text-align: justify;\">\u201cUzmanl\u0131k alanlar\u0131na eklemeler yap\u0131lmal\u0131\u201d<\/p>\n<p style=\"text-align: justify;\">Yeni neslin kariyer hayatlar\u0131na daha fazla art\u0131 kazand\u0131rmak i\u00e7in bir\u00e7ok alanda uzmanl\u0131k kazanabilmek ad\u0131na kendini geli\u015ftirdi\u011fini ifade eden Do\u00e7.Dr. Bir, \u201c G\u00fcn\u00fcm\u00fczde uzmanl\u0131k alanlar\u0131n\u0131za eklemeler yapmak zorundas\u0131n\u0131z. Yeni nesil, mezun olduklar\u0131nda ba\u015fvuru yapacaklar\u0131 kurumlarda daha donan\u0131ml\u0131 bireyler olarak yer edinebilmek i\u00e7in bir\u00e7ok alanda uzmanla\u015fmaya gidiyor. Bu okurken ba\u015fl\u0131yor. Erasmus gibi yurt i\u00e7i yurt d\u0131\u015f\u0131 programlara kat\u0131larak farkl\u0131 dallarda ihtisas yaparak geli\u015fimlerini \u00e7ok g\u00fczel katk\u0131da bulunuyorlar. Bu akademisyenler i\u00e7in de ge\u00e7erli. \u00d6\u011frencilerin her sorusuna verebilecek cevaplar\u0131 en do\u011fru \u015fekilde aktarabilmek ad\u0131na bilgi teknolojilerinin en verimli \u015fekilde kullan\u0131lmas\u0131 gerekiyor\u201d dedi.<\/p>\n<p style=\"text-align: justify;\">Kaynak: http:\/\/www.yerelgundem.com\/<\/p>\n","protected":false},"excerpt":{"rendered":"<p>50. K\u00fct\u00fcphane Haftas\u0131 nedeniyle \u0130zmir Katip \u00c7elebi \u00dcniversitesi K\u00fct\u00fcphane ve Dok\u00fcmantasyon Daire Ba\u015fkanl\u0131\u011f\u0131nca \u201821.Y\u00fczy\u0131l Bilgi Y\u00f6neticisi\u2019 ba\u015fl\u0131\u011f\u0131nda bir konferans verildi. Marmara \u00dcniversitesi Bilgi ve Belge Y\u00f6netimi B\u00f6l\u00fcm\u00fc \u00d6\u011fretim \u00dcyesi Do\u00e7.Dr.Berat Birfin Bir taraf\u0131ndan verilen konferans\u0131,<\/p>\n","protected":false},"author":1,"featured_media":0,"comment_status":"open","ping_status":"open","sticky":false,"template":"","format":"standard","meta":{"footnotes":""},"categories":[1520,299],"tags":[1461],"class_list":["post-13483","post","type-post","status-publish","format-standard","hentry","category-50-kutuphane-haftasi","category-bilgi-yonetimi-2","tag-kutuphane-haftasi"],"_links":{"self":[{"href":"https:\/\/www.bbyhaber.com\/bby\/wp-json\/wp\/v2\/posts\/13483"}],"collection":[{"href":"https:\/\/www.bbyhaber.com\/bby\/wp-json\/wp\/v2\/posts"}],"about":[{"href":"https:\/\/www.bbyhaber.com\/bby\/wp-json\/wp\/v2\/types\/post"}],"author":[{"embeddable":true,"href":"https:\/\/www.bbyhaber.com\/bby\/wp-json\/wp\/v2\/users\/1"}],"replies":[{"embeddable":true,"href":"https:\/\/www.bbyhaber.com\/bby\/wp-json\/wp\/v2\/comments?post=13483"}],"version-history":[{"count":0,"href":"https:\/\/www.bbyhaber.com\/bby\/wp-json\/wp\/v2\/posts\/13483\/revisions"}],"wp:attachment":[{"href":"https:\/\/www.bbyhaber.com\/bby\/wp-json\/wp\/v2\/media?parent=13483"}],"wp:term":[{"taxonomy":"category","embeddable":true,"href":"https:\/\/www.bbyhaber.com\/bby\/wp-json\/wp\/v2\/categories?post=13483"},{"taxonomy":"post_tag","embeddable":true,"href":"https:\/\/www.bbyhaber.com\/bby\/wp-json\/wp\/v2\/tags?post=13483"}],"curies":[{"name":"wp","href":"https:\/\/api.w.org\/{rel}","templated":true}]}}