{"id":13473,"date":"2014-04-09T17:02:10","date_gmt":"2014-04-09T15:02:10","guid":{"rendered":"http:\/\/www.bbyhaber.com\/bby\/?p=13473"},"modified":"2016-03-23T15:20:50","modified_gmt":"2016-03-23T13:20:50","slug":"okuma-ozgurlugu-bildirgesi-yonder-okullari-izmir","status":"publish","type":"post","link":"https:\/\/www.bbyhaber.com\/bby\/2014\/04\/09\/okuma-ozgurlugu-bildirgesi-yonder-okullari-izmir","title":{"rendered":"Okuma \u00d6zg\u00fcrl\u00fc\u011f\u00fc Bildirgesi-Y\u00f6nder Okullar\u0131-\u0130zmir"},"content":{"rendered":"<div style=\"text-align: justify;\"><span style=\"font-family: georgia,serif;\"><span style=\"font-family: georgia,serif;\"><img loading=\"lazy\" decoding=\"async\" class=\"alignleft\" src=\"http:\/\/www.bbyhaber.com\/bby\/wp-content\/uploads\/2014\/04\/okumazozgurlugu.jpg\" alt=\"\" width=\"110\" height=\"89\" \/><a href=\"http:\/\/www.yonderkolejiizmir.com\/index.php\/main\/liste\/id\/26\/detay\/273-okuma-ozgurlugu-bildirgesi\" target=\"_blank\">\u0130zmir Y\u00f6nder Okullar\u0131<\/a> \u00f6\u011frencileri haz\u0131rlad\u0131klar\u0131 \u201cOkuma \u00d6zg\u00fcrl\u00fc\u011f\u00fc Bildirgesi\u201d ile konuyla ilgili t\u00fcm kesimleri hak ve \u00f6zg\u00fcrl\u00fcklere sahip \u00e7\u0131k\u0131p, sorumluluk almaya \u00e7a\u011f\u0131rd\u0131. Bu y\u0131l 50.kez kutlanan K\u00fct\u00fcphane Haftas\u0131\u2019nda toplumla payla\u015f\u0131lmak \u00fczere, okuldaki 1.-7.s\u0131n\u0131f d\u00fczeyindeki t\u00fcm \u00f6\u011frencilerin ve g\u00f6n\u00fcll\u00fc \u00f6\u011fretmenlerin ortak katk\u0131lar\u0131 ile haz\u0131rlanan bildirge;\u00a0 kitap okumak-\u00f6zg\u00fcrl\u00fck ili\u015fkisi ekseninde t\u00fcm kat\u0131lanlar\u0131n ortak bak\u0131\u015f a\u00e7\u0131s\u0131n\u0131 sunarak, ilgili t\u00fcm ki\u015fi ve kurumlara y\u00f6nelik beklentileri i\u00e7eriyor.<!--more-->\u00a0 Bildirge metninden se\u00e7ilen kavramlar ve sembollerden olu\u015fturulan\u00a0 \u201c\u00d6zg\u00fcrl\u00fck A\u011fac\u0131\u201d ise, dile getirilen d\u00fc\u015f\u00fcncelerin g\u00f6rsel olarak alg\u0131lanmas\u0131n\u0131 sa\u011fl\u0131yor.<\/span><\/span>Haz\u0131rlad\u0131klar\u0131 bildirgeyi, 4 Nisan 2014 tarihinde okullar\u0131nda d\u00fczenlenen \u00f6zel bir bulu\u015fma ile di\u011fer \u00f6\u011frenciler ve ailelerle payla\u015fan \u00f6\u011frenciler; \u201cisteyen herkesin, her zaman ve her ortamda, istedi\u011fi bi\u00e7imde, kendi istek ve tercihi ile, diledi\u011fi t\u00fcr ve konuda okuyabilmesi ve okuduklar\u0131n\u0131 hi\u00e7bir k\u0131s\u0131tlama olmadan payla\u015fabilmesi gerekti\u011fine\u201d dikkat \u00e7ekerek;\u00a0 yasaklar\u0131n, sans\u00fcr\u00fcn, bilgiye eri\u015fim engellerinin olmad\u0131\u011f\u0131 daha \u00f6zg\u00fcr ve ya\u015fanabilir bir T\u00fcrkiye istediklerini dile getirdiler.<\/p>\n<p>Okuma \u00f6zg\u00fcrl\u00fc\u011f\u00fcn\u00fcn geli\u015fmesi ad\u0131na, devlet y\u00f6neticilerinden, yazarlara, k\u00fct\u00fcphanelere ve uluslararas\u0131 topluma kadar uzanan sorumluluklar ve beklentilerin de yer ald\u0131\u011f\u0131 bildirgede; kitap arkada\u015fl\u0131\u011f\u0131, do\u011fal afet b\u00f6lgelerine gezici k\u00fct\u00fcphaneler, 24 saat a\u00e7\u0131k n\u00f6bet\u00e7i k\u00fct\u00fcphaneler, kitap sat\u0131\u015flar\u0131nda \u00e7ocuk ve gen\u00e7lik indirimi, engelliler i\u00e7in i\u015faret dilli kitaplar ve uluslararas\u0131 okuma \u00f6zg\u00fcrl\u00fc\u011f\u00fc \u00f6d\u00fcl\u00fc olu\u015fturulmas\u0131 gibi \u00f6zg\u00fcn \u00f6neriler yer al\u0131yor.\u00a0 Gen\u00e7ler;\u00a0 aile ve okullardan da kitap okumay\u0131 sevdirmeye y\u00f6nelik yakla\u015f\u0131mlar sergilemelerini, \u00e7ocuk ve gen\u00e7lerin kitap okumayla ilgili tercilerine sayg\u0131 duymalar\u0131n\u0131 ve okumay\u0131 bir cezaland\u0131rma y\u00f6ntemi olarak g\u00f6rme anlay\u0131\u015f\u0131ndan vazge\u00e7ilmesini gerekti\u011fini belirttiler.<\/p>\n<p>\u00d6\u011frencilerinin y\u00fcr\u00fctt\u00fckleri \u00e7al\u0131\u015fmalar hakk\u0131nda bilgi veren\u00a0 \u0130zmir Y\u00f6nder Okullar\u0131 E\u011fitim Lider Yard\u0131mc\u0131s\u0131 Arzu Eralp; \u00e7ocuk ve gen\u00e7lerimizin hak ve \u00f6zg\u00fcrl\u00fckler\u00a0 ile sorumluluklara\u00a0 y\u00f6nelik fark\u0131ndal\u0131klar\u0131n\u0131 geli\u015ftirmeye \u00f6zel \u00f6nem verdiklerini, bu t\u00fcr projeleri desteklediklerini\u00a0 belirterek,\u201c\u00f6\u011frencilerimiz haz\u0131rlad\u0131klar\u0131 bu bildirge ile; i\u015fbirli\u011fi, ortak ak\u0131l olu\u015fturma ve vatanda\u015fl\u0131k bilinci geli\u015ftirme gibi yakla\u015f\u0131mlar\u0131 ortaya koydular, hem de okulumuzun benimsedi\u011fi kendi s\u00f6z\u00fcn\u00fc s\u00f6yleyen \u00e7ocuklar yeti\u015ftirmek ilkemizin ya\u015fam bulmas\u0131n\u0131 sa\u011flad\u0131lar\u201d dedi.<\/p>\n<p>\u00dclkemizdeki bas\u0131n ve medya kurulu\u015flar\u0131, sivil toplum \u00f6rg\u00fctleri ve ilgili t\u00fcm kesimlere g\u00f6nderilecek olan \u201cOkuma \u00d6zg\u00fcrl\u00fc\u011f\u00fc Bildirgesi\u201d,\u00a0 \u0130ngilizce ve \u0130spanyolca\u2019ya \u00e7evrilerek uluslararas\u0131 toplum ve kurulu\u015flarla da payla\u015f\u0131lacak.<\/p>\n<\/div>\n<p style=\"text-align: justify;\"><a href=\"http:\/\/www.bbyhaber.com\/bby\/wp-content\/uploads\/2014\/04\/okumazozgurlugu1.jpg\"><img loading=\"lazy\" decoding=\"async\" class=\"alignnone\" src=\"http:\/\/www.bbyhaber.com\/bby\/wp-content\/uploads\/2014\/04\/okumazozgurlugu1.jpg\" alt=\"\" width=\"150\" height=\"150\" \/><\/a> <a href=\"http:\/\/www.bbyhaber.com\/bby\/wp-content\/uploads\/2014\/04\/okumazozgurlugu2.jpg\"><img loading=\"lazy\" decoding=\"async\" class=\"alignnone\" src=\"http:\/\/www.bbyhaber.com\/bby\/wp-content\/uploads\/2014\/04\/okumazozgurlugu2.jpg\" alt=\"\" width=\"150\" height=\"150\" \/><\/a> <a href=\"http:\/\/www.bbyhaber.com\/bby\/wp-content\/uploads\/2014\/04\/okumazozgurlugu3.jpg\"><img loading=\"lazy\" decoding=\"async\" class=\"alignnone\" src=\"http:\/\/www.bbyhaber.com\/bby\/wp-content\/uploads\/2014\/04\/okumazozgurlugu3.jpg\" alt=\"\" width=\"150\" height=\"150\" \/><\/a><\/p>\n","protected":false},"excerpt":{"rendered":"<p>\u0130zmir Y\u00f6nder Okullar\u0131 \u00f6\u011frencileri haz\u0131rlad\u0131klar\u0131 \u201cOkuma \u00d6zg\u00fcrl\u00fc\u011f\u00fc Bildirgesi\u201d ile konuyla ilgili t\u00fcm kesimleri hak ve \u00f6zg\u00fcrl\u00fcklere sahip \u00e7\u0131k\u0131p, sorumluluk almaya \u00e7a\u011f\u0131rd\u0131. Bu y\u0131l 50.kez kutlanan K\u00fct\u00fcphane Haftas\u0131\u2019nda toplumla payla\u015f\u0131lmak \u00fczere, okuldaki 1.-7.s\u0131n\u0131f d\u00fczeyindeki t\u00fcm \u00f6\u011frencilerin ve g\u00f6n\u00fcll\u00fc \u00f6\u011fretmenlerin ortak katk\u0131lar\u0131 ile haz\u0131rlanan bildirge;\u00a0 kitap okumak-\u00f6zg\u00fcrl\u00fck ili\u015fkisi ekseninde t\u00fcm kat\u0131lanlar\u0131n ortak bak\u0131\u015f a\u00e7\u0131s\u0131n\u0131 sunarak, ilgili t\u00fcm [&hellip;]<\/p>\n","protected":false},"author":1,"featured_media":0,"comment_status":"open","ping_status":"open","sticky":false,"template":"","format":"standard","meta":{"footnotes":""},"categories":[1520],"tags":[1461,845],"class_list":["post-13473","post","type-post","status-publish","format-standard","hentry","category-50-kutuphane-haftasi","tag-kutuphane-haftasi","tag-okul-kutuphaneleri"],"_links":{"self":[{"href":"https:\/\/www.bbyhaber.com\/bby\/wp-json\/wp\/v2\/posts\/13473"}],"collection":[{"href":"https:\/\/www.bbyhaber.com\/bby\/wp-json\/wp\/v2\/posts"}],"about":[{"href":"https:\/\/www.bbyhaber.com\/bby\/wp-json\/wp\/v2\/types\/post"}],"author":[{"embeddable":true,"href":"https:\/\/www.bbyhaber.com\/bby\/wp-json\/wp\/v2\/users\/1"}],"replies":[{"embeddable":true,"href":"https:\/\/www.bbyhaber.com\/bby\/wp-json\/wp\/v2\/comments?post=13473"}],"version-history":[{"count":0,"href":"https:\/\/www.bbyhaber.com\/bby\/wp-json\/wp\/v2\/posts\/13473\/revisions"}],"wp:attachment":[{"href":"https:\/\/www.bbyhaber.com\/bby\/wp-json\/wp\/v2\/media?parent=13473"}],"wp:term":[{"taxonomy":"category","embeddable":true,"href":"https:\/\/www.bbyhaber.com\/bby\/wp-json\/wp\/v2\/categories?post=13473"},{"taxonomy":"post_tag","embeddable":true,"href":"https:\/\/www.bbyhaber.com\/bby\/wp-json\/wp\/v2\/tags?post=13473"}],"curies":[{"name":"wp","href":"https:\/\/api.w.org\/{rel}","templated":true}]}}