{"id":1347,"date":"2010-01-27T19:37:30","date_gmt":"2010-01-27T19:37:30","guid":{"rendered":"http:\/\/www.bbyhaber.com\/bby\/?p=1347"},"modified":"2011-11-19T19:39:12","modified_gmt":"2011-11-19T19:39:12","slug":"gaziantep-ticaret-odasindan-cezaevi-kutuphanesine-kitap-yardimi","status":"publish","type":"post","link":"https:\/\/www.bbyhaber.com\/bby\/2010\/01\/27\/gaziantep-ticaret-odasindan-cezaevi-kutuphanesine-kitap-yardimi","title":{"rendered":"Gaziantep Ticaret Odas\u0131&#8217;ndan Cezaevi K\u00fct\u00fcphanesine Kitap Yard\u0131m\u0131"},"content":{"rendered":"<p style=\"text-align: justify;\">Gaziantep Ticaret Odas\u0131 (GTO) taraf\u0131ndan Gaziantep E-Tipi Cezaevi k\u00fct\u00fcphanesine kitap ba\u011f\u0131\u015f\u0131nda bulunuldu. Ba\u011f\u0131\u015flanan kitaplar, GTO Egitim Komisyonu Baskani Adil Erturhan baskanligindaki komisyon \u00fcyeleri tarafindan Cezaevi M\u00fcd\u00fcr\u00fc Kazim Kaya&#8217;ya teslim edildi. GTO Y\u00f6netim Kurulu Baskani Mehmet Aslan, cezaevinde bulunan mahkumlarin zamanlarini en iyi sekilde degerlendirebilmelerine olanak saglamak amaciyla kitap bagisini ger\u00e7eklestirdiklerini s\u00f6yledi. Baskan Aslan, kitap bagisinin yani sira Oda olarak cezaevinde bulunan 3 at\u00f6lyenin bakimini yaptirdiklarini ve bu dersliklerde mahkumlara y\u00f6nelik berberlik,<\/p>\n<p>kuaf\u00f6rl\u00fck ve \u00fct\u00fcc\u00fcl\u00fck egitimlerinin verilecegini belirterek, &#8220;Bu konuyla ilgili olarak ISKUR&#8217;a bir proje sunuldu. Projenin onaylanmasi durumunda kisa s\u00fcrede egitimlere baslanacak ve meslek sahibi olmayan mahkumlarin meslek sahibi olmalarina olanak saglanacak&#8221; dedi.<\/p>\n<p>Cezaevi M\u00fcd\u00fcr\u00fc Kazim Kaya, g\u00f6sterilen duyarl\u0131l\u0131\u011fa te\u015fekk\u00fcr ederek, &#8220;Burada bulunan mahkumlarin sosyal yasamdan kopmamalari ve cezalarini tamamlayip tahliye olduklarinda topluma adaptasyonda zorlanmamalari i\u00e7in elimizden gelen gayreti g\u00f6steriyoruz. Gaziantep Ticaret Odas\u0131&#8217;n\u0131n bu duyarl\u0131l\u0131\u011f\u0131n\u0131n t\u00fcm kurum ve kuruluslara \u00f6rnek olmasini umuyoruz&#8221; diye konustu.<\/p>\n<p>Kaynak: http:\/\/gaziantep.haberleri.com\/<\/p>\n","protected":false},"excerpt":{"rendered":"<p>Gaziantep Ticaret Odas\u0131 (GTO) taraf\u0131ndan Gaziantep E-Tipi Cezaevi k\u00fct\u00fcphanesine kitap ba\u011f\u0131\u015f\u0131nda bulunuldu. Ba\u011f\u0131\u015flanan kitaplar, GTO Egitim Komisyonu Baskani Adil Erturhan baskanligindaki komisyon \u00fcyeleri tarafindan Cezaevi M\u00fcd\u00fcr\u00fc Kazim Kaya&#8217;ya teslim edildi. GTO Y\u00f6netim Kurulu Baskani Mehmet Aslan, cezaevinde bulunan mahkumlarin zamanlarini en iyi sekilde degerlendirebilmelerine olanak saglamak amaciyla kitap bagisini ger\u00e7eklestirdiklerini s\u00f6yledi. Baskan Aslan, kitap bagisinin [&hellip;]<\/p>\n","protected":false},"author":1,"featured_media":0,"comment_status":"open","ping_status":"open","sticky":false,"template":"","format":"standard","meta":{"footnotes":""},"categories":[1],"tags":[114],"class_list":["post-1347","post","type-post","status-publish","format-standard","hentry","category-genel","tag-cezaevi-kutuphane"],"_links":{"self":[{"href":"https:\/\/www.bbyhaber.com\/bby\/wp-json\/wp\/v2\/posts\/1347"}],"collection":[{"href":"https:\/\/www.bbyhaber.com\/bby\/wp-json\/wp\/v2\/posts"}],"about":[{"href":"https:\/\/www.bbyhaber.com\/bby\/wp-json\/wp\/v2\/types\/post"}],"author":[{"embeddable":true,"href":"https:\/\/www.bbyhaber.com\/bby\/wp-json\/wp\/v2\/users\/1"}],"replies":[{"embeddable":true,"href":"https:\/\/www.bbyhaber.com\/bby\/wp-json\/wp\/v2\/comments?post=1347"}],"version-history":[{"count":0,"href":"https:\/\/www.bbyhaber.com\/bby\/wp-json\/wp\/v2\/posts\/1347\/revisions"}],"wp:attachment":[{"href":"https:\/\/www.bbyhaber.com\/bby\/wp-json\/wp\/v2\/media?parent=1347"}],"wp:term":[{"taxonomy":"category","embeddable":true,"href":"https:\/\/www.bbyhaber.com\/bby\/wp-json\/wp\/v2\/categories?post=1347"},{"taxonomy":"post_tag","embeddable":true,"href":"https:\/\/www.bbyhaber.com\/bby\/wp-json\/wp\/v2\/tags?post=1347"}],"curies":[{"name":"wp","href":"https:\/\/api.w.org\/{rel}","templated":true}]}}