{"id":13468,"date":"2014-04-09T13:37:51","date_gmt":"2014-04-09T11:37:51","guid":{"rendered":"http:\/\/www.bbyhaber.com\/bby\/?p=13468"},"modified":"2014-04-09T13:38:04","modified_gmt":"2014-04-09T11:38:04","slug":"kitaplar-insan-derisinden","status":"publish","type":"post","link":"https:\/\/www.bbyhaber.com\/bby\/2014\/04\/09\/kitaplar-insan-derisinden","title":{"rendered":"Kitaplar insan derisinden"},"content":{"rendered":"<p style=\"text-align: justify;\"><a href=\"http:\/\/www.bbyhaber.com\/bby\/wp-content\/uploads\/2014\/04\/insan-derisinden-kitap2.jpg\"><img loading=\"lazy\" decoding=\"async\" class=\"alignleft\" src=\"http:\/\/www.bbyhaber.com\/bby\/wp-content\/uploads\/2014\/04\/insan-derisinden-kitap2.jpg\" alt=\"\" width=\"212\" height=\"150\" \/><\/a>Harvard \u00dcniversitesi\u2019nin k\u00fct\u00fcphanesinde tuhaf g\u00f6r\u00fcn\u00fcml\u00fc deri kaplar\u0131 olan \u00fc\u00e7 kitapla ilgili yap\u0131lan ara\u015ft\u0131rma sonucunda, kitaplar\u0131n insan derisiyle kapl\u0131 oldu\u011fu ortaya \u00e7\u0131kt\u0131. Roadtrippers&#8217;\u0131n haberine g\u00f6re; ABD&#8217;de bulunan Harvard \u00dcniversitesi&#8217;nin k\u00fct\u00fcphanesinde birka\u00e7 y\u0131l \u00f6nce tuhaf g\u00f6r\u00fcn\u00fcml\u00fc deri kaplar\u0131 olan \u00fc\u00e7 kitap fark edildi. Harvard \u00dcniversitesi bu kitaplar\u0131 incelemeye ald\u0131 ve yap\u0131lan ara\u015ft\u0131rmalar sonucunda kitap kapaklar\u0131n\u0131n insan derisiyle kapl\u0131 oldu\u011funu tespit etti.<!--more--><\/p>\n<p style=\"text-align: justify;\">Hatta kitaplardan birinin cildi, halen hayattayken derisi y\u00fcz\u00fclm\u00fc\u015f bir adamdan geliyordu. Asl\u0131nda kitaplar\u0131n insan derisiyle ciltlenmesi 17. y\u00fczy\u0131lda olduk\u00e7a pop\u00fcler bir uygulamayd\u0131. Antropodermik kitap cilt\u00e7ili\u011fi \u015feklinde adland\u0131r\u0131lan bu uygulama, anatomi ders kitaplar\u0131nda yayg\u0131n \u015fekilde kullan\u0131l\u0131rd\u0131. T\u0131p mesle\u011fiyle u\u011fra\u015fan ki\u015filer genelde \u00fczerinde \u00e7al\u0131\u015ft\u0131klar\u0131 kadavralar\u0131n tenlerini kullan\u0131rlard\u0131. Harvard&#8217;daki bu \u00fcrpertici kitaplardan birinin i\u00e7inde Roma \u015fiir sanat\u0131, di\u011ferinin i\u00e7inde Frans\u0131z felsefesi ve \u00fc\u00e7\u00fcnc\u00fcs\u00fcn\u00fcn i\u00e7inde de orta\u00e7a\u011f \u0130spanyol hukukuna ili\u015fkin bir tez yer al\u0131yor.<\/p>\n<p style=\"text-align: justify;\"><strong>Fransa&#8217;n\u0131n anayasas\u0131da insan derisinden!<\/strong><\/p>\n<p style=\"text-align: justify;\">Fransa&#8217;n\u0131n ilk yaz\u0131l\u0131 anayasas\u0131 olan 1791 Anayasas\u0131&#8217;n\u0131n ilk kitab\u0131 da insan derisiyle kaplanm\u0131\u015ft\u0131. Bilim Adam\u0131 Tar\u0131k Zafer Tunaya, &#8220;\u0130nsan Derisiyle Kapl\u0131 Anayasa&#8221; isimli kitab\u0131nda Fransa&#8217;n\u0131n bu ilgin\u00e7 kapl\u0131 anayasas\u0131ndan s\u00f6z etmi\u015fti.<\/p>\n<p><a href=\"http:\/\/www.bbyhaber.com\/bby\/wp-content\/uploads\/2014\/04\/insan-derisinden-kitap1.jpg\"><img loading=\"lazy\" decoding=\"async\" class=\"alignnone\" src=\"http:\/\/www.bbyhaber.com\/bby\/wp-content\/uploads\/2014\/04\/insan-derisinden-kitap1.jpg\" alt=\"\" width=\"150\" height=\"150\" \/><\/a> <a href=\"http:\/\/www.bbyhaber.com\/bby\/wp-content\/uploads\/2014\/04\/insan-derisinden-kitap3.jpg\"><img loading=\"lazy\" decoding=\"async\" class=\"alignnone\" src=\"http:\/\/www.bbyhaber.com\/bby\/wp-content\/uploads\/2014\/04\/insan-derisinden-kitap3.jpg\" alt=\"\" width=\"150\" height=\"150\" \/><\/a> <a href=\"http:\/\/www.bbyhaber.com\/bby\/wp-content\/uploads\/2014\/04\/insan-derisinden-kitap4.jpg\"><img loading=\"lazy\" decoding=\"async\" class=\"alignnone\" src=\"http:\/\/www.bbyhaber.com\/bby\/wp-content\/uploads\/2014\/04\/insan-derisinden-kitap4.jpg\" alt=\"\" width=\"150\" height=\"150\" \/><\/a><\/p>\n<p>Kaynak: http:\/\/www.milliyet.com.tr\/<\/p>\n","protected":false},"excerpt":{"rendered":"<p>Harvard \u00dcniversitesi\u2019nin k\u00fct\u00fcphanesinde tuhaf g\u00f6r\u00fcn\u00fcml\u00fc deri kaplar\u0131 olan \u00fc\u00e7 kitapla ilgili yap\u0131lan ara\u015ft\u0131rma sonucunda, kitaplar\u0131n insan derisiyle kapl\u0131 oldu\u011fu ortaya \u00e7\u0131kt\u0131. Roadtrippers&#8217;\u0131n haberine g\u00f6re; ABD&#8217;de bulunan Harvard \u00dcniversitesi&#8217;nin k\u00fct\u00fcphanesinde birka\u00e7 y\u0131l \u00f6nce tuhaf g\u00f6r\u00fcn\u00fcml\u00fc deri kaplar\u0131 olan \u00fc\u00e7 kitap fark edildi. Harvard \u00dcniversitesi bu kitaplar\u0131 incelemeye ald\u0131 ve yap\u0131lan ara\u015ft\u0131rmalar sonucunda kitap kapaklar\u0131n\u0131n insan derisiyle [&hellip;]<\/p>\n","protected":false},"author":1,"featured_media":0,"comment_status":"open","ping_status":"open","sticky":false,"template":"","format":"standard","meta":{"footnotes":""},"categories":[1],"tags":[1410],"class_list":["post-13468","post","type-post","status-publish","format-standard","hentry","category-genel","tag-uluslararasi-kutuphane-haberleri"],"_links":{"self":[{"href":"https:\/\/www.bbyhaber.com\/bby\/wp-json\/wp\/v2\/posts\/13468"}],"collection":[{"href":"https:\/\/www.bbyhaber.com\/bby\/wp-json\/wp\/v2\/posts"}],"about":[{"href":"https:\/\/www.bbyhaber.com\/bby\/wp-json\/wp\/v2\/types\/post"}],"author":[{"embeddable":true,"href":"https:\/\/www.bbyhaber.com\/bby\/wp-json\/wp\/v2\/users\/1"}],"replies":[{"embeddable":true,"href":"https:\/\/www.bbyhaber.com\/bby\/wp-json\/wp\/v2\/comments?post=13468"}],"version-history":[{"count":0,"href":"https:\/\/www.bbyhaber.com\/bby\/wp-json\/wp\/v2\/posts\/13468\/revisions"}],"wp:attachment":[{"href":"https:\/\/www.bbyhaber.com\/bby\/wp-json\/wp\/v2\/media?parent=13468"}],"wp:term":[{"taxonomy":"category","embeddable":true,"href":"https:\/\/www.bbyhaber.com\/bby\/wp-json\/wp\/v2\/categories?post=13468"},{"taxonomy":"post_tag","embeddable":true,"href":"https:\/\/www.bbyhaber.com\/bby\/wp-json\/wp\/v2\/tags?post=13468"}],"curies":[{"name":"wp","href":"https:\/\/api.w.org\/{rel}","templated":true}]}}