{"id":13462,"date":"2014-04-08T23:06:23","date_gmt":"2014-04-08T21:06:23","guid":{"rendered":"http:\/\/www.bbyhaber.com\/bby\/?p=13462"},"modified":"2014-04-24T23:51:16","modified_gmt":"2014-04-24T20:51:16","slug":"17-internet-haftasi-07-20-nisan-2014","status":"publish","type":"post","link":"https:\/\/www.bbyhaber.com\/bby\/2014\/04\/08\/17-internet-haftasi-07-20-nisan-2014","title":{"rendered":"17.\u0130nternet Haftas\u0131- 07-20 Nisan 2014"},"content":{"rendered":"<p style=\"text-align: justify;\"><strong>T\u00fcrkiye \u0130nterneti 12 Nisan&#8217;da 21. y\u0131l\u0131n\u0131 doldurmu\u015f olacak<\/strong>. T\u00fcrkiye \u0130nternet Kamuoyunu, <strong>7-20 Nisan&#8217;da<\/strong> ger\u00e7ekle\u015fecek <a href=\"http:\/\/internethaftasi.org.tr\/\" target=\"_blank\"><strong>17. \u0130nternet Haftas\u0131<\/strong><\/a>n\u0131 bir \u015fenlik havas\u0131nda t\u00fcm \u00fclkede internetin 21 ya\u015f\u0131n\u0131 kutlamaya \u00e7a\u011f\u0131r\u0131yoruz. T\u00fcm kesimlerden; \u00dcniversiteler, Ticaret ve Sanayi Odalar\u0131, \u00c7ift\u00e7i Birlikleri, Ziraat Odalar\u0131, M\u00fchendis Odalar\u0131, Barolar, Tabip Odalar\u0131, Bankalar Birli\u011fi, Noterler Birli\u011fi, Organize Sanayi B\u00f6lgeleri, Yerel Y\u00f6netimler, \u0130nternet Cafeler, Okullar, Kaymakaml\u0131klar, Valilikler, Bakanl\u0131klar, t\u00fcm kamu y\u00f6netimi, \u00f6zel sekt\u00f6r, internet \u015firketleri, Bili\u015fim\/Bilgi\/\u0130leti\u015fim STK&#8217;lar\u0131, Demokratik Kitle \u00d6rg\u00fctleri,<!--more--> Bili\u015fim Kl\u00fcpleri, T\u00fcm Medya Kurulu\u015flar\u0131n\u0131, Bireyleri bu \u0130nternet Haftas\u0131n\u0131 t\u00fcm \u00fclkeyi saran bir \u0130nternet \u015eenli\u011fine, Bilgi Toplumu, e-d\u00f6n\u00fc\u015f\u00fcm, e-t\u00fcrkiye ve e-devlet kavramlar\u0131n\u0131n geni\u015f kitlelerle tan\u0131\u015ft\u0131r\u0131ld\u0131\u011f\u0131 bir \u0130nternet ve Bili\u015fim F\u0131rt\u0131nas\u0131na d\u00f6nd\u00fcrmeye \u00e7a\u011f\u0131r\u0131yoruz.<\/p>\n<p style=\"text-align: justify;\">\u0130nternet Haftas\u0131 toplumda internet k\u00fclt\u00fcr\u00fcn\u00fc yaymak, internet bilincini yaratmak, interneti tan\u0131tmak, b\u00fcy\u00fctmek, yeni projeler ba\u015flatmak, sorunlar\u0131 ve \u00e7\u00f6z\u00fcm yollar\u0131n\u0131 tart\u0131\u015fmak, k\u0131saca interneti T\u00fcrkiye g\u00fcndemine yerle\u015ftirmeyi ama\u00e7lamaktad\u0131r. T\u00fcrkiye internetinin g\u00fcndemindeki sorunlar\u0131 tart\u0131\u015fmak, \u00f6zellikle y\u00f6neti\u015fim, yasal d\u00fczenlemeler, serbestle\u015fme, internet ve telekom sekt\u00f6r\u00fcn\u00fcn geli\u015fimi, i\u015f ya\u015fam\u0131, e\u011fitim, k\u00fclt\u00fcr ve demokrasi boyutlar\u0131n\u0131 g\u00fcndeme getirmek; bireysel g\u00fcvenlik, internetin g\u00fcvenli kullan\u0131m\u0131, mahremiyet, bilgi g\u00fcvenli\u011fi, sosyal a\u011flar, ve Bilgi Toplumu kavramlar\u0131yla t\u00fcm toplumu tan\u0131\u015ft\u0131rmak, bu \u0130nternet Haftas\u0131 i\u00e7in se\u00e7ti\u011fimiz \u00f6nemli bir hedeftir. Bu kapsamda yukar\u0131da sayd\u0131\u011f\u0131m\u0131z t\u00fcm kurumlar, \u00f6rg\u00fctler, firmalar, yerel y\u00f6netimler ve bireylerden bu etkinliklere katk\u0131da bulunmalar\u0131n\u0131 bekliyoruz. Bu etkinlikleri, t\u00fcm T\u00fcrkiye&#8217;ye yaymak istiyoruz. T\u00fcm il\u00e7elerde, t\u00fcm okullarda, t\u00fcm belediyelerde, ziraat odalar\u0131nda, ticaret ve sanayi odalar\u0131nda, organize sanayi b\u00f6lgesinde, halk k\u00fct\u00fcphanesinde bir etkinlik yap\u0131ls\u0131n istiyoruz. \u0130nternetin \u00f6nemine inanm\u0131\u015f her ki\u015fi ve kurumu bu \u00e7orbaya kendi olanaklar\u0131 \u00f6l\u00e7\u00fcs\u00fcnde katk\u0131da bulunmaya \u00e7a\u011f\u0131r\u0131yoruz.<\/p>\n","protected":false},"excerpt":{"rendered":"<p>T\u00fcrkiye \u0130nterneti 12 Nisan&#8217;da 21. y\u0131l\u0131n\u0131 doldurmu\u015f olacak. T\u00fcrkiye \u0130nternet Kamuoyunu, 7-20 Nisan&#8217;da ger\u00e7ekle\u015fecek 17. \u0130nternet Haftas\u0131n\u0131 bir \u015fenlik havas\u0131nda t\u00fcm \u00fclkede internetin 21 ya\u015f\u0131n\u0131 kutlamaya \u00e7a\u011f\u0131r\u0131yoruz. T\u00fcm kesimlerden; \u00dcniversiteler, Ticaret ve Sanayi Odalar\u0131, \u00c7ift\u00e7i Birlikleri, Ziraat Odalar\u0131, M\u00fchendis Odalar\u0131, Barolar, Tabip Odalar\u0131, Bankalar Birli\u011fi, Noterler Birli\u011fi, Organize Sanayi B\u00f6lgeleri, Yerel Y\u00f6netimler, \u0130nternet Cafeler, Okullar, [&hellip;]<\/p>\n","protected":false},"author":1,"featured_media":0,"comment_status":"open","ping_status":"open","sticky":false,"template":"","format":"standard","meta":{"footnotes":""},"categories":[],"tags":[1395,281],"class_list":["post-13462","post","type-post","status-publish","format-standard","hentry","tag-bby-mesleki-etkinlikler-arsivi","tag-internet-haftasi"],"_links":{"self":[{"href":"https:\/\/www.bbyhaber.com\/bby\/wp-json\/wp\/v2\/posts\/13462"}],"collection":[{"href":"https:\/\/www.bbyhaber.com\/bby\/wp-json\/wp\/v2\/posts"}],"about":[{"href":"https:\/\/www.bbyhaber.com\/bby\/wp-json\/wp\/v2\/types\/post"}],"author":[{"embeddable":true,"href":"https:\/\/www.bbyhaber.com\/bby\/wp-json\/wp\/v2\/users\/1"}],"replies":[{"embeddable":true,"href":"https:\/\/www.bbyhaber.com\/bby\/wp-json\/wp\/v2\/comments?post=13462"}],"version-history":[{"count":0,"href":"https:\/\/www.bbyhaber.com\/bby\/wp-json\/wp\/v2\/posts\/13462\/revisions"}],"wp:attachment":[{"href":"https:\/\/www.bbyhaber.com\/bby\/wp-json\/wp\/v2\/media?parent=13462"}],"wp:term":[{"taxonomy":"category","embeddable":true,"href":"https:\/\/www.bbyhaber.com\/bby\/wp-json\/wp\/v2\/categories?post=13462"},{"taxonomy":"post_tag","embeddable":true,"href":"https:\/\/www.bbyhaber.com\/bby\/wp-json\/wp\/v2\/tags?post=13462"}],"curies":[{"name":"wp","href":"https:\/\/api.w.org\/{rel}","templated":true}]}}