{"id":13452,"date":"2014-04-08T19:28:18","date_gmt":"2014-04-08T17:28:18","guid":{"rendered":"http:\/\/www.bbyhaber.com\/bby\/?p=13452"},"modified":"2014-05-02T09:31:22","modified_gmt":"2014-05-02T06:31:22","slug":"kutuphan-e-turkiye-projesi-tanitildi","status":"publish","type":"post","link":"https:\/\/www.bbyhaber.com\/bby\/2014\/04\/08\/kutuphan-e-turkiye-projesi-tanitildi","title":{"rendered":"K\u00fct\u00fcphan-e T\u00fcrkiye Projesi Tan\u0131t\u0131ld\u0131"},"content":{"rendered":"<p style=\"text-align: justify;\">Toplumun dezavantajl\u0131 bireylerine, halk k\u00fct\u00fcphaneleri vas\u0131tas\u0131yla \u00fccretsiz internet hizmeti sunarak toplumdaki &#8220;say\u0131sal b\u00f6l\u00fcnme&#8221;yi azaltmay\u0131 hedefleyen &#8220;K\u00fct\u00fcphan-e T\u00fcrkiye Projesi&#8221;nin ulusal tan\u0131t\u0131m t\u00f6reni 4 Nisan 2014 tarihinde Milli K\u00fct\u00fcphane&#8217;de ger\u00e7ekle\u015ftirildi. T.C. Cumhurba\u015fkanl\u0131\u011f\u0131\u2019n\u0131n himayelerinde, K\u00fclt\u00fcr ve Turizm Bakanl\u0131\u011f\u0131 K\u00fct\u00fcphaneler ve Yay\u0131mlar Genel M\u00fcd\u00fcrl\u00fc\u011f\u00fc ile Hacettepe<!--more--> \u00dcniversitesi Teknokent Teknoloji Transfer Merkezi\u2019nin \u00a0i\u015fbirli\u011finde y\u00fcr\u00fct\u00fclen; Bill ve Melinda Gates Vakf\u0131\u2019nca desteklenen <strong>K\u00fct\u00fcphan-e T\u00fcrkiye Projesi<\/strong>, toplumun dezavantajl\u0131 (ya\u015fl\u0131, sakat, i\u015fsiz, d\u00fc\u015f\u00fck gelirli ve yetersiz e\u011fitimli) bireylerine, halk k\u00fct\u00fcphaneleri vas\u0131tas\u0131yla \u00fccretsiz internet hizmeti sunarak toplumdaki \u201csay\u0131sal b\u00f6l\u00fcnme\u201dyi azaltmay\u0131 hedeflemektedir.<\/p>\n<p style=\"text-align: justify;\">Bas\u0131n toplant\u0131s\u0131na Bill ve Melinda Gates Vakf\u0131 ad\u0131na K\u00fcresel K\u00fct\u00fcphaneler Giri\u015fimi Direkt\u00f6r\u00fc Say\u0131n Deborah Jacobs, K\u00fclt\u00fcr ve Turizm Bakanl\u0131\u011f\u0131 ad\u0131na K\u00fct\u00fcphaneler ve Yay\u0131mlar Genel M\u00fcd\u00fcr\u00fc Say\u0131n Hamdi Tur\u015fucu, Hacettepe \u00dcniversitesi ad\u0131na Rekt\u00f6r Yard\u0131mc\u0131s\u0131 Say\u0131n Prof. Dr. Cem Sara\u00e7, T\u00fcrk K\u00fct\u00fcphaneciler Derne\u011fi ad\u0131na Genel Sekreter Dr. Burcu Bulut ve K\u00fct\u00fcphan-e T\u00fcrkiye Projesi ad\u0131na proje y\u00f6neticisi Say\u0131n Prof. Dr. Mehmet Emin K\u00fc\u00e7\u00fck kat\u0131lm\u0131\u015flard\u0131r.<\/p>\n<p style=\"text-align: justify;\"><a href=\"http:\/\/www.kutuphaneturkiye.org.tr\/\" target=\"_blank\"><span style=\"color: #0000ff;\">K\u00fct\u00fcphan-e T\u00fcrkiye Web Sayfas\u0131<\/span><\/a><\/p>\n<p style=\"text-align: justify;\"><a href=\"https:\/\/twitter.com\/Kutuphane_TR\" target=\"_blank\"><span style=\"color: #0000ff;\">K\u00fct\u00fcphan-e T\u00fcrkiye Twitter<\/span><\/a><\/p>\n<p style=\"text-align: justify;\"><a href=\"https:\/\/www.facebook.com\/pages\/K%C3%BCt%C3%BCphan-e-T%C3%BCrkiye\/542885429128982\" target=\"_blank\"><span style=\"color: #0000ff;\">K\u00fct\u00fcphan-e T\u00fcrkiye Facebook<\/span><\/a><\/p>\n<p style=\"text-align: justify;\"><a href=\"http:\/\/www.bbyhaber.com\/bby\/wp-content\/uploads\/2014\/04\/10155084_636835566400634_207738120_n.jpg\"><img loading=\"lazy\" decoding=\"async\" class=\"alignnone size-medium wp-image-13453\" title=\"10155084_636835566400634_207738120_n\" src=\"http:\/\/www.bbyhaber.com\/bby\/wp-content\/uploads\/2014\/04\/10155084_636835566400634_207738120_n.jpg\" alt=\"\" width=\"150\" height=\"150\" \/><\/a>\u00a0<a href=\"http:\/\/www.bbyhaber.com\/bby\/wp-content\/uploads\/2014\/04\/10001381_636835543067303_1737038140_n.jpg\"><img loading=\"lazy\" decoding=\"async\" class=\"alignnone size-medium wp-image-13454\" title=\"10001381_636835543067303_1737038140_n\" src=\"http:\/\/www.bbyhaber.com\/bby\/wp-content\/uploads\/2014\/04\/10001381_636835543067303_1737038140_n.jpg\" alt=\"\" width=\"150\" height=\"150\" \/><\/a>\u00a0<a href=\"http:\/\/www.bbyhaber.com\/bby\/wp-content\/uploads\/2014\/04\/971498_636835686400622_81874980_n.jpg\"><img loading=\"lazy\" decoding=\"async\" class=\"alignnone size-medium wp-image-13455\" title=\"971498_636835686400622_81874980_n\" src=\"http:\/\/www.bbyhaber.com\/bby\/wp-content\/uploads\/2014\/04\/971498_636835686400622_81874980_n.jpg\" alt=\"\" width=\"150\" height=\"150\" \/><\/a><\/p>\n","protected":false},"excerpt":{"rendered":"<p>Toplumun dezavantajl\u0131 bireylerine, halk k\u00fct\u00fcphaneleri vas\u0131tas\u0131yla \u00fccretsiz internet hizmeti sunarak toplumdaki &#8220;say\u0131sal b\u00f6l\u00fcnme&#8221;yi azaltmay\u0131 hedefleyen &#8220;K\u00fct\u00fcphan-e T\u00fcrkiye Projesi&#8221;nin ulusal tan\u0131t\u0131m t\u00f6reni 4 Nisan 2014 tarihinde Milli K\u00fct\u00fcphane&#8217;de ger\u00e7ekle\u015ftirildi. T.C. Cumhurba\u015fkanl\u0131\u011f\u0131\u2019n\u0131n himayelerinde, K\u00fclt\u00fcr ve Turizm Bakanl\u0131\u011f\u0131 K\u00fct\u00fcphaneler ve Yay\u0131mlar Genel M\u00fcd\u00fcrl\u00fc\u011f\u00fc ile Hacettepe<\/p>\n","protected":false},"author":1,"featured_media":0,"comment_status":"open","ping_status":"open","sticky":false,"template":"","format":"standard","meta":{"footnotes":""},"categories":[1,1586,1598],"tags":[848],"class_list":["post-13452","post","type-post","status-publish","format-standard","hentry","category-genel","category-kutuphan-e-turkiye","category-prof-dr-mehmet-emin-kucuk","tag-halk-kutuphaneleri"],"_links":{"self":[{"href":"https:\/\/www.bbyhaber.com\/bby\/wp-json\/wp\/v2\/posts\/13452"}],"collection":[{"href":"https:\/\/www.bbyhaber.com\/bby\/wp-json\/wp\/v2\/posts"}],"about":[{"href":"https:\/\/www.bbyhaber.com\/bby\/wp-json\/wp\/v2\/types\/post"}],"author":[{"embeddable":true,"href":"https:\/\/www.bbyhaber.com\/bby\/wp-json\/wp\/v2\/users\/1"}],"replies":[{"embeddable":true,"href":"https:\/\/www.bbyhaber.com\/bby\/wp-json\/wp\/v2\/comments?post=13452"}],"version-history":[{"count":0,"href":"https:\/\/www.bbyhaber.com\/bby\/wp-json\/wp\/v2\/posts\/13452\/revisions"}],"wp:attachment":[{"href":"https:\/\/www.bbyhaber.com\/bby\/wp-json\/wp\/v2\/media?parent=13452"}],"wp:term":[{"taxonomy":"category","embeddable":true,"href":"https:\/\/www.bbyhaber.com\/bby\/wp-json\/wp\/v2\/categories?post=13452"},{"taxonomy":"post_tag","embeddable":true,"href":"https:\/\/www.bbyhaber.com\/bby\/wp-json\/wp\/v2\/tags?post=13452"}],"curies":[{"name":"wp","href":"https:\/\/api.w.org\/{rel}","templated":true}]}}