{"id":13435,"date":"2014-04-07T21:12:24","date_gmt":"2014-04-07T18:12:24","guid":{"rendered":"http:\/\/www.bbyhaber.com\/bby\/?p=13435"},"modified":"2018-08-13T15:49:03","modified_gmt":"2018-08-13T12:49:03","slug":"ayni-anda-70-kisi-erzurum-avm%e2%80%99de-kitap-okudu","status":"publish","type":"post","link":"https:\/\/www.bbyhaber.com\/bby\/2014\/04\/07\/ayni-anda-70-kisi-erzurum-avm%e2%80%99de-kitap-okudu","title":{"rendered":"Ayn\u0131 Anda 70 Ki\u015fi Erzurum AVM\u2019de Kitap Okudu"},"content":{"rendered":"<p style=\"text-align: justify;\">Erzurum AVM\u2019 de 50. K\u00fct\u00fcphane Haftas\u0131 dolay\u0131s\u0131yla 05.04.2014 tarihinde \u2018\u2019Kitap Okuma\u2019\u2019 etkinli\u011fi ger\u00e7ekle\u015ftirildi.\u00a0<strong>Atat\u00fcrk \u00dcniversitesi Edebiyat Fak\u00fcltesi Bilgi ve Belge Y\u00f6netimi Kul\u00fcb\u00fc,<\/strong> Akademik Dan\u0131\u015fman\u0131 ve 70 \u00fcyenin kat\u0131l\u0131m\u0131yla Kitap Okuma Etkinli\u011fi d\u00fczenlendi.\u00a0\u2018\u2019Kitap Okuyal\u0131m ve Okumaya Te\u015fvik Edelim\u2019\u2019 konusunda fark\u0131ndal\u0131k sa\u011flamak amac\u0131yla etkinlik ger\u00e7ekle\u015ftirildi.<!--more--><\/p>\n<p style=\"text-align: justify;\">Kitap sevgisi art\u0131rmak ve kitap okuyarak farkl\u0131 bir bak\u0131\u015f a\u00e7\u0131s\u0131 kazan\u0131ld\u0131\u011f\u0131 konusunda bilin\u00e7lendirmek i\u00e7in d\u00fczenlenen etkinlik halk\u0131n yo\u011fun ilgisiyle kar\u015f\u0131land\u0131.\u00a0Bug\u00fcne kadar ger\u00e7ekle\u015ftirmi\u015f oldu\u011fu sosyal sorumluluk projelerine bir yenisini ekleyen Erzurum Al\u0131\u015fveri\u015f Merkezi, projelerine h\u0131z kesmeden devam edecek.<\/p>\n<p style=\"text-align: justify;\">\u00a0Kaynak: http:\/\/erkhaber.com\/\/<\/p>\n","protected":false},"excerpt":{"rendered":"<p>Erzurum AVM\u2019 de 50. K\u00fct\u00fcphane Haftas\u0131 dolay\u0131s\u0131yla 05.04.2014 tarihinde \u2018\u2019Kitap Okuma\u2019\u2019 etkinli\u011fi ger\u00e7ekle\u015ftirildi.\u00a0Atat\u00fcrk \u00dcniversitesi Edebiyat Fak\u00fcltesi Bilgi ve Belge Y\u00f6netimi Kul\u00fcb\u00fc, Akademik Dan\u0131\u015fman\u0131 ve 70 \u00fcyenin kat\u0131l\u0131m\u0131yla Kitap Okuma Etkinli\u011fi d\u00fczenlendi.\u00a0\u2018\u2019Kitap Okuyal\u0131m ve Okumaya Te\u015fvik Edelim\u2019\u2019 konusunda fark\u0131ndal\u0131k sa\u011flamak amac\u0131yla etkinlik ger\u00e7ekle\u015ftirildi.<\/p>\n","protected":false},"author":1,"featured_media":0,"comment_status":"open","ping_status":"open","sticky":false,"template":"","format":"standard","meta":{"footnotes":""},"categories":[1520,1541],"tags":[1389,1461],"class_list":["post-13435","post","type-post","status-publish","format-standard","hentry","category-50-kutuphane-haftasi","category-ataturk-universitesi-bilgi-ve-belge-yonetimi-bolumu","tag-ataturk-bby","tag-kutuphane-haftasi"],"_links":{"self":[{"href":"https:\/\/www.bbyhaber.com\/bby\/wp-json\/wp\/v2\/posts\/13435"}],"collection":[{"href":"https:\/\/www.bbyhaber.com\/bby\/wp-json\/wp\/v2\/posts"}],"about":[{"href":"https:\/\/www.bbyhaber.com\/bby\/wp-json\/wp\/v2\/types\/post"}],"author":[{"embeddable":true,"href":"https:\/\/www.bbyhaber.com\/bby\/wp-json\/wp\/v2\/users\/1"}],"replies":[{"embeddable":true,"href":"https:\/\/www.bbyhaber.com\/bby\/wp-json\/wp\/v2\/comments?post=13435"}],"version-history":[{"count":1,"href":"https:\/\/www.bbyhaber.com\/bby\/wp-json\/wp\/v2\/posts\/13435\/revisions"}],"predecessor-version":[{"id":24902,"href":"https:\/\/www.bbyhaber.com\/bby\/wp-json\/wp\/v2\/posts\/13435\/revisions\/24902"}],"wp:attachment":[{"href":"https:\/\/www.bbyhaber.com\/bby\/wp-json\/wp\/v2\/media?parent=13435"}],"wp:term":[{"taxonomy":"category","embeddable":true,"href":"https:\/\/www.bbyhaber.com\/bby\/wp-json\/wp\/v2\/categories?post=13435"},{"taxonomy":"post_tag","embeddable":true,"href":"https:\/\/www.bbyhaber.com\/bby\/wp-json\/wp\/v2\/tags?post=13435"}],"curies":[{"name":"wp","href":"https:\/\/api.w.org\/{rel}","templated":true}]}}