{"id":13416,"date":"2014-04-07T13:45:23","date_gmt":"2014-04-07T11:45:23","guid":{"rendered":"http:\/\/www.bbyhaber.com\/bby\/?p=13416"},"modified":"2017-01-18T09:49:16","modified_gmt":"2017-01-18T06:49:16","slug":"otogarda-kutuphane-hizmeti","status":"publish","type":"post","link":"https:\/\/www.bbyhaber.com\/bby\/2014\/04\/07\/otogarda-kutuphane-hizmeti","title":{"rendered":"Otogarda k\u00fct\u00fcphane hizmeti"},"content":{"rendered":"<p style=\"text-align: justify;\">Kahramanmara\u015f&#8217;\u0131n And\u0131r\u0131n il\u00e7esinde Tufanpa\u015fa \u0130lkokulu&#8217;nun, K\u00fct\u00fcphane Haftas\u0131 kapsam\u0131nda otogarda olu\u015fturdu\u011fu k\u00fct\u00fcphane, Kaymakam Alper \u00c7ift\u00e7i taraf\u0131ndan hizmete a\u00e7\u0131ld\u0131. \u00c7ift\u00e7i, a\u00e7\u0131l\u0131\u015fta, uygulaman\u0131n, kitap okuma al\u0131\u015fkanl\u0131\u011f\u0131 kazan\u0131lmas\u0131na katk\u0131 sa\u011flayaca\u011f\u0131n\u0131 s\u00f6yledi. Kitab\u0131 &#8220;iyi bir dost olarak&#8221; nitelendiren \u00c7ift\u00e7i, &#8220;Kitaplar\u0131 sahiplenebilirsek, onlarla ya\u015fama olgusunu kendimize benimsetebilirsek toplumumuza ahlaki y\u00f6nden daha iyi \u015feyler katmak i\u00e7in f\u0131rsat yakalayabiliriz. Projeyi uygulayanlara te\u015fekk\u00fcr ediyorum&#8221; dedi.<!--more--><\/p>\n<p style=\"text-align: justify;\">Okul M\u00fcd\u00fcr\u00fc Avni Do\u011fan ise K\u00fct\u00fcphane Haftas\u0131&#8217;n\u0131 farkl\u0131 etkinlikle kutlamak i\u00e7in projeyi hayata ge\u00e7irdiklerini s\u00f6yledi. Otogar esnaf\u0131 ve yolcular\u0131n kitap okuma al\u0131\u015fkanl\u0131\u011f\u0131 kazanmalar\u0131na katk\u0131 sunmay\u0131 ama\u00e7lad\u0131klar\u0131na i\u015faret eden Do\u011fan, &#8220;Bilin\u00e7li birey olmak ve insanlar\u0131n kendilerini geli\u015ftirilmesi i\u00e7in projeyi hayata ge\u00e7irdik. Umar\u0131m faydal\u0131 olur. \u015eimdiden esnaflar\u0131m\u0131z ve yolcular kitap okumaya ba\u015flad\u0131&#8221; diye konu\u015ftu.<\/p>\n<p style=\"text-align: justify;\">T\u00f6rene, Belediye Ba\u015fkan\u0131 Baki Tezcan, \u0130l\u00e7e Milli E\u011fitim M\u00fcd\u00fcr\u00fc Sami C\u00f6mert ve \u015eube M\u00fcd\u00fcr\u00fc Re\u015fit Ya\u011f\u0131z, AK Parti \u0130l\u00e7e Ba\u015fkan\u0131 \u015eaban Avc\u0131, And\u0131r\u0131n \u015eof\u00f6rler ve Otomobilciler Oda Ba\u015fkan\u0131 Alparslan Diki\u015f\u00e7io\u011flu ve \u00f6\u011frenciler kat\u0131ld\u0131.<\/p>\n<p style=\"text-align: justify;\">Kaynak: http:\/\/www.haber46.com\/<\/p>\n","protected":false},"excerpt":{"rendered":"<p>Kahramanmara\u015f&#8217;\u0131n And\u0131r\u0131n il\u00e7esinde Tufanpa\u015fa \u0130lkokulu&#8217;nun, K\u00fct\u00fcphane Haftas\u0131 kapsam\u0131nda otogarda olu\u015fturdu\u011fu k\u00fct\u00fcphane, Kaymakam Alper \u00c7ift\u00e7i taraf\u0131ndan hizmete a\u00e7\u0131ld\u0131. \u00c7ift\u00e7i, a\u00e7\u0131l\u0131\u015fta, uygulaman\u0131n, kitap okuma al\u0131\u015fkanl\u0131\u011f\u0131 kazan\u0131lmas\u0131na katk\u0131 sa\u011flayaca\u011f\u0131n\u0131 s\u00f6yledi. Kitab\u0131 &#8220;iyi bir dost olarak&#8221; nitelendiren \u00c7ift\u00e7i, &#8220;Kitaplar\u0131 sahiplenebilirsek, onlarla ya\u015fama olgusunu kendimize benimsetebilirsek toplumumuza ahlaki y\u00f6nden daha iyi \u015feyler katmak i\u00e7in f\u0131rsat yakalayabiliriz. Projeyi uygulayanlara te\u015fekk\u00fcr ediyorum&#8221; [&hellip;]<\/p>\n","protected":false},"author":1,"featured_media":0,"comment_status":"open","ping_status":"open","sticky":false,"template":"","format":"standard","meta":{"footnotes":""},"categories":[1],"tags":[],"class_list":["post-13416","post","type-post","status-publish","format-standard","hentry","category-genel"],"_links":{"self":[{"href":"https:\/\/www.bbyhaber.com\/bby\/wp-json\/wp\/v2\/posts\/13416"}],"collection":[{"href":"https:\/\/www.bbyhaber.com\/bby\/wp-json\/wp\/v2\/posts"}],"about":[{"href":"https:\/\/www.bbyhaber.com\/bby\/wp-json\/wp\/v2\/types\/post"}],"author":[{"embeddable":true,"href":"https:\/\/www.bbyhaber.com\/bby\/wp-json\/wp\/v2\/users\/1"}],"replies":[{"embeddable":true,"href":"https:\/\/www.bbyhaber.com\/bby\/wp-json\/wp\/v2\/comments?post=13416"}],"version-history":[{"count":1,"href":"https:\/\/www.bbyhaber.com\/bby\/wp-json\/wp\/v2\/posts\/13416\/revisions"}],"predecessor-version":[{"id":20877,"href":"https:\/\/www.bbyhaber.com\/bby\/wp-json\/wp\/v2\/posts\/13416\/revisions\/20877"}],"wp:attachment":[{"href":"https:\/\/www.bbyhaber.com\/bby\/wp-json\/wp\/v2\/media?parent=13416"}],"wp:term":[{"taxonomy":"category","embeddable":true,"href":"https:\/\/www.bbyhaber.com\/bby\/wp-json\/wp\/v2\/categories?post=13416"},{"taxonomy":"post_tag","embeddable":true,"href":"https:\/\/www.bbyhaber.com\/bby\/wp-json\/wp\/v2\/tags?post=13416"}],"curies":[{"name":"wp","href":"https:\/\/api.w.org\/{rel}","templated":true}]}}