{"id":13399,"date":"2014-04-06T18:17:42","date_gmt":"2014-04-06T16:17:42","guid":{"rendered":"http:\/\/www.bbyhaber.com\/bby\/?p=13399"},"modified":"2014-04-06T18:17:42","modified_gmt":"2014-04-06T16:17:42","slug":"kutuphane-haftasinda-kitaplar-copte","status":"publish","type":"post","link":"https:\/\/www.bbyhaber.com\/bby\/2014\/04\/06\/kutuphane-haftasinda-kitaplar-copte","title":{"rendered":"K\u00fct\u00fcphane Haftas\u0131nda kitaplar \u00e7\u00f6pte!"},"content":{"rendered":"<p style=\"text-align: justify;\"><img loading=\"lazy\" decoding=\"async\" class=\"alignleft\" src=\"http:\/\/www.halkinsesi.com.tr\/images\/haberler\/kutuphane_haftasinda_kitaplar_copte_h8348.jpg\" alt=\"\" width=\"293\" height=\"152\" \/>K\u00fct\u00fcphane Haftas\u0131\u2019n\u0131n (31 Mart-6 Nisan) i\u00e7erisinde oldu\u011fumuz \u015fu g\u00fcnlerde, \u00e7\u00f6p konteyn\u0131r\u0131n\u0131n i\u00e7ine ve \u00e7evresine at\u0131lan kitaplar hayrete d\u00fc\u015f\u00fcrd\u00fc. Ere\u011fli\u2019nin S\u00fcleymanlar mahallesinde ge\u00e7ti\u011fimiz g\u00fcnlerde bir vatanda\u015f taraf\u0131ndan \u00e7\u00f6p konteyn\u0131r\u0131 \u00e7evresinden \u00e7ekilen foto\u011frafta, aralar\u0131nda<!--more--> \u00fcnl\u00fc yazarlar\u0131n roman ve hikayeleri, Meydan Larousse, Amerikan ansiklopedi ciltlerinin de bulundu\u011fu y\u00fczlerce eserin \u00e7\u00f6pe at\u0131ld\u0131\u011f\u0131 g\u00f6zlemleniyor. Foto\u011fraf\u0131 \u00e7eken vatanda\u015f bunlar\u0131 \u00e7e\u015fitli yay\u0131n organlar\u0131na yollayarak durumu protesto etti.<\/p>\n<p style=\"text-align: justify;\">Kaynak: http:\/\/www.halkinsesi.com.tr\/<\/p>\n","protected":false},"excerpt":{"rendered":"<p>K\u00fct\u00fcphane Haftas\u0131\u2019n\u0131n (31 Mart-6 Nisan) i\u00e7erisinde oldu\u011fumuz \u015fu g\u00fcnlerde, \u00e7\u00f6p konteyn\u0131r\u0131n\u0131n i\u00e7ine ve \u00e7evresine at\u0131lan kitaplar hayrete d\u00fc\u015f\u00fcrd\u00fc. Ere\u011fli\u2019nin S\u00fcleymanlar mahallesinde ge\u00e7ti\u011fimiz g\u00fcnlerde bir vatanda\u015f taraf\u0131ndan \u00e7\u00f6p konteyn\u0131r\u0131 \u00e7evresinden \u00e7ekilen foto\u011frafta, aralar\u0131nda<\/p>\n","protected":false},"author":1,"featured_media":0,"comment_status":"open","ping_status":"open","sticky":false,"template":"","format":"standard","meta":{"footnotes":""},"categories":[1],"tags":[],"class_list":["post-13399","post","type-post","status-publish","format-standard","hentry","category-genel"],"_links":{"self":[{"href":"https:\/\/www.bbyhaber.com\/bby\/wp-json\/wp\/v2\/posts\/13399"}],"collection":[{"href":"https:\/\/www.bbyhaber.com\/bby\/wp-json\/wp\/v2\/posts"}],"about":[{"href":"https:\/\/www.bbyhaber.com\/bby\/wp-json\/wp\/v2\/types\/post"}],"author":[{"embeddable":true,"href":"https:\/\/www.bbyhaber.com\/bby\/wp-json\/wp\/v2\/users\/1"}],"replies":[{"embeddable":true,"href":"https:\/\/www.bbyhaber.com\/bby\/wp-json\/wp\/v2\/comments?post=13399"}],"version-history":[{"count":0,"href":"https:\/\/www.bbyhaber.com\/bby\/wp-json\/wp\/v2\/posts\/13399\/revisions"}],"wp:attachment":[{"href":"https:\/\/www.bbyhaber.com\/bby\/wp-json\/wp\/v2\/media?parent=13399"}],"wp:term":[{"taxonomy":"category","embeddable":true,"href":"https:\/\/www.bbyhaber.com\/bby\/wp-json\/wp\/v2\/categories?post=13399"},{"taxonomy":"post_tag","embeddable":true,"href":"https:\/\/www.bbyhaber.com\/bby\/wp-json\/wp\/v2\/tags?post=13399"}],"curies":[{"name":"wp","href":"https:\/\/api.w.org\/{rel}","templated":true}]}}