{"id":1338,"date":"2010-02-20T19:29:02","date_gmt":"2010-02-20T16:29:02","guid":{"rendered":"http:\/\/www.bbyhaber.com\/bby\/?p=1338"},"modified":"2016-04-01T18:15:41","modified_gmt":"2016-04-01T15:15:41","slug":"esekli-kutuphaneci-mustafa-guzelgoz-celiktepe-mehmet-akif-ersoy-ilce-halk-kutuphanesinde-gerceklesen-etkinliklerle-anildi","status":"publish","type":"post","link":"https:\/\/www.bbyhaber.com\/bby\/2010\/02\/20\/esekli-kutuphaneci-mustafa-guzelgoz-celiktepe-mehmet-akif-ersoy-ilce-halk-kutuphanesinde-gerceklesen-etkinliklerle-anildi","title":{"rendered":"E\u015fekli K\u00fct\u00fcphaneci Mustafa G\u00fczelg\u00f6z \u00c7eliktepe Mehmet Akif Ersoy il\u00e7e Halk K\u00fct\u00fcphanesinde ger\u00e7ekle\u015fen Etkinliklerle An\u0131ld\u0131"},"content":{"rendered":"<p style=\"text-align: justify;\">\u00d6l\u00fcm\u00fcn\u00fcn 5. Y\u0131l\u0131nda E\u015fekli K\u00fct\u00fcphaneci MUSTAFA G\u00dcZELG\u00d6Z an\u0131ld\u0131. Anadolu&#8217;nun ayd\u0131nlanmas\u0131n\u0131n isimsiz kahramanlar\u0131ndan biri olarak dikkatleri \u00fczerinde toplayan ve e\u015fek s\u0131rt\u0131nda Anadolu k\u00f6ylerine ula\u015ft\u0131rd\u0131\u011f\u0131 kitaplarla e\u011fitim ve k\u00fclt\u00fcrel alanda k\u00f6yl\u00fck yerle\u015fimlerde \u00e7a\u011f\u0131n gereklerinden yararlan\u0131r hale gelmesinde etkin \u00e7al\u0131\u015fmalar yapan \u00dcrg\u00fcpl\u00fc Mustafa G\u00fczelg\u00f6z, 5 y\u0131l \u00f6nce 17 \u015eubat 2005 tarihinde 84 ya\u015f\u0131nda solunum yetmezli\u011fine ba\u011fl\u0131 kalp rahats\u0131zl\u0131\u011f\u0131 nedeniyle aram\u0131zdan ayr\u0131lm\u0131\u015ft\u0131. E\u015fekli K\u00fct\u00fcphaneci anmas\u0131nda; Ayd\u0131n \u0130leri taraf\u0131ndan haz\u0131rlanan E\u015fekli K\u00fct\u00fcphaneci Foto\u011fraf Sergisi ve \u201cE\u015fekle Gelen Ayd\u0131nl\u0131k\u201d ba\u015fl\u0131kl\u0131 s\u00f6yle\u015fi ger\u00e7ekle\u015fti.<!--more--><\/p>\n<p style=\"text-align: justify;\">Etkinli\u011fe; Ka\u011f\u0131thane Kaymakam\u0131 Ahmet Narino\u011flu, Ka\u011f\u0131thane Belediye Ba\u015fkan\u0131 Fazl\u0131 K\u0131l\u0131\u00e7, \u00c7eliktepe Mahallesi Muhtar\u0131 Ahmet Karamanl\u0131, T\u00fcrk K\u00fct\u00fcphaneciler Derne\u011fi Y\u00f6neticileri, \u0130stanbul Halk ve Belediye K\u00fct\u00fcphanecileri \u00c7al\u0131\u015fma Grubu \u00fcyeleri, Yap\u0131 Kredi Sermet \u00c7ifter \u00d6zel Ara\u015ft\u0131rma K\u00fct\u00fcphanesi M\u00fcd\u00fcr\u00fc Kas\u0131m \u00c7elik , Atat\u00fcrk Kitapl\u0131\u011f\u0131 S\u00fcreli Yay\u0131nlar B\u00f6l\u00fcm Sorumlusu Ufuk Mazlum, \u0130stanbul Orhan Kemal \u0130l Halk K\u00fct\u00fcphanesi K\u00fct\u00fcphanecisi Cemalettin Ta\u015fk\u0131n, \u0130l K\u00fclt\u00fcr ve Turizm M\u00fcd\u00fcrl\u00fc\u011f\u00fcnden \u0130brahim Ayd\u0131n, \u0130stanbul Valili\u011fi Bilgi ve Merkezi K\u00fct\u00fcphanecisi L\u00fctf\u00fc O\u011fuz, \u00c7eliktepe Mehmet Akif Ersoy \u0130l\u00e7e Halk K\u00fct\u00fcphanesi Vekil M\u00fcd\u00fcr\u00fc Ahmet Altay, \u00e7evre okullar\u0131n m\u00fcd\u00fcrleri, \u00f6\u011fretmenleri ve \u00c7eliktepe \u0130lk\u00f6\u011fretim Okulundan 100\u2019e yak\u0131n \u00f6\u011frenci kat\u0131ld\u0131. Foto\u011fraf Sergisi ve S\u00f6yle\u015fi TUDEM Yay\u0131nlar\u0131 Sponsorlu\u011funda ger\u00e7ekle\u015fmi\u015ftir. Ka\u011f\u0131thane kaymakam\u0131 Ahmet Narino\u011flu taraf\u0131ndan etkinlikli\u011fe katk\u0131lar\u0131ndan dolay\u0131 Ayd\u0131n \u0130leri ve TUDEM YAYINLARI\u2019na te\u015fekk\u00fcr belgesi verilmi\u015ftir.<\/p>\n<p>Kaynak: Ayd\u0131n \u0130leri<\/p>\n","protected":false},"excerpt":{"rendered":"<p>\u00d6l\u00fcm\u00fcn\u00fcn 5. Y\u0131l\u0131nda E\u015fekli K\u00fct\u00fcphaneci MUSTAFA G\u00dcZELG\u00d6Z an\u0131ld\u0131. Anadolu&#8217;nun ayd\u0131nlanmas\u0131n\u0131n isimsiz kahramanlar\u0131ndan biri olarak dikkatleri \u00fczerinde toplayan ve e\u015fek s\u0131rt\u0131nda Anadolu k\u00f6ylerine ula\u015ft\u0131rd\u0131\u011f\u0131 kitaplarla e\u011fitim ve k\u00fclt\u00fcrel alanda k\u00f6yl\u00fck yerle\u015fimlerde \u00e7a\u011f\u0131n gereklerinden yararlan\u0131r hale gelmesinde etkin \u00e7al\u0131\u015fmalar yapan \u00dcrg\u00fcpl\u00fc Mustafa G\u00fczelg\u00f6z, 5 y\u0131l \u00f6nce 17 \u015eubat 2005 tarihinde 84 ya\u015f\u0131nda solunum yetmezli\u011fine ba\u011fl\u0131 kalp rahats\u0131zl\u0131\u011f\u0131 [&hellip;]<\/p>\n","protected":false},"author":1,"featured_media":0,"comment_status":"open","ping_status":"open","sticky":false,"template":"","format":"standard","meta":{"footnotes":""},"categories":[1476,1575,1],"tags":[177],"class_list":["post-1338","post","type-post","status-publish","format-standard","hentry","category-aydin-ileri","category-esekli-kutuphaneci","category-genel","tag-mustafa-guzelgoz"],"_links":{"self":[{"href":"https:\/\/www.bbyhaber.com\/bby\/wp-json\/wp\/v2\/posts\/1338"}],"collection":[{"href":"https:\/\/www.bbyhaber.com\/bby\/wp-json\/wp\/v2\/posts"}],"about":[{"href":"https:\/\/www.bbyhaber.com\/bby\/wp-json\/wp\/v2\/types\/post"}],"author":[{"embeddable":true,"href":"https:\/\/www.bbyhaber.com\/bby\/wp-json\/wp\/v2\/users\/1"}],"replies":[{"embeddable":true,"href":"https:\/\/www.bbyhaber.com\/bby\/wp-json\/wp\/v2\/comments?post=1338"}],"version-history":[{"count":0,"href":"https:\/\/www.bbyhaber.com\/bby\/wp-json\/wp\/v2\/posts\/1338\/revisions"}],"wp:attachment":[{"href":"https:\/\/www.bbyhaber.com\/bby\/wp-json\/wp\/v2\/media?parent=1338"}],"wp:term":[{"taxonomy":"category","embeddable":true,"href":"https:\/\/www.bbyhaber.com\/bby\/wp-json\/wp\/v2\/categories?post=1338"},{"taxonomy":"post_tag","embeddable":true,"href":"https:\/\/www.bbyhaber.com\/bby\/wp-json\/wp\/v2\/tags?post=1338"}],"curies":[{"name":"wp","href":"https:\/\/api.w.org\/{rel}","templated":true}]}}