{"id":13373,"date":"2014-03-31T21:20:05","date_gmt":"2014-03-31T19:20:05","guid":{"rendered":"http:\/\/www.bbyhaber.com\/bby\/?p=13373"},"modified":"2014-04-07T09:43:26","modified_gmt":"2014-04-07T07:43:26","slug":"kitap-okuyoruz-201481-ilde-kitap-okuma-etkinligi02-nisan-20141230-1300","status":"publish","type":"post","link":"https:\/\/www.bbyhaber.com\/bby\/2014\/03\/31\/kitap-okuyoruz-201481-ilde-kitap-okuma-etkinligi02-nisan-20141230-1300","title":{"rendered":"K\u0130TAP OKUYORUZ 2014\/81 \u0130lde Kitap Okuma Etkinli\u011fi\/02 Nisan 2014\/12:30-13:00"},"content":{"rendered":"<p style=\"text-align: justify;\"><img loading=\"lazy\" decoding=\"async\" class=\"alignleft\" src=\"http:\/\/www.bbyhaber.com\/bby\/wp-content\/uploads\/kutuphane-haftasi-afisleri\/kitapokuyoruz2014.jpg\" alt=\"\" width=\"157\" height=\"158\" \/>Toplumun kitap ve k\u00fct\u00fcphaneye ilgisini \u00e7ekmek, toplumda okuma al\u0131\u015fkanl\u0131\u011f\u0131 ve okuma k\u00fclt\u00fcr\u00fc konusunda fark\u0131ndal\u0131k yaratmak i\u00e7in 2012 ve 2013 y\u0131llar\u0131nda, K\u00fct\u00fcphane Haftas\u0131 kapsam\u0131nda, K\u00fct\u00fcphaneler ve Yay\u0131mlar Genel M\u00fcd\u00fcrl\u00fc\u011f\u00fc ve Valiliklerin deste\u011fiyle 81 ilde ve K\u0131br\u0131s\u2018ta meydanlarda, <span style=\"color: #000000;\">12.30-13.00<\/span> saatleri aras\u0131nda 30 dakika kitap okuma etkinli\u011fi ger\u00e7ekle\u015ftirilmi\u015fti; <strong>bu y\u0131lda<\/strong> <strong><span style=\"color: #ff0000;\"><strong>02 Nisan 2014 \u00c7ar\u015famba 12.30-13.00 saatlerinde <\/strong><\/span>81 \u0130lde ve K\u0131br\u0131s\u2019ta Meydanlarda Kitap Okuma Etkinli\u011fi ger\u00e7ekle\u015ftirilecektir.<\/strong><!--more--><\/p>\n<p style=\"text-align: justify;\">Kitap Okuma etkinli\u011fimizde bilgi ve belge y\u00f6netimi b\u00f6l\u00fcm\u00fc \u00f6\u011frencileri, akademisyenler, yazarlar, \u00e7izerler, yay\u0131nc\u0131lar, okurlar ve kamu y\u00f6neticileri hep birlikte meydanlarda kitap okuyacak.<\/p>\n<p style=\"text-align: justify;\">Okuma etkinliklerinde Valiler, Vali Yard\u0131mc\u0131lar\u0131, Kaymakam\u2019lar, Belediye Ba\u015fkanlar\u0131, \u0130l K\u00fclt\u00fcr M\u00fcd\u00fcrleri, \u0130l ve \u0130l\u00e7e Halk K\u00fct\u00fcphanesi M\u00fcd\u00fcrleri kendi yerellerinde ger\u00e7ekle\u015fen 81 \u0130lde Kitap Okuyoruz etkinliklerine bizzat kat\u0131larak vatanda\u015flarla kitap okuyacak. Yerel y\u00f6netim ile halk aras\u0131nda kitap okuma eylemi \u00fczerinden bir kayna\u015fma ve yerel i\u015fbirlikleri hayata ge\u00e7ecek.<\/p>\n<p style=\"text-align: justify;\">Bu y\u0131l \u201c HAYAT BOYU K\u00dcT\u00dcPHANELER\u201d temas\u0131 ile kutlanacak 50. K\u00fct\u00fcphane Haftas\u0131\u2019n\u0131n co\u015fkusunu meydanlarda kitap okuyarak okuma k\u00fclt\u00fcr\u00fcn\u00fcn \u00f6nemine dikkat \u00e7ekerek kitabe ve k\u00fct\u00fcphanelere toplumun dikkatini \u00e7ekece\u011fiz<\/p>\n<p style=\"text-align: justify;\">2012 ve 2013 y\u0131llar\u0131nda \u201c81 \u0130lde Kitap Okuyoruz,\u201d slogan\u0131yla ba\u015flatt\u0131\u011f\u0131m\u0131z okuma etkinli\u011fimizin \u00fc\u00e7\u00fcnc\u00fcs\u00fcn\u00fc \u201c50. K\u00fct\u00fcphane Haftas\u0131\u201d kapsam\u0131nda 2 Nisan 2014 \u00c7ar\u015famba g\u00fcn\u00fc 12.30-13.00 saatleri aras\u0131nda 81 ilde, \u015fehirlerin en merkezi noktalar\u0131nda yeniden ger\u00e7ekle\u015ftirece\u011fiz.<\/p>\n<p style=\"text-align: justify;\">T\u00fcrk K\u00fct\u00fcphaneciler Derne\u011fi Genel Merkezi ve Gen\u00e7lik \u00c7al\u0131\u015fma Grubu TKD Kampus&#8217;un \u00e7a\u011fr\u0131s\u0131yla 81 ilde ger\u00e7ekle\u015fecek Kitap Okuma etkinli\u011fimizi 2014 y\u0131l\u0131nda destekleyen kurumlar.<\/p>\n<p style=\"text-align: justify;\">K\u00fct\u00fcphaneler ve Yay\u0131mlar Genel M\u00fcd\u00fcrl\u00fc\u011f\u00fc (KYGM), T\u00fcrk K\u00fct\u00fcphaneciler Derne\u011fi (TKD) \u015eubeleri, K\u0131br\u0131s T\u00fcrk K\u00fct\u00fcphaneciler Derne\u011fi (KTKD), Okul K\u00fct\u00fcphanecileri Derne\u011fi (OKD) KAR Toplumsal D\u00f6n\u00fc\u015f\u00fcm Derne\u011fi, T\u00fcrkiye Yay\u0131nc\u0131lar Birli\u011fi (TYB), Edebiyat\u00e7\u0131lar Derne\u011fi, \u00c7ocuk Vakf\u0131, PEN T\u00fcrkiye Merkezi (T\u00fcrkiye PEN Yazarlar Derne\u011fi) \u00c7ocuk ve Gen\u00e7lik Yay\u0131nlar\u0131 Derne\u011fi (\u00c7GYD) \u00c7izgi Roman Okurlar\u0131 Platformu (\u00c7ROP) OKUMA AJANSI, Parantez Yay\u0131nevi, Yitik \u00dclke Yay\u0131nlar\u0131, Palme Yay\u0131nc\u0131l\u0131k, \u00dcniversite K\u00fct\u00fcphaneleri, \u0130l ve \u0130l\u00e7e Halk K\u00fct\u00fcphaneleri, \u0130l K\u00fclt\u00fcr ve Turizm M\u00fcd\u00fcrl\u00fckleri, \u0130l ve \u0130l\u00e7e Milli E\u011fitim M\u00fcd\u00fcrl\u00fckleri, 81 \u0130l&#8217;in Valileri ve Kaymakamlar\u0131, Belediye Ba\u015fkanlar\u0131 ve \u00dcniversitelerimizin Bilgi ve Belge Y\u00f6netimi B\u00f6l\u00fcmleri, Bilgi ve Belge Y\u00f6netimi B\u00f6l\u00fcm\u00fcnde okuyan \u00f6\u011frencilerin kul\u00fcpleri, \u00f6\u011frenci topluluklar\u0131 destekliyor.<\/p>\n<p style=\"text-align: justify;\"><strong>Etkinlik hakk\u0131nda ayr\u0131nt\u0131l\u0131 bilgi ve okuma meydanlar\u0131n\u0131z\u0131 bildirmek ekleme ve d\u00fczeltmeler i\u00e7in l\u00fctfen <span style=\"color: #ff0000;\">T\u00fcrk K\u00fct\u00fcphaneciler Derne\u011fi Genel Ba\u015fkan Yard\u0131mc\u0131s\u0131<\/span> <span style=\"color: #ff0000;\">Ayd\u0131n \u0130leri<\/span>\u00a0<strong>(aydinileri@gmail.com)<\/strong> ile irtibata ge\u00e7iniz.<\/strong><\/p>\n<p style=\"text-align: justify;\"><span style=\"color: #0000ff;\"><em><strong>Ayd\u0131n \u0130leri<\/strong><\/em><\/span><br \/>\n<span style=\"color: #0000ff;\"> <em><strong> T\u00fcrk K\u00fct\u00fcphaneciler Derne\u011fi<\/strong><\/em><\/span><br \/>\n<span style=\"color: #0000ff;\"> <em><strong> Genel Ba\u015fkan Yard\u0131mc\u0131s\u0131<\/strong><\/em><\/span><br \/>\n<span style=\"color: #339966;\"><em><strong> 02 Nisan 2014<\/strong><\/em><\/span><\/p>\n<p style=\"text-align: justify;\"><span style=\"color: #0000ff;\"><strong>81 \u0130L\u2019DE K\u0130TAP OKUYORUZ &#8211; OKUMA MEYDANLARI L\u0130STES\u0130<\/strong><\/span><\/p>\n<p>ADANA Sabanc\u0131 Cami Yan\u0131 Merkez Park<br \/>\nADIYAMAN Demokrasi Park\u0131<br \/>\nAFYONKARAH\u0130SAR Ye\u015fil Park Meydan\u0131<br \/>\nA\u011eRI A\u011fr\u0131 Meydan<br \/>\nAMASYA K\u0131\u015fla \u00f6n\u00fc<br \/>\nANKARA Abdi \u0130pek\u00e7i Park\u0131<br \/>\nARTV\u0130N Artvin Meydan<br \/>\nBALIKES\u0130R Valilik \u00d6n\u00fc<br \/>\nBARTIN Bart\u0131n \u0130l Halk K\u00fct\u00fcphanesi \/Bart\u0131n K\u00fclt\u00fcr Merkezi<br \/>\nBATMAN Batman K\u00fclt\u00fcr Merkezi<br \/>\nBAYBURT Bayburt \u00dcniversitesi K\u00fct\u00fcphanesi<br \/>\nB\u0130LEC\u0130K Bilecik K\u00fclt\u00fcr Merkezi<br \/>\nB\u0130NG\u00d6L K\u00fclt\u00fcr Merkezi Bah\u00e7esi<br \/>\nB\u0130TL\u0130S G\u00f6kmeydan<br \/>\nBOLU \u00dcniversite Kamp\u00fcs\u00fc<br \/>\nBURDUR Cumhuriyet Meydan\u0131<br \/>\nBURSA Heykel<br \/>\n\u00c7ANAKKALE T\u00fcrkan Saylan Sosyal Tesisleri- \u00c7ay Bah\u00e7esi ve Kordon<br \/>\n\u00c7ORUM K\u00fclt\u00fcr Sitesi \u00d6n\u00fc<br \/>\nD\u0130YARBAKIR On Gozl\u00fc K\u00f6pr\u00fc<br \/>\nED\u0130RNE Sara\u00e7lar Caddedi-Cumartesi Pazar\u0131<br \/>\nELAZI\u011e Elaz\u0131\u011f Postane Meydan\u0131 ve \u00f6\u011fretmenevi meydan\u0131<br \/>\nERZ\u0130NCAN D\u00f6rt Yol Merkez<br \/>\nERZURUM Yakutiye Medresesi \u00d6n\u00fc<br \/>\nESK\u0130\u015eEH\u0130R Eski\u015fehir Valilik \u00f6n\u00fc<br \/>\nGAZ\u0130ANTEP \u015eahinbey \u0130l Halk K\u00fct\u00fcphanesi yan\u0131 \u015eehir Park<br \/>\nG\u0130RESUN Atat\u00fcrk Meydan\u0131 (Atapark)<br \/>\nG\u00dcM\u00dc\u015eHANE G\u00fcm\u00fc\u015fhane K\u00fclt\u00fcr Merkezi<br \/>\nHAKKAR\u0130 Y\u00fcksekova &#8211; Dilekta\u015f\u0131 K\u00f6y\u00fc<br \/>\nHATAY Ali R\u0131za \u00c7aml\u0131\u011f\u0131<br \/>\nI\u011eDIR Haydar Aliyev Park\u0131<br \/>\n\u0130STANBUL \u0130stanbul Beyaz\u0131t \u0130.\u00dc Merkez Kap\u0131 \u00d6n\u00fc ve Marmara \u00dcniversitesi Bah\u00e7esi<br \/>\n\u0130ZM\u0130R Konak Meydan ve Bornova Cumhuriyet Meydan\u0131<br \/>\nKAHRAMANMARA\u015e Karacao\u011flan \u0130l Halk K\u00fct\u00fcphanesi \u00d6n\u00fc<br \/>\nKARAB\u00dcK Belediye \u00f6n\u00fc<br \/>\nKARAMAN Kayserilio\u011flu Meydan\u0131<br \/>\nKARS Merkez Meydan<br \/>\nKASTAMONU Merkez Meydan<br \/>\nKIRIKKALE Cumhuriyet Meydan\u0131<br \/>\nKIRKLAREL\u0130 Cumhuriyet Meydan\u0131<br \/>\nK\u0130L\u0130S Cumhuriyet Meydan\u0131<br \/>\nKOCAEL\u0130 sabanc\u0131 Sitesi Bah\u00e7esi K\u00fct\u00fcphane \u00d6n\u00fc<br \/>\nKONYA K\u00fclt\u00fcr Park\u0131<br \/>\nMALATYA Emekliler Park\u0131<br \/>\nMAN\u0130SA Manolya Meydan\u0131<br \/>\nMARD\u0130N Merkez Meydan<br \/>\nMERS\u0130N \u0130stasyon Meydan\u0131<br \/>\nMU\u011eLA Mu\u011fla \u0130l Halk K\u00fct\u00fcphanesi Bah\u00e7esi<br \/>\nMU\u015e Merkez Meydan<br \/>\nNEV\u015eEH\u0130R G\u00fclbah\u00e7e Park\u0131<br \/>\nN\u0130\u011eDE \u0130l K\u00fclt\u00fcr Merkezi \u00d6n\u00fc<br \/>\nORDU Park Alan\u0131<br \/>\nOSMAN\u0130YE 328 AVM<br \/>\nR\u0130ZE Merkez Meydan<br \/>\nSAKARYA AKM<br \/>\nSAMSUN Ondokuz May\u0131s \u00dcniv. Merk K\u00fct\u00fcp. Bah\u00e7esi<br \/>\nS\u0130\u0130RT Atat\u00fcrk Stadyumu<br \/>\nS\u0130NOP U\u011fur Mumcu Meydan\u0131<br \/>\nS\u0130VAS Merkez Meydan<br \/>\n\u015eANLIURFA Cengiz Topel Meydan\u0131<br \/>\nTEK\u0130RDA\u011e Tu\u011flal\u0131 Park<br \/>\nTOKAT Cumhuriyet Meydan\u0131<br \/>\nTRABZON Merkez Meydan<br \/>\nTUNCEL\u0130 \u0130l K\u00fclt\u00fcr Turizm M\u00fcd\u00fcrl\u00fc\u011f\u00fc Bah\u00e7esi<br \/>\nU\u015eAK Valilik \u00d6n\u00fc<br \/>\nYALOVA Belediye \u00d6n\u00fc<br \/>\nYOZGAT Cumhuriyet Meydan\u0131<br \/>\nZONGULDAK Valilik \u00d6n\u00fc<br \/>\nKIBRIS Atat\u00fcrk K\u00fclt\u00fcr Merkezi-Milli K\u00fct\u00fcphane \u00d6n\u00fc Lefko\u015fa<\/p>\n<div><strong><span style=\"color: #339966;\">Liste G\u00fcncellenme:<\/span><\/strong> <span style=\"color: #ff0000;\"><em><strong>02 Nisan 2014<\/strong><\/em><\/span><\/div>\n<p><span style=\"color: #ff0000;\"><strong>Not:<\/strong><\/span><\/p>\n<p style=\"text-align: justify;\"><em><a href=\"http:\/\/www.bbyhaber.com\/bby\/wp-content\/uploads\/2014\/01\/49-kutuphane-haftasi-turkiye-okuyor.jpg\"><img loading=\"lazy\" decoding=\"async\" class=\"alignleft\" src=\"http:\/\/www.bbyhaber.com\/bby\/wp-content\/uploads\/2014\/01\/49-kutuphane-haftasi-turkiye-okuyor.jpg\" alt=\"\" width=\"150\" height=\"150\" \/><\/a>Okuma etkinli\u011fi foto\u011fraflar\u0131n\u0131z\u0131 <strong>bbyhaber facebook<\/strong> (<a href=\"https:\/\/www.facebook.com\/bbyhaber\" target=\"_blank\">https:\/\/www.facebook.com\/bbyhaber<\/a>) adresine g\u00f6nderin ve a\u015fa\u011f\u0131daki ba\u011flant\u0131da yer alan alb\u00fcmler gibi\u00a0<strong>tek bir noktada<\/strong>\u00a0ve<strong> t\u00fcm iller aras\u0131nda<\/strong>\u00a0sizlerde yerinizi al\u0131n:<\/em><\/p>\n<p style=\"text-align: justify;\"><span style=\"color: #ff0000;\"><strong><em><a href=\"https:\/\/www.facebook.com\/bbyhaber\/photos_albums\" target=\"_blank\"><span style=\"color: #ff0000;\">T\u00fcrkiye Okuyor 2013\u2032de \u0130llere g\u00f6re da\u011f\u0131l\u0131m foto\u011fraflar\u0131 i\u00e7in t\u0131klay\u0131n\u0131z<\/span><\/a><\/em><\/strong><\/span><\/p>\n","protected":false},"excerpt":{"rendered":"<p>Toplumun kitap ve k\u00fct\u00fcphaneye ilgisini \u00e7ekmek, toplumda okuma al\u0131\u015fkanl\u0131\u011f\u0131 ve okuma k\u00fclt\u00fcr\u00fc konusunda fark\u0131ndal\u0131k yaratmak i\u00e7in 2012 ve 2013 y\u0131llar\u0131nda, K\u00fct\u00fcphane Haftas\u0131 kapsam\u0131nda, K\u00fct\u00fcphaneler ve Yay\u0131mlar Genel M\u00fcd\u00fcrl\u00fc\u011f\u00fc ve Valiliklerin deste\u011fiyle 81 ilde ve K\u0131br\u0131s\u2018ta meydanlarda, 12.30-13.00 saatleri aras\u0131nda 30 dakika kitap okuma etkinli\u011fi ger\u00e7ekle\u015ftirilmi\u015fti; bu y\u0131lda 02 Nisan 2014 \u00c7ar\u015famba 12.30-13.00 saatlerinde 81 \u0130lde [&hellip;]<\/p>\n","protected":false},"author":1,"featured_media":0,"comment_status":"open","ping_status":"open","sticky":false,"template":"","format":"standard","meta":{"footnotes":""},"categories":[1520],"tags":[1461],"class_list":["post-13373","post","type-post","status-publish","format-standard","hentry","category-50-kutuphane-haftasi","tag-kutuphane-haftasi"],"_links":{"self":[{"href":"https:\/\/www.bbyhaber.com\/bby\/wp-json\/wp\/v2\/posts\/13373"}],"collection":[{"href":"https:\/\/www.bbyhaber.com\/bby\/wp-json\/wp\/v2\/posts"}],"about":[{"href":"https:\/\/www.bbyhaber.com\/bby\/wp-json\/wp\/v2\/types\/post"}],"author":[{"embeddable":true,"href":"https:\/\/www.bbyhaber.com\/bby\/wp-json\/wp\/v2\/users\/1"}],"replies":[{"embeddable":true,"href":"https:\/\/www.bbyhaber.com\/bby\/wp-json\/wp\/v2\/comments?post=13373"}],"version-history":[{"count":0,"href":"https:\/\/www.bbyhaber.com\/bby\/wp-json\/wp\/v2\/posts\/13373\/revisions"}],"wp:attachment":[{"href":"https:\/\/www.bbyhaber.com\/bby\/wp-json\/wp\/v2\/media?parent=13373"}],"wp:term":[{"taxonomy":"category","embeddable":true,"href":"https:\/\/www.bbyhaber.com\/bby\/wp-json\/wp\/v2\/categories?post=13373"},{"taxonomy":"post_tag","embeddable":true,"href":"https:\/\/www.bbyhaber.com\/bby\/wp-json\/wp\/v2\/tags?post=13373"}],"curies":[{"name":"wp","href":"https:\/\/api.w.org\/{rel}","templated":true}]}}