{"id":13350,"date":"2014-03-29T14:15:03","date_gmt":"2014-03-29T12:15:03","guid":{"rendered":"http:\/\/www.bbyhaber.com\/bby\/?p=13350"},"modified":"2015-03-10T09:21:58","modified_gmt":"2015-03-10T07:21:58","slug":"80-ifla-dunya-kutuphane-ve-bilgi-kongresi-16-22-agustos-2014","status":"publish","type":"post","link":"https:\/\/www.bbyhaber.com\/bby\/2014\/03\/29\/80-ifla-dunya-kutuphane-ve-bilgi-kongresi-16-22-agustos-2014","title":{"rendered":"80.IFLA D\u00fcnya K\u00fct\u00fcphane ve Bilgi Kongresi-16-22 A\u011fustos 2014"},"content":{"rendered":"<p style=\"text-align: justify;\"><strong>80. IFLA D\u00fcnya K\u00fct\u00fcphane ve Bilgi Kongresi\u00a016-22 A\u011fustos 2014\u00a0Lyon, Fransa<br \/>\nKonu:K\u00fct\u00fcphaneler, Yurtta\u015flar, Toplumlar:\u00a0<\/strong><strong>Bilgi i\u00e7in Birliktelik<\/strong><br \/>\nCongress Venue:\u00a0The complex is ideally situated in the city between the Rh\u00f4ne and the Parc de la T\u00eate d\u2019Or, in the heart of the Cit\u00e9 Internationale, designed by world renowned architect Renzo Piano. Quick and easy to access, it is at 15 minutes from the city centre on public transport, 12 minutes from the Part Dieu TGV train station and less than 30 minutes from Saint Exup\u00e9ry international airport.<!--more--><\/p>\n<p style=\"text-align: justify;\">The Lyon Convention Centre is a modern and recently built venue offering the latest state-of\u2013 the-art equipment with a totally modular surface area of 25,000 m2, which can welcome up to 19,000 people in a natural daylight environment, 3 amphitheatres of 300, 900 and 3,000 places designed for plenary meetings and shows, an exhibition area of 8,400 m2 on a single level which can also welcome more than 7,000 people for cocktails or up to 6,000 people for a conference and 26 fully-equipped conference rooms which can hold from 50 to 450 people.<\/p>\n<p style=\"text-align: justify;\"><strong><span style=\"color: #0000ff;\"><a href=\"http:\/\/conference.ifla.org\/ifla80\" target=\"_blank\"><span style=\"color: #0000ff;\">Kongre sayfas\u0131 i\u00e7in t\u0131klay\u0131n\u0131z<\/span><\/a><\/span><\/strong><\/p>\n<p><span style=\"color: #ff0000;\"><strong><a title=\"ANKOS, IFLA konferans\u0131na iki bildiriyle kat\u0131lacak\" href=\"http:\/\/www.bbyhaber.com\/bby\/2014\/03\/27\/ankos-ifla-konferansina-iki-bildiriyle-katilacak\/\"><span style=\"color: #ff0000;\">ANKOS, IFLA konferans\u0131na iki bildiriyle kat\u0131lacak<\/span><\/a><\/strong><\/span><\/p>\n","protected":false},"excerpt":{"rendered":"<p>80. IFLA D\u00fcnya K\u00fct\u00fcphane ve Bilgi Kongresi\u00a016-22 A\u011fustos 2014\u00a0Lyon, Fransa Konu:K\u00fct\u00fcphaneler, Yurtta\u015flar, Toplumlar:\u00a0Bilgi i\u00e7in Birliktelik Congress Venue:\u00a0The complex is ideally situated in the city between the Rh\u00f4ne and the Parc de la T\u00eate d\u2019Or, in the heart of the Cit\u00e9 Internationale, designed by world renowned architect Renzo Piano. Quick and easy to access, it is [&hellip;]<\/p>\n","protected":false},"author":1,"featured_media":0,"comment_status":"open","ping_status":"open","sticky":false,"template":"","format":"standard","meta":{"footnotes":""},"categories":[1578],"tags":[1395],"class_list":["post-13350","post","type-post","status-publish","format-standard","hentry","category-ifla","tag-bby-mesleki-etkinlikler-arsivi"],"_links":{"self":[{"href":"https:\/\/www.bbyhaber.com\/bby\/wp-json\/wp\/v2\/posts\/13350"}],"collection":[{"href":"https:\/\/www.bbyhaber.com\/bby\/wp-json\/wp\/v2\/posts"}],"about":[{"href":"https:\/\/www.bbyhaber.com\/bby\/wp-json\/wp\/v2\/types\/post"}],"author":[{"embeddable":true,"href":"https:\/\/www.bbyhaber.com\/bby\/wp-json\/wp\/v2\/users\/1"}],"replies":[{"embeddable":true,"href":"https:\/\/www.bbyhaber.com\/bby\/wp-json\/wp\/v2\/comments?post=13350"}],"version-history":[{"count":0,"href":"https:\/\/www.bbyhaber.com\/bby\/wp-json\/wp\/v2\/posts\/13350\/revisions"}],"wp:attachment":[{"href":"https:\/\/www.bbyhaber.com\/bby\/wp-json\/wp\/v2\/media?parent=13350"}],"wp:term":[{"taxonomy":"category","embeddable":true,"href":"https:\/\/www.bbyhaber.com\/bby\/wp-json\/wp\/v2\/categories?post=13350"},{"taxonomy":"post_tag","embeddable":true,"href":"https:\/\/www.bbyhaber.com\/bby\/wp-json\/wp\/v2\/tags?post=13350"}],"curies":[{"name":"wp","href":"https:\/\/api.w.org\/{rel}","templated":true}]}}