{"id":13330,"date":"2014-03-26T09:29:45","date_gmt":"2014-03-26T07:29:45","guid":{"rendered":"http:\/\/www.bbyhaber.com\/bby\/?p=13330"},"modified":"2016-01-27T11:12:55","modified_gmt":"2016-01-27T09:12:55","slug":"sosyal-medya-sansuru-unak","status":"publish","type":"post","link":"https:\/\/www.bbyhaber.com\/bby\/2014\/03\/26\/sosyal-medya-sansuru-unak","title":{"rendered":"Sosyal Medya Sans\u00fcr\u00fc-\u00dcNAK"},"content":{"rendered":"<p style=\"text-align: justify;\">Bilgi teknolojileri ve bu teknolojilerin en \u00f6nemli yans\u0131malar\u0131ndan biri olan Internet eri\u015fimi, 16 May\u0131s 2011 tarihinde Birle\u015fmi\u015f Milletler taraf\u0131ndan yay\u0131nlanan raporla birlikte insan haklar\u0131 kapsam\u0131nda yer alm\u0131\u015ft\u0131r. \u00a0S\u00f6z konusu rapor, internet eri\u015fiminin engellenmesinin uluslararas\u0131 yasalara ayk\u0131r\u0131l\u0131k ta\u015f\u0131d\u0131\u011f\u0131 ve insan haklar\u0131na y\u00f6nelik ihlal i\u00e7erdi\u011fini vurgulamas\u0131 a\u00e7\u0131s\u0131ndan \u00f6nem ta\u015f\u0131maktad\u0131r. \u0130lgili rapora <a href=\"http:\/\/www2.ohchr.org\/english\/bodies\/hrcouncil\/docs\/17session\/A.HRC.17.27_en.pdf\" target=\"_blank\">buraya t\u0131klayarak<\/a> ula\u015f\u0131labilir.<!--more--><\/p>\n<p style=\"text-align: justify;\">Sosyal Medya ile birlikte daha etkile\u015fimli ve h\u0131zl\u0131 bilgi eri\u015fim platformlar\u0131 bir\u00e7ok amaca y\u00f6nelik olarak yayg\u0131n bir \u015fekilde kullan\u0131lmaktad\u0131r. Demokratik toplumlar\u0131n temel hakk\u0131 olan ifade \u00f6zg\u00fcrl\u00fc\u011f\u00fc bu platformlar arac\u0131l\u0131\u011f\u0131yla yeni bir boyut kazanmaktad\u0131r. Yeni nesil bilgi kaynaklar\u0131 olarak da nitelendirilen sosyal medya platformlar\u0131 olduk\u00e7a yo\u011fun kullan\u0131c\u0131 kitlelerince tercih edilmektedir. Bu platformlardan biri olan Twitter\u2019a eri\u015fimin \u00fclkemizde engellenmesi, Avrupa Birli\u011fi Temel Haklar S\u00f6zle\u015fmesinde s\u0131n\u0131rlara bak\u0131lmaks\u0131z\u0131n ve m\u00fcdahale edilmeksizin \u00e7o\u011fulcu ve \u00f6zg\u00fcr bir medya ile haber\/fikir almak ya da vermek \u015feklinde tan\u0131mlanan (EU Charter of Fundamental Rights, 2000) d\u00fc\u015f\u00fcnce ve ifade \u00f6zg\u00fcrl\u00fc\u011f\u00fcn\u00fcn k\u0131s\u0131tlanmas\u0131 anlam\u0131na gelmektedir. Bu k\u0131s\u0131tlamaya y\u00f6nelik olarak Avrupa Komisyonunda yay\u0131nlanan a\u00e7\u0131klamalar da T\u00fcrkiye\u2019nin Avrupa de\u011ferleri ve standartlar\u0131na y\u00f6nelik vermi\u015f oldu\u011fu taahh\u00fcte ili\u015fkin teredd\u00fct ve endi\u015feler \u00fczerinde durmaktad\u0131r (Statement of Commissioner, 2014).<\/p>\n<p style=\"text-align: justify;\">\u00dcniversite ve Ara\u015ft\u0131rma K\u00fct\u00fcphanecileri Derne\u011fi olarak \u00fclkemizde son zamanlarda ya\u015fanan sosyal medya sans\u00fcr\u00fcnden ve buna ba\u011fl\u0131 olu\u015fabilecek sonu\u00e7lardan kayg\u0131 duymaktay\u0131z. Bilgi \u00e7a\u011f\u0131n\u0131 ya\u015fad\u0131\u011f\u0131m\u0131z g\u00fcn\u00fcm\u00fczde, bilimin \u0131\u015f\u0131\u011f\u0131nda \u00f6zg\u00fcr bir T\u00fcrkiye\u2019yi ya\u015fayabilmek umuduyla, sayg\u0131lar\u0131m\u0131z\u0131 sunar\u0131z.<\/p>\n<p style=\"text-align: justify;\">\u00dcniversite ve Ara\u015ft\u0131rma K\u00fct\u00fcphanecileri Derne\u011fi Y\u00f6netim Kurulu<\/p>\n<p style=\"text-align: justify;\">Kaynak: http:\/\/www.unak.org.tr<\/p>\n","protected":false},"excerpt":{"rendered":"<p>Bilgi teknolojileri ve bu teknolojilerin en \u00f6nemli yans\u0131malar\u0131ndan biri olan Internet eri\u015fimi, 16 May\u0131s 2011 tarihinde Birle\u015fmi\u015f Milletler taraf\u0131ndan yay\u0131nlanan raporla birlikte insan haklar\u0131 kapsam\u0131nda yer alm\u0131\u015ft\u0131r. \u00a0S\u00f6z konusu rapor, internet eri\u015fiminin engellenmesinin uluslararas\u0131 yasalara ayk\u0131r\u0131l\u0131k ta\u015f\u0131d\u0131\u011f\u0131 ve insan haklar\u0131na y\u00f6nelik ihlal i\u00e7erdi\u011fini vurgulamas\u0131 a\u00e7\u0131s\u0131ndan \u00f6nem ta\u015f\u0131maktad\u0131r. \u0130lgili rapora buraya t\u0131klayarak ula\u015f\u0131labilir.<\/p>\n","protected":false},"author":1,"featured_media":0,"comment_status":"open","ping_status":"open","sticky":false,"template":"","format":"standard","meta":{"footnotes":""},"categories":[1,1507],"tags":[],"class_list":["post-13330","post","type-post","status-publish","format-standard","hentry","category-genel","category-unak"],"_links":{"self":[{"href":"https:\/\/www.bbyhaber.com\/bby\/wp-json\/wp\/v2\/posts\/13330"}],"collection":[{"href":"https:\/\/www.bbyhaber.com\/bby\/wp-json\/wp\/v2\/posts"}],"about":[{"href":"https:\/\/www.bbyhaber.com\/bby\/wp-json\/wp\/v2\/types\/post"}],"author":[{"embeddable":true,"href":"https:\/\/www.bbyhaber.com\/bby\/wp-json\/wp\/v2\/users\/1"}],"replies":[{"embeddable":true,"href":"https:\/\/www.bbyhaber.com\/bby\/wp-json\/wp\/v2\/comments?post=13330"}],"version-history":[{"count":0,"href":"https:\/\/www.bbyhaber.com\/bby\/wp-json\/wp\/v2\/posts\/13330\/revisions"}],"wp:attachment":[{"href":"https:\/\/www.bbyhaber.com\/bby\/wp-json\/wp\/v2\/media?parent=13330"}],"wp:term":[{"taxonomy":"category","embeddable":true,"href":"https:\/\/www.bbyhaber.com\/bby\/wp-json\/wp\/v2\/categories?post=13330"},{"taxonomy":"post_tag","embeddable":true,"href":"https:\/\/www.bbyhaber.com\/bby\/wp-json\/wp\/v2\/tags?post=13330"}],"curies":[{"name":"wp","href":"https:\/\/api.w.org\/{rel}","templated":true}]}}