{"id":13325,"date":"2014-03-22T23:16:45","date_gmt":"2014-03-22T21:16:45","guid":{"rendered":"http:\/\/www.bbyhaber.com\/bby\/?p=13325"},"modified":"2014-03-22T23:16:55","modified_gmt":"2014-03-22T21:16:55","slug":"twitter-kapatma-kitap-yakma-gibidir","status":"publish","type":"post","link":"https:\/\/www.bbyhaber.com\/bby\/2014\/03\/22\/twitter-kapatma-kitap-yakma-gibidir","title":{"rendered":"Twitter kapatma, kitap yakma gibidir"},"content":{"rendered":"<p style=\"text-align: justify;\"><img loading=\"lazy\" decoding=\"async\" class=\"alignleft\" src=\"http:\/\/www.hurriyet.com.tr\/_np\/7943\/23757943.jpg\" alt=\"\" width=\"240\" height=\"109\" \/>ABD D\u0131\u015fi\u015fleri Bakanl\u0131\u011f\u0131 ve ABD\u2019nin BM Daimi Temsilcisi B\u00fcy\u00fckel\u00e7i Samantha Power, Twitter \u00fczerinden internet yasaklar\u0131na tepki g\u00f6sterdi. ABD D\u0131\u015fi\u015fleri Bakanl\u0131\u011f\u0131, Twitter \u00fczerinden yay\u0131nlad\u0131\u011f\u0131 bir mesajda, <strong>internet yasaklar\u0131n\u0131 \u201ckitap yakmaya\u201d benzetti<\/strong>. @statDept hesab\u0131ndan yay\u0131nlanan ve ABD\u2019nin Ankara B\u00fcy\u00fckel\u00e7ili\u011fi Twitter hesab\u0131 taraf\u0131ndan da payla\u015f\u0131lan mesajda, \u201c<strong>\u0130nternet sans\u00fcr\u00fc 21\u2019inci Y\u00fczy\u0131lda ger\u00e7ekle\u015fen bir \u201cKitap Yakma\u201d eylemi gibidir<\/strong> ve kimseyi daha g\u00fc\u00e7l\u00fc k\u0131lmaz.\u201d<!--more--><\/p>\n<p style=\"text-align: justify;\">DEMOKRAS\u0130YLE BA\u011eDA\u015eMIYOR<br \/>\nABD\u2019nin BM Daimi Temsilcisi B\u00fcy\u00fckel\u00e7i Samantha Power, twitter hesab\u0131ndan yay\u0131nlad\u0131\u011f\u0131 mesajda, \u201cT\u00fcrkiye\u2019nin Twitter\u2019a eri\u015fimi durdurmas\u0131 son derece vahim bir durum. <strong>Bilgiye serbest eri\u015fimi kapatmak demokrasiyle ba\u011fda\u015fm\u0131yor<\/strong>\u201d ifadelerini kulland\u0131. Mesaj ABD\u2019nin Ankara B\u00fcy\u00fckel\u00e7ili\u011fi resmi Twitter hesab\u0131 taraf\u0131ndan retweet edildi.<\/p>\n<p style=\"text-align: justify;\">Kaynak: http:\/\/www.hurriyet.com.tr\/<\/p>\n","protected":false},"excerpt":{"rendered":"<p>ABD D\u0131\u015fi\u015fleri Bakanl\u0131\u011f\u0131 ve ABD\u2019nin BM Daimi Temsilcisi B\u00fcy\u00fckel\u00e7i Samantha Power, Twitter \u00fczerinden internet yasaklar\u0131na tepki g\u00f6sterdi. ABD D\u0131\u015fi\u015fleri Bakanl\u0131\u011f\u0131, Twitter \u00fczerinden yay\u0131nlad\u0131\u011f\u0131 bir mesajda, internet yasaklar\u0131n\u0131 \u201ckitap yakmaya\u201d benzetti. @statDept hesab\u0131ndan yay\u0131nlanan ve ABD\u2019nin Ankara B\u00fcy\u00fckel\u00e7ili\u011fi Twitter hesab\u0131 taraf\u0131ndan da payla\u015f\u0131lan mesajda, \u201c\u0130nternet sans\u00fcr\u00fc 21\u2019inci Y\u00fczy\u0131lda ger\u00e7ekle\u015fen bir \u201cKitap Yakma\u201d eylemi gibidir ve kimseyi [&hellip;]<\/p>\n","protected":false},"author":1,"featured_media":0,"comment_status":"open","ping_status":"open","sticky":false,"template":"","format":"standard","meta":{"footnotes":""},"categories":[1],"tags":[],"class_list":["post-13325","post","type-post","status-publish","format-standard","hentry","category-genel"],"_links":{"self":[{"href":"https:\/\/www.bbyhaber.com\/bby\/wp-json\/wp\/v2\/posts\/13325"}],"collection":[{"href":"https:\/\/www.bbyhaber.com\/bby\/wp-json\/wp\/v2\/posts"}],"about":[{"href":"https:\/\/www.bbyhaber.com\/bby\/wp-json\/wp\/v2\/types\/post"}],"author":[{"embeddable":true,"href":"https:\/\/www.bbyhaber.com\/bby\/wp-json\/wp\/v2\/users\/1"}],"replies":[{"embeddable":true,"href":"https:\/\/www.bbyhaber.com\/bby\/wp-json\/wp\/v2\/comments?post=13325"}],"version-history":[{"count":0,"href":"https:\/\/www.bbyhaber.com\/bby\/wp-json\/wp\/v2\/posts\/13325\/revisions"}],"wp:attachment":[{"href":"https:\/\/www.bbyhaber.com\/bby\/wp-json\/wp\/v2\/media?parent=13325"}],"wp:term":[{"taxonomy":"category","embeddable":true,"href":"https:\/\/www.bbyhaber.com\/bby\/wp-json\/wp\/v2\/categories?post=13325"},{"taxonomy":"post_tag","embeddable":true,"href":"https:\/\/www.bbyhaber.com\/bby\/wp-json\/wp\/v2\/tags?post=13325"}],"curies":[{"name":"wp","href":"https:\/\/api.w.org\/{rel}","templated":true}]}}