{"id":1331,"date":"2010-02-24T17:56:55","date_gmt":"2010-02-24T17:56:55","guid":{"rendered":"http:\/\/www.bbyhaber.com\/bby\/?p=1331"},"modified":"2012-09-07T13:10:50","modified_gmt":"2012-09-07T10:10:50","slug":"kadin-kutuphaneleri-aciliyor","status":"publish","type":"post","link":"https:\/\/www.bbyhaber.com\/bby\/2010\/02\/24\/kadin-kutuphaneleri-aciliyor","title":{"rendered":"Kad\u0131n k\u00fct\u00fcphaneleri a\u00e7\u0131l\u0131yor"},"content":{"rendered":"<p style=\"text-align: justify;\">K\u00fclt\u00fcr ve Turizm Bakanl\u0131\u011f\u0131, 8 Mart D\u00fcnya Kad\u0131nlar G\u00fcn\u00fc dolay\u0131s\u0131yla &#8216;Kad\u0131n Dostu K\u00fct\u00fcphaneler&#8217; projesini hayata ge\u00e7irecek. K\u00fclt\u00fcr ve Turizm Bakanl\u0131\u011f\u0131 Bas\u0131n ve Halkla \u0130li\u015fkiler M\u00fc\u015favirli\u011finden yap\u0131lan yaz\u0131l\u0131 a\u00e7\u0131klamaya g\u00f6re, proje k\u00fct\u00fcphanelerin kad\u0131n okurlar taraf\u0131ndan daha aktif kullan\u0131lmas\u0131n\u0131n sa\u011flanmas\u0131 ve kad\u0131nlar arac\u0131l\u0131\u011f\u0131yla toplumun k\u00fct\u00fcphanelerle bulu\u015fmas\u0131n\u0131 ama\u00e7l\u0131yor.<!--more--><\/p>\n<p>Proje kapsam\u0131nda halk k\u00fct\u00fcphaneleri \u00e7e\u015fitli ki\u015fi, kurum ve sivil toplum kurulu\u015flar\u0131yla i\u015fbirli\u011fi yaparak, kad\u0131nlara y\u00f6nelik k\u00fclt\u00fcrel faaliyetler ger\u00e7ekle\u015ftirecek. K\u00fct\u00fcphane Dostu Kad\u0131n Kul\u00fcpleri olu\u015fturularak, d\u00fcnyada ve T\u00fcrkiye\u2019de k\u00fclt\u00fcr, sanat, spor gibi farkl\u0131 alanlarda \u00f6ne \u00e7\u0131kan kad\u0131nlarla ilgili etkinlik programlar\u0131 yap\u0131lacak ve faaliyetlerde m\u00fcmk\u00fcn oldu\u011funca kad\u0131n kat\u0131l\u0131mc\u0131lara \u00f6ncelik verilecek.<\/p>\n<p>K\u00fclt\u00fcr ve Turizm Bakanl\u0131\u011f\u0131 Telif Haklar\u0131 ve Sinema Genel M\u00fcd\u00fcrl\u00fc\u011f\u00fcn\u00fcn katk\u0131lar\u0131yla sa\u011flanan kad\u0131n konulu ya da kad\u0131n y\u00f6netmenler taraf\u0131ndan \u00e7ekilen filmler g\u00f6sterilecek. Panel, konferans, dinleti gibi k\u00fclt\u00fcrel etkinliklerle \u00fclke \u00e7ap\u0131nda ve b\u00f6lgesel d\u00fczeyde \u00f6ne \u00e7\u0131kan kad\u0131nlar\u0131n programlara kat\u0131l\u0131m\u0131 sa\u011flanacak. Kad\u0131nlar\u0131n ilgi alanlar\u0131na giren konulardaki kitaplara a\u011f\u0131rl\u0131k verilerek, g\u00fcnl\u00fck ya\u015famlar\u0131nda kullanabilecekleri bilgilere ula\u015fmalar\u0131na katk\u0131 sa\u011flanacak.<\/p>\n<p>Bakanl\u0131\u011fa ba\u011fl\u0131 halk k\u00fct\u00fcphanelerinde kad\u0131nlara y\u00f6nelik d\u00fczenlenecek etkinliklerden baz\u0131lar\u0131 \u015f\u00f6yle: &#8220;Bilgisayar kursu, internet e\u011fitimi, photoshop kursu, diksiyon kursu, dil kurslar\u0131 ve yabanc\u0131 dil pratik gruplar\u0131, kad\u0131n ve \u00e7ocuk sa\u011fl\u0131\u011f\u0131 ile ilgili konferanslar, anneler ve \u00e7ocuklar\u0131 i\u00e7in etkinlik saatleri, etkile\u015fimli \u00f6dev yard\u0131m\u0131, kitap tart\u0131\u015fma gruplar\u0131 ve kul\u00fcpleri, yazarlar\u0131n kitaplar\u0131n\u0131 okudu\u011fu etkinlikler, sanatsal sergiler, konserler, kad\u0131n giri\u015fimcilerin kad\u0131nlarla bulu\u015fturulmas\u0131, kad\u0131n konulu filmlerin g\u00f6sterimi, ge\u00e7ici koleksiyonlar\u0131n olu\u015fturularak kad\u0131n mahkumlar, kad\u0131n hastalar ve huzur evindeki kad\u0131nlara y\u00f6nelik \u00e7al\u0131\u015fmalar.&#8221;<\/p>\n<p>Kaynak: http:\/\/kadin.milliyet.com.tr\/<\/p>\n","protected":false},"excerpt":{"rendered":"<p>K\u00fclt\u00fcr ve Turizm Bakanl\u0131\u011f\u0131, 8 Mart D\u00fcnya Kad\u0131nlar G\u00fcn\u00fc dolay\u0131s\u0131yla &#8216;Kad\u0131n Dostu K\u00fct\u00fcphaneler&#8217; projesini hayata ge\u00e7irecek. K\u00fclt\u00fcr ve Turizm Bakanl\u0131\u011f\u0131 Bas\u0131n ve Halkla \u0130li\u015fkiler M\u00fc\u015favirli\u011finden yap\u0131lan yaz\u0131l\u0131 a\u00e7\u0131klamaya g\u00f6re, proje k\u00fct\u00fcphanelerin kad\u0131n okurlar taraf\u0131ndan daha aktif kullan\u0131lmas\u0131n\u0131n sa\u011flanmas\u0131 ve kad\u0131nlar arac\u0131l\u0131\u011f\u0131yla toplumun k\u00fct\u00fcphanelerle bulu\u015fmas\u0131n\u0131 ama\u00e7l\u0131yor.<\/p>\n","protected":false},"author":1,"featured_media":0,"comment_status":"open","ping_status":"open","sticky":false,"template":"","format":"standard","meta":{"footnotes":""},"categories":[369],"tags":[175],"class_list":["post-1331","post","type-post","status-publish","format-standard","hentry","category-kadin-kutuphaneleri-2","tag-kadin-kutuphaneleri"],"_links":{"self":[{"href":"https:\/\/www.bbyhaber.com\/bby\/wp-json\/wp\/v2\/posts\/1331"}],"collection":[{"href":"https:\/\/www.bbyhaber.com\/bby\/wp-json\/wp\/v2\/posts"}],"about":[{"href":"https:\/\/www.bbyhaber.com\/bby\/wp-json\/wp\/v2\/types\/post"}],"author":[{"embeddable":true,"href":"https:\/\/www.bbyhaber.com\/bby\/wp-json\/wp\/v2\/users\/1"}],"replies":[{"embeddable":true,"href":"https:\/\/www.bbyhaber.com\/bby\/wp-json\/wp\/v2\/comments?post=1331"}],"version-history":[{"count":0,"href":"https:\/\/www.bbyhaber.com\/bby\/wp-json\/wp\/v2\/posts\/1331\/revisions"}],"wp:attachment":[{"href":"https:\/\/www.bbyhaber.com\/bby\/wp-json\/wp\/v2\/media?parent=1331"}],"wp:term":[{"taxonomy":"category","embeddable":true,"href":"https:\/\/www.bbyhaber.com\/bby\/wp-json\/wp\/v2\/categories?post=1331"},{"taxonomy":"post_tag","embeddable":true,"href":"https:\/\/www.bbyhaber.com\/bby\/wp-json\/wp\/v2\/tags?post=1331"}],"curies":[{"name":"wp","href":"https:\/\/api.w.org\/{rel}","templated":true}]}}