{"id":13309,"date":"2014-03-19T17:03:53","date_gmt":"2014-03-19T15:03:53","guid":{"rendered":"http:\/\/www.bbyhaber.com\/bby\/?p=13309"},"modified":"2014-03-31T15:11:02","modified_gmt":"2014-03-31T13:11:02","slug":"belgeozgurlugugunu-26-mart-2014-carsamba","status":"publish","type":"post","link":"https:\/\/www.bbyhaber.com\/bby\/2014\/03\/19\/belgeozgurlugugunu-26-mart-2014-carsamba","title":{"rendered":"#Belge\u00d6zg\u00fcrl\u00fc\u011f\u00fcG\u00fcn\u00fc &#8211; 26 Mart 2014 \u00c7ar\u015famba"},"content":{"rendered":"<p style=\"text-align: justify;\"><strong><img loading=\"lazy\" decoding=\"async\" class=\"alignleft\" src=\"http:\/\/1.bp.blogspot.com\/-KjinUZ796MM\/UUtEIqEh7zI\/AAAAAAAAAU4\/qkauEqlJ19E\/s1600\/Belge+Ozgurlugu+Gunu.jpg\" alt=\"\" width=\"200\" height=\"179\" \/>Belge \u00d6zg\u00fcrl\u00fc\u011f\u00fc G\u00fcn\u00fc,<\/strong>\u00a0a\u00e7\u0131k standartlar ve a\u00e7\u0131k belge bi\u00e7imleri \u00a0konular\u0131nda kullan\u0131c\u0131lar\u0131 bilin\u00e7lendirerek, belgeleri \u00f6zg\u00fcr k\u0131lmak \u00a0amac\u0131yla 2008 y\u0131l\u0131ndan beri her Mart ay\u0131n\u0131n son \u00c7ar\u015famba g\u00fcn\u00fc \u00a0kutlanan evrensel bir g\u00fcnd\u00fcr. Bu sene Belge \u00d6zg\u00fcrl\u00fc\u011f\u00fc G\u00fcn\u00fc\u00a0<strong>26 Mart 2014 \u00c7ar\u015famba\u00a0<\/strong>g\u00fcn\u00fc d\u00fcnyan\u0131n bir\u00e7ok \u00fclkesi ile birlikte T\u00fcrkiye\u2019de de kutlanacak. Kesinle\u015fen etkinlik bilgilerini\u00a0<a href=\"http:\/\/belgeozgurlugu.org.tr\/bu-yilki-kutlama\/\" target=\"_blank\"><strong>buradaki<\/strong>\u00a0<\/a>sayfadan takip edebilirsiniz.<!--more--><\/p>\n<p style=\"text-align: justify;\"><strong>Belge \u00d6zg\u00fcrl\u00fc\u011f\u00fc G\u00fcn\u00fc (T\u00fcrkiye) \u0130leti\u015fim<br \/>\n<\/strong><strong>Web Sitesi: \u00a0<\/strong><a href=\"http:\/\/belgeozgurlugu.org.tr\/\" target=\"_blank\">http:\/\/belgeozgurlugu.org.tr\/<br \/>\n<\/a><strong>Twitter<\/strong><strong>:\u00a0<\/strong><a href=\"https:\/\/twitter.com\/belgeozgurlugu\" target=\"_blank\">twitter.com\/belgeozgurlugu<br \/>\n<\/a><strong>Facebook<\/strong>:\u00a0<a href=\"https:\/\/www.facebook.com\/belgeozgurlugu\" target=\"_blank\">www.facebook.com\/belgeozgurlugu<br \/>\n<\/a><strong>Posta Listesi:\u00a0<\/strong><a href=\"https:\/\/lists.fsfe.org\/mailman\/listinfo\/dfd-turkey\" target=\"_blank\">https:\/\/lists.fsfe.org\/mailman\/listinfo\/dfd-turkey<\/a><\/p>\n","protected":false},"excerpt":{"rendered":"<p>Belge \u00d6zg\u00fcrl\u00fc\u011f\u00fc G\u00fcn\u00fc,\u00a0a\u00e7\u0131k standartlar ve a\u00e7\u0131k belge bi\u00e7imleri \u00a0konular\u0131nda kullan\u0131c\u0131lar\u0131 bilin\u00e7lendirerek, belgeleri \u00f6zg\u00fcr k\u0131lmak \u00a0amac\u0131yla 2008 y\u0131l\u0131ndan beri her Mart ay\u0131n\u0131n son \u00c7ar\u015famba g\u00fcn\u00fc \u00a0kutlanan evrensel bir g\u00fcnd\u00fcr. Bu sene Belge \u00d6zg\u00fcrl\u00fc\u011f\u00fc G\u00fcn\u00fc\u00a026 Mart 2014 \u00c7ar\u015famba\u00a0g\u00fcn\u00fc d\u00fcnyan\u0131n bir\u00e7ok \u00fclkesi ile birlikte T\u00fcrkiye\u2019de de kutlanacak. Kesinle\u015fen etkinlik bilgilerini\u00a0buradaki\u00a0sayfadan takip edebilirsiniz.<\/p>\n","protected":false},"author":1,"featured_media":0,"comment_status":"open","ping_status":"open","sticky":false,"template":"","format":"standard","meta":{"footnotes":""},"categories":[1],"tags":[474],"class_list":["post-13309","post","type-post","status-publish","format-standard","hentry","category-genel","tag-belge-ozgurlugu"],"_links":{"self":[{"href":"https:\/\/www.bbyhaber.com\/bby\/wp-json\/wp\/v2\/posts\/13309"}],"collection":[{"href":"https:\/\/www.bbyhaber.com\/bby\/wp-json\/wp\/v2\/posts"}],"about":[{"href":"https:\/\/www.bbyhaber.com\/bby\/wp-json\/wp\/v2\/types\/post"}],"author":[{"embeddable":true,"href":"https:\/\/www.bbyhaber.com\/bby\/wp-json\/wp\/v2\/users\/1"}],"replies":[{"embeddable":true,"href":"https:\/\/www.bbyhaber.com\/bby\/wp-json\/wp\/v2\/comments?post=13309"}],"version-history":[{"count":0,"href":"https:\/\/www.bbyhaber.com\/bby\/wp-json\/wp\/v2\/posts\/13309\/revisions"}],"wp:attachment":[{"href":"https:\/\/www.bbyhaber.com\/bby\/wp-json\/wp\/v2\/media?parent=13309"}],"wp:term":[{"taxonomy":"category","embeddable":true,"href":"https:\/\/www.bbyhaber.com\/bby\/wp-json\/wp\/v2\/categories?post=13309"},{"taxonomy":"post_tag","embeddable":true,"href":"https:\/\/www.bbyhaber.com\/bby\/wp-json\/wp\/v2\/tags?post=13309"}],"curies":[{"name":"wp","href":"https:\/\/api.w.org\/{rel}","templated":true}]}}