{"id":1329,"date":"2010-02-24T17:56:07","date_gmt":"2010-02-24T17:56:07","guid":{"rendered":"http:\/\/www.bbyhaber.com\/bby\/?p=1329"},"modified":"2012-05-02T14:34:50","modified_gmt":"2012-05-02T14:34:50","slug":"madimak-oteli-kamulastirilacak","status":"publish","type":"post","link":"https:\/\/www.bbyhaber.com\/bby\/2010\/02\/24\/madimak-oteli-kamulastirilacak","title":{"rendered":"Mad\u0131mak Oteli kamula\u015ft\u0131r\u0131lacak"},"content":{"rendered":"<p style=\"text-align: justify;\">S\u0130VAS- Alevi \u00c7al\u0131\u015ftay\u0131\u2019n\u0131n devam\u0131 niteli\u011finde Mad\u0131mak Oteli&#8217;nin m\u00fcze veya parka d\u00f6n\u00fc\u015ft\u00fcr\u00fclmesi y\u00f6n\u00fcnde olu\u015fan istekleri do\u011frultusunda Sivas&#8217;ta sivil toplum \u00f6rg\u00fctleri, siyasi parti temsilcileri ve kanaat \u00f6nderleri ile bir araya gelen Devlet Bakan\u0131 Faruk \u00c7elik, tek tek bu konudaki talep ve d\u00fc\u015f\u00fcnceleri dinledi. Bakan \u00c7elik, yap\u0131lan de\u011ferlendirmeler sonucunda otelin kamula\u015ft\u0131r\u0131lmas\u0131n\u0131n uygun olaca\u011f\u0131na karar verdiklerini belirterek, bu konudaki \u00e7al\u0131\u015fmalar\u0131n hemen ba\u015flat\u0131laca\u011f\u0131n\u0131 duyurdu.<!--more--><\/p>\n<p style=\"text-align: justify;\">B\u00fcy\u00fck Otel&#8217;de d\u00fczenlenen ve iki oturum halinde yakla\u015f\u0131k 6 saat s\u00fcren toplant\u0131da kat\u0131l\u0131mc\u0131lar Mad\u0131mak Oteli ile ilgili d\u00fc\u015f\u00fcncelerini dile getirdi. Toplant\u0131ya kat\u0131lan CHP ve DSP ile Hac\u0131 Bekta\u015f Veli Anadolu K\u00fclt\u00fcr Vakf\u0131 Alevi K\u00fclt\u00fcr Derne\u011fi, t\u00fcm d\u00fcnyada ya\u015fayan Alevilerin ortak d\u00fc\u015f\u00fcncesinin otelin m\u00fczeye d\u00f6n\u00fc\u015ft\u00fcr\u00fclmesi oldu\u011funu tekrar ederek, buran\u0131n utan\u00e7 m\u00fczesi olmas\u0131 \u00f6nerisinde bulundu. CHP ve DSP ayr\u0131ca gerekirse giri\u015f kat\u0131n\u0131n m\u00fcze, di\u011fer katlar\u0131n ise k\u00fct\u00fcphane olabilece\u011fi fikrini ileri s\u00fcrd\u00fc. Cem Vakf\u0131 ise otelin y\u0131k\u0131larak yerine park ve i\u00e7en bar\u0131\u015f ve karde\u015flik an\u0131t\u0131 yap\u0131lmas\u0131 \u00f6nerisinde bulundu. Bu g\u00f6r\u00fc\u015f\u00fc savunan kat\u0131l\u0131mc\u0131lar, otelin m\u00fcze yap\u0131lmas\u0131 halinde sorunun \u00f6nemli \u00f6l\u00e7\u00fcde \u00e7\u00f6z\u00fclece\u011fi g\u00f6r\u00fc\u015f\u00fcnde birle\u015fti. Toplant\u0131ya kat\u0131lan di\u011fer kurulu\u015f ve sivil toplum \u00f6rg\u00fct\u00fc ve sa\u011f g\u00f6r\u00fc\u015fl\u00fc siyasi partilerin temsilcilerinin ortak g\u00f6r\u00fc\u015f\u00fc ise buran\u0131n halk k\u00fct\u00fcphanesi veya \u00e7ocuk k\u00fct\u00fcphanesi \u015feklinde d\u00fczenlenmesi oldu. Ticaret ve Sanayi Odas\u0131&#8217;n\u0131n d\u00fcn konuyla ilgili ger\u00e7ekle\u015ftirdi\u011fi toplant\u0131da 40 dolay\u0131nda kurulu\u015f ise daha \u00f6nce dile getirilen talepler do\u011frultusunda otelin k\u00fct\u00fcphane \u015feklinde d\u00fczenlenmesinin daha do\u011fru olaca\u011f\u0131n\u0131 ile getirdi. Memur-Sen \u0130l Temsilcili\u011fi ve ba\u011f\u0131l\u0131 30 sendika ad\u0131na da otelin k\u00fct\u00fcphaneye \u00e7evrilmesi fikri iletildi. Toplant\u0131 genelinde b\u00fcy\u00fck bir kesim k\u00fct\u00fcphane yap\u0131lmas\u0131 konusunda g\u00f6r\u00fc\u015f bildirdi. Ayr\u0131ca d\u0131\u015f\u0131nda bir plaket olu\u015fturularak olay\u0131n k\u0131nand\u0131\u011f\u0131n\u0131 g\u00f6sterilen bir b\u00f6l\u00fcm olu\u015fturulabilece\u011fini dile getirdiler. Atat\u00fcrk\u00e7\u00fc D\u00fc\u015f\u00fcnce Derne\u011fi k\u00fclt\u00fcr evi, Muhtarlar Derne\u011fi ise k\u00fclt\u00fcr merkezi yap\u0131lmas\u0131 \u00f6nerisi getirdi. Sivas Belediye Ba\u015fkan\u0131 Do\u011fan \u00dcrg\u00fcp de otelin m\u00fcze yap\u0131lmas\u0131n\u0131n uygun olmayaca\u011f\u0131n\u0131 belirterek, k\u00fct\u00fcphane ve k\u00fclt\u00fcr merkezi gibi projelere destek verdi. Ba\u015fkan \u00dcrg\u00fcp gerekirse bu konuda halk\u0131n g\u00f6r\u00fc\u015f\u00fcne ba\u015fvurmak \u00fczere bir referandum yap\u0131labilece\u011fini a\u00e7\u0131klad\u0131. Otelin m\u00fcze, park veya an\u0131t olarak d\u00fczenlenmesine kar\u015f\u0131 g\u00f6r\u00fc\u015f bildiren ve k\u00fct\u00fcphane yap\u0131lmas\u0131n\u0131 isteyen \u00e7o\u011funluk, m\u00fcze veya benzeri bir yap\u0131 halinde ayr\u0131\u015fman\u0131n daha da artabilece\u011fi, bu i\u015fi tezgahlayan ki\u015filerin amac\u0131na hizmet edilmi\u015f olaca\u011f\u0131 ve gelecekte yeni olaylara sebebiyet verilebilece\u011fi uyar\u0131s\u0131nda bulundu.<\/p>\n<p style=\"text-align: justify;\">Cumhuriyet \u00dcniversitesi Rekt\u00f6r\u00fc Prof. Dr. \u0130lyas D\u00f6kmeta\u015f sadece Sivas de\u011fil T\u00fcrkiye genelinde insanlara kar\u015f\u0131 i\u015flenen bu t\u00fcr su\u00e7lar i\u00e7in her ilin giri\u015fine bir an\u0131t yap\u0131lmas\u0131 ve burada bu t\u00fcr olaylar\u0131n k\u0131nanmas\u0131n\u0131 sa\u011flayan yaz\u0131tlar yer almas\u0131 \u00f6nerisinde bulunarak k\u00fct\u00fcphane fikrine destek verdi. Toplant\u0131da Alevi k\u00f6kenli Ak Parti Milletvekilleri \u0130brahim Yi\u011fit ve H\u00fcseyin Tu\u011fucu da sorunun ortak bir karar ile \u00e7\u00f6z\u00fcm\u00fcnden yana olduklar\u0131n\u0131 dile getirdiler. Sivas Valisi Ali Kolat da bu toplant\u0131n\u0131n bir f\u0131rsat oldu\u011funu belirterek, \u201cBu ortam\u0131 yakalam\u0131\u015fken \u00e7\u00f6z\u00fcme kavu\u015fturulmas\u0131n\u0131 arzu ediyoruz\u201d dedi. Toplant\u0131da zaman zaman olay\u0131n olu\u015f \u015fekli ve failleri ile ilgili tart\u0131\u015fmalar da ya\u015fan\u0131rken, halen ger\u00e7ek faillerin bulunamad\u0131\u011f\u0131 ve devletin bu failleri bularak i\u015fe ba\u015flamas\u0131 gerekti\u011fi vurguland\u0131. Baz\u0131 kat\u0131l\u0131mc\u0131lar anma t\u00f6renlerine d\u0131\u015far\u0131dan gelenlerin provokasyona yol a\u00e7t\u0131\u011f\u0131n\u0131, Sivas&#8217;\u0131n kendi anma programlar\u0131n\u0131 tertiplemesi gerekti\u011fini savundu. Baz\u0131 konu\u015fmac\u0131lar\u0131n ise dil s\u00fcr\u00e7mesi sonucu 2 Temmuz anmalar\u0131n\u0131 \u2018Kutlama\u2019 olarak nitelendirmelerine bizzat m\u00fcdahale ederek d\u00fczeltti. Hac\u0131 Bekta\u015f Veli Anadolu K\u00fclt\u00fcr Vakf\u0131 \u015eube Ba\u015fkan\u0131 Cahit Albayrak ise toplant\u0131n\u0131n Mad\u0131mak Oteli&#8217;nde yap\u0131lmas\u0131n\u0131 arzu etti\u011fini belirterek toplant\u0131ya kat\u0131lanlar\u0131n topluca otele gidip 2 Temmuz&#8217;u beklemeden karanfil b\u0131rakmalar\u0131 \u00f6nerisinde bulundu.<\/p>\n<p style=\"text-align: justify;\">Toplant\u0131da, de\u011ferlendirmelerde bulunan Devlet Bakan\u0131 Faruk \u00c7elik bin 400 y\u0131l \u00f6ncesine dayanan Alevi sorununu \u00e7\u00f6zmek i\u00e7in bizzat Ba\u015fbakan&#8217;\u0131n iseti\u011fi ile 7 \u00e7al\u0131\u015ftay ger\u00e7ekle\u015ftirdiklerini, bu do\u011frultuda ilk olarak Mad\u0131mak Oteli sorunun \u00e7\u00f6zmek konusunda ad\u0131m atmaya karar verdiklerini dile getirdi. Mad\u0131mak Oteli olay\u0131n\u0131n her y\u0131l tart\u0131\u015f\u0131ld\u0131\u011f\u0131n\u0131 ve art\u0131k \u00e7\u00f6z\u00fcmlenmesi gerekti\u011fini belirten Bakan \u00c7elik, oran\u0131n m\u00fcze veya ba\u015fka bir\u015fey olmas\u0131n\u0131n \u00f6nemli olmad\u0131\u011f\u0131n\u0131, burada karar\u0131 Sivasl\u0131lar\u0131n vermesi gerekti\u011fini dile getirdi. \u00c7elik, \u201cSivasl\u0131 bu i\u015fi nas\u0131l \u00e7\u00f6zmek istiyorsa \u00f6yle olmal\u0131.Bu konunun Sivasl\u0131larca \u00e7\u00f6z\u00fclmesi huzur ve bar\u0131\u015f i\u00e7in \u00f6nemli. Y\u0131k\u0131l\u0131p yerine park m\u0131 yap\u0131lacak. An\u0131t m\u0131 yap\u0131lacak. M\u00fcze veya k\u00fclt\u00fcr merkezi mi olacak? Ortak noktada \u00e7\u00f6z\u00fclmesi en do\u011frusu. Halk\u0131n birlikte ya\u015famas\u0131 ve mutlulu\u011fu i\u00e7in bu \u00f6nemli\u201d dedi. Toplant\u0131ya kat\u0131lanlar\u0131n dile getirdi\u011fi g\u00f6r\u00fc\u015f ve birlik beraberlik ortam\u0131ndan memnun oldu\u011funu dile getiren Bakan \u00c7elik, \u201cAnkara&#8217;dan Sivas b\u00f6yle g\u00f6z\u00fckm\u00fcyor. Burada \u00f6nemli bir tart\u0131\u015fma ortam\u0131 yok. Bu konu daha \u00e7ok d\u0131\u015far\u0131da konu\u015fuluyor. Biz otelle ilgili b\u00fct\u00fcn taleplere e\u015fit mesafedeyiz. Belli bir noktada uzla\u015f\u0131 olacak\u201d diye konu\u015ftu.\u00a0<strong><\/strong><\/p>\n<p style=\"text-align: justify;\">Kaynak: <a href=\"http:\/\/www.radikal.com.tr\/\" target=\"_blank\">http:\/\/www.radikal.com.tr<\/a><\/p>\n","protected":false},"excerpt":{"rendered":"<p>S\u0130VAS- Alevi \u00c7al\u0131\u015ftay\u0131\u2019n\u0131n devam\u0131 niteli\u011finde Mad\u0131mak Oteli&#8217;nin m\u00fcze veya parka d\u00f6n\u00fc\u015ft\u00fcr\u00fclmesi y\u00f6n\u00fcnde olu\u015fan istekleri do\u011frultusunda Sivas&#8217;ta sivil toplum \u00f6rg\u00fctleri, siyasi parti temsilcileri ve kanaat \u00f6nderleri ile bir araya gelen Devlet Bakan\u0131 Faruk \u00c7elik, tek tek bu konudaki talep ve d\u00fc\u015f\u00fcnceleri dinledi. Bakan \u00c7elik, yap\u0131lan de\u011ferlendirmeler sonucunda otelin kamula\u015ft\u0131r\u0131lmas\u0131n\u0131n uygun olaca\u011f\u0131na karar verdiklerini belirterek, bu konudaki [&hellip;]<\/p>\n","protected":false},"author":1,"featured_media":0,"comment_status":"open","ping_status":"open","sticky":false,"template":"","format":"standard","meta":{"footnotes":""},"categories":[1],"tags":[161,160],"class_list":["post-1329","post","type-post","status-publish","format-standard","hentry","category-genel","tag-madimak-oteli","tag-madimak-oteli-kutuphane"],"_links":{"self":[{"href":"https:\/\/www.bbyhaber.com\/bby\/wp-json\/wp\/v2\/posts\/1329"}],"collection":[{"href":"https:\/\/www.bbyhaber.com\/bby\/wp-json\/wp\/v2\/posts"}],"about":[{"href":"https:\/\/www.bbyhaber.com\/bby\/wp-json\/wp\/v2\/types\/post"}],"author":[{"embeddable":true,"href":"https:\/\/www.bbyhaber.com\/bby\/wp-json\/wp\/v2\/users\/1"}],"replies":[{"embeddable":true,"href":"https:\/\/www.bbyhaber.com\/bby\/wp-json\/wp\/v2\/comments?post=1329"}],"version-history":[{"count":0,"href":"https:\/\/www.bbyhaber.com\/bby\/wp-json\/wp\/v2\/posts\/1329\/revisions"}],"wp:attachment":[{"href":"https:\/\/www.bbyhaber.com\/bby\/wp-json\/wp\/v2\/media?parent=1329"}],"wp:term":[{"taxonomy":"category","embeddable":true,"href":"https:\/\/www.bbyhaber.com\/bby\/wp-json\/wp\/v2\/categories?post=1329"},{"taxonomy":"post_tag","embeddable":true,"href":"https:\/\/www.bbyhaber.com\/bby\/wp-json\/wp\/v2\/tags?post=1329"}],"curies":[{"name":"wp","href":"https:\/\/api.w.org\/{rel}","templated":true}]}}