{"id":13251,"date":"2014-03-05T23:17:45","date_gmt":"2014-03-05T21:17:45","guid":{"rendered":"http:\/\/www.bbyhaber.com\/bby\/?p=13251"},"modified":"2014-04-07T09:43:38","modified_gmt":"2014-04-07T07:43:38","slug":"50-kutuphane-haftasi-eszamanli-okuma-etkinligi","status":"publish","type":"post","link":"https:\/\/www.bbyhaber.com\/bby\/2014\/03\/05\/50-kutuphane-haftasi-eszamanli-okuma-etkinligi","title":{"rendered":"50.K\u00fct\u00fcphane Haftas\u0131-E\u015fzamanl\u0131 Okuma Etkinli\u011fi Duyurusu"},"content":{"rendered":"<p style=\"text-align: justify;\"><img loading=\"lazy\" decoding=\"async\" class=\"alignleft\" src=\"http:\/\/www.bby.hacettepe.edu.tr\/bilgisistemi\/avatar\/ajuo4yn6.jpg\" alt=\"\" width=\"222\" height=\"115\" \/>Prof. Dr. B\u00fclent Y\u0131lmaz <strong>50.K\u00fct\u00fcphane Haftas\u0131-E\u015fzamanl\u0131 Okuma Etkinli\u011fi<\/strong> ile ilgili bir duyuru yay\u0131nlad\u0131; duyurunun i\u00e7eri\u011fi a\u015fa\u011f\u0131dad\u0131r:<\/p>\n<p style=\"text-align: justify;\">&#8220;50. K\u00fct\u00fcphane Haftas\u0131 Kutlama Program\u0131n\u0131n ge\u00e7 duyurulmas\u0131 olas\u0131l\u0131\u011f\u0131na kar\u015f\u0131n, \u00f6zellikle iller ve bu etkinli\u011fi k\u00fct\u00fcphaneleri d\u00fczeyinde (kurumsal) ger\u00e7ekle\u015ftirecek arkada\u015flar\u0131m\u0131z\u0131n K\u00fct\u00fcphane Haftas\u0131 Kutlama Programlar\u0131na koyabilmeleri a\u00e7\u0131s\u0131ndan &#8220;T\u00fcrkiye Okuyor!&#8221; ya da iller d\u00fczeyinde, \u00f6rne\u011fin; &#8220;Kayseri okuyor!&#8221; sloganlar\u0131 ile gelenekselle\u015ftirmeye \u00e7al\u0131\u015ft\u0131\u011f\u0131m\u0131z T\u00fcrkiye \u00e7ap\u0131nda <strong>bu y\u0131lki toplu ve e\u015fzamanl\u0131 okuma etkinli\u011fi<span style=\"color: #0000ff;\"> 02 Nisan 2014 \u00c7ar\u015famba 12.30-13.00<\/span><\/strong>&#8216;de ger\u00e7ekle\u015ftirilecektir. <!--more--><\/p>\n<p style=\"text-align: justify;\">Ge\u00e7mi\u015f y\u0131\u0131lardaki gibi etkili ve 50. Y\u0131la yak\u0131\u015f\u0131r bi\u00e7imde ba\u015far\u0131laca\u011f\u0131na inand\u0131\u011f\u0131m\u0131z bu etkinlik i\u00e7in haz\u0131rl\u0131klar\u0131n bu zaman dilimine g\u00f6re yap\u0131lmas\u0131 \u00f6nemli g\u00f6r\u00fcnmektedir. \u0130llerin okuma etkinlikleri i\u00e7in belirledikleri meydanlar\u0131 (yerleri) kamuoylar\u0131 ile zaman\u0131nda payla\u015fmalar\u0131\/duyurmalar\u0131 ve gerekiyorsa resmi izin i\u015flemlerini halletmeleri iyi olur. Etkinli\u011fi ger\u00e7ekle\u015ftirecek her il ya da kurum duyuru afi\u015flerini san\u0131r\u0131m daha \u00f6nceki y\u0131llarda tasarlananlardan yararlanarak haz\u0131rlayabilirler. Elbette yerel ve genel medyan\u0131n zaman\u0131nda bilgilendirilerek, bu etkinlikle ilgili olarak ilgisini \u00e7ekmek de son derece \u00f6nemli. Bu arada her il ve kurum bu etkinli\u011fin foto\u011fraflar\u0131n\u0131 \u00e7ekip, sosyal payla\u015f\u0131m ortamlar\u0131nda yay\u0131mlayabilirse kal\u0131c\u0131 bir g\u00f6r\u00fcnt\u00fc yarat\u0131lm\u0131\u015f olur.&#8221;<\/p>\n<p style=\"text-align: justify;\">Katk\u0131 verecek herkese kolay gelsin ve te\u015fekk\u00fcrler.<\/p>\n<p style=\"text-align: justify;\"><em>Prof. Dr. B\u00fclent Y\u0131lmaz<\/em><\/p>\n<p style=\"text-align: justify;\"><strong>81 \u0130lde Kitap Okuyoruz 2014 Afi\u015fi<\/strong><\/p>\n<p style=\"text-align: justify;\"><a href=\"http:\/\/www.bbyhaber.com\/bby\/wp-content\/uploads\/kutuphane-haftasi-afisleri\/kitapokuyoruz2014.jpg\"><img loading=\"lazy\" decoding=\"async\" class=\"alignnone\" src=\"http:\/\/www.bbyhaber.com\/bby\/wp-content\/uploads\/kutuphane-haftasi-afisleri\/kitapokuyoruz2014.jpg\" alt=\"\" width=\"172\" height=\"207\" \/><\/a><strong><\/strong><\/p>\n<p style=\"text-align: justify;\">&#8212;&#8212;<\/p>\n<p style=\"text-align: justify;\"><strong><em>2013 T\u00fcrkiye Okuyor Foto\u011fraf\u0131<\/em><\/strong><\/p>\n<p style=\"text-align: justify;\"><a href=\"http:\/\/www.bbyhaber.com\/bby\/wp-content\/uploads\/2014\/01\/49-kutuphane-haftasi-turkiye-okuyor.jpg\"><img loading=\"lazy\" decoding=\"async\" class=\"alignnone\" src=\"http:\/\/www.bbyhaber.com\/bby\/wp-content\/uploads\/2014\/01\/49-kutuphane-haftasi-turkiye-okuyor.jpg\" alt=\"\" width=\"200\" height=\"200\" \/><\/a><\/p>\n<p><span style=\"color: #ff0000;\"><strong>Not:<\/strong><\/span><\/p>\n<p>Okuma etkinli\u011fi foto\u011fraflar\u0131n\u0131z\u0131 bbyhaber facebook (<a href=\"https:\/\/www.facebook.com\/bbyhaber\" target=\"_blank\">https:\/\/www.facebook.com\/bbyhaber<\/a>) adresine g\u00f6nderirseniz e\u011fer, a\u015fa\u011f\u0131daki ba\u011flant\u0131da yer alan alb\u00fcmler gibi <strong>tek bir noktada<\/strong> ve <strong>t\u00fcm iller aras\u0131nda<\/strong> sizlerde yerinizi alabilirsiniz:<\/p>\n<p style=\"text-align: justify;\"><span style=\"color: #0000ff;\"><a href=\"https:\/\/www.facebook.com\/bbyhaber\/photos_albums\" target=\"_blank\"><span style=\"color: #0000ff;\">T\u00fcrkiye Okuyor 2013&#8217;de \u0130llere g\u00f6re da\u011f\u0131l\u0131m foto\u011fraflar\u0131 i\u00e7in t\u0131klay\u0131n\u0131z<\/span><\/a><\/span><\/p>\n","protected":false},"excerpt":{"rendered":"<p>Prof. Dr. B\u00fclent Y\u0131lmaz 50.K\u00fct\u00fcphane Haftas\u0131-E\u015fzamanl\u0131 Okuma Etkinli\u011fi ile ilgili bir duyuru yay\u0131nlad\u0131; duyurunun i\u00e7eri\u011fi a\u015fa\u011f\u0131dad\u0131r: &#8220;50. K\u00fct\u00fcphane Haftas\u0131 Kutlama Program\u0131n\u0131n ge\u00e7 duyurulmas\u0131 olas\u0131l\u0131\u011f\u0131na kar\u015f\u0131n, \u00f6zellikle iller ve bu etkinli\u011fi k\u00fct\u00fcphaneleri d\u00fczeyinde (kurumsal) ger\u00e7ekle\u015ftirecek arkada\u015flar\u0131m\u0131z\u0131n K\u00fct\u00fcphane Haftas\u0131 Kutlama Programlar\u0131na koyabilmeleri a\u00e7\u0131s\u0131ndan &#8220;T\u00fcrkiye Okuyor!&#8221; ya da iller d\u00fczeyinde, \u00f6rne\u011fin; &#8220;Kayseri okuyor!&#8221; sloganlar\u0131 ile gelenekselle\u015ftirmeye \u00e7al\u0131\u015ft\u0131\u011f\u0131m\u0131z T\u00fcrkiye [&hellip;]<\/p>\n","protected":false},"author":1,"featured_media":0,"comment_status":"open","ping_status":"open","sticky":false,"template":"","format":"standard","meta":{"footnotes":""},"categories":[1520],"tags":[1461],"class_list":["post-13251","post","type-post","status-publish","format-standard","hentry","category-50-kutuphane-haftasi","tag-kutuphane-haftasi"],"_links":{"self":[{"href":"https:\/\/www.bbyhaber.com\/bby\/wp-json\/wp\/v2\/posts\/13251"}],"collection":[{"href":"https:\/\/www.bbyhaber.com\/bby\/wp-json\/wp\/v2\/posts"}],"about":[{"href":"https:\/\/www.bbyhaber.com\/bby\/wp-json\/wp\/v2\/types\/post"}],"author":[{"embeddable":true,"href":"https:\/\/www.bbyhaber.com\/bby\/wp-json\/wp\/v2\/users\/1"}],"replies":[{"embeddable":true,"href":"https:\/\/www.bbyhaber.com\/bby\/wp-json\/wp\/v2\/comments?post=13251"}],"version-history":[{"count":0,"href":"https:\/\/www.bbyhaber.com\/bby\/wp-json\/wp\/v2\/posts\/13251\/revisions"}],"wp:attachment":[{"href":"https:\/\/www.bbyhaber.com\/bby\/wp-json\/wp\/v2\/media?parent=13251"}],"wp:term":[{"taxonomy":"category","embeddable":true,"href":"https:\/\/www.bbyhaber.com\/bby\/wp-json\/wp\/v2\/categories?post=13251"},{"taxonomy":"post_tag","embeddable":true,"href":"https:\/\/www.bbyhaber.com\/bby\/wp-json\/wp\/v2\/tags?post=13251"}],"curies":[{"name":"wp","href":"https:\/\/api.w.org\/{rel}","templated":true}]}}