{"id":13230,"date":"2014-02-26T15:39:22","date_gmt":"2014-02-26T13:39:22","guid":{"rendered":"http:\/\/www.bbyhaber.com\/bby\/?p=13230"},"modified":"2015-02-18T10:47:45","modified_gmt":"2015-02-18T08:47:45","slug":"salihli-halk-kutuphanesi-personeli-bilgilendirildi-kutuphan-e-turkiye","status":"publish","type":"post","link":"https:\/\/www.bbyhaber.com\/bby\/2014\/02\/26\/salihli-halk-kutuphanesi-personeli-bilgilendirildi-kutuphan-e-turkiye","title":{"rendered":"Salihli Halk K\u00fct\u00fcphanesi personeli bilgilendirildi-K\u00fct\u00fcphan-e T\u00fcrkiye"},"content":{"rendered":"<p style=\"text-align: justify;\"><img loading=\"lazy\" decoding=\"async\" class=\"alignleft\" src=\"http:\/\/www.bbyhaber.com\/bby\/wp-content\/uploads\/2014\/12\/mek.jpg\" alt=\"\" width=\"203\" height=\"105\" \/>Salihli Halk K\u00fct\u00fcphanesi m\u00fcd\u00fcr\u00fc Ya\u015far \u00c7i\u00e7ek; \u201cK\u00fct\u00fcphan-e T\u00fcrkiye\u201d ad\u0131 verilen bu proje, Bill ve Melinda Gates Vakf\u0131\u2019n\u0131n K\u00fcresel K\u00fct\u00fcphaneler giri\u015fimi taraf\u0131ndan desteklenmekte olup, \u00fclkemizdeki halk k\u00fct\u00fcphanelerinin, vatanda\u015flar\u0131n gereksinim duyduklar\u0131 Bilgi \u0130leti\u015fim Teknolojilerinin (B\u0130T) imkanlar\u0131n\u0131 engelsiz bir bi\u00e7imde hizmete sunan ve en \u00fcst d\u00fczeyde yararlanabilecekleri bir \u00e7ekim merkezi haline d\u00f6n\u00fc\u015ft\u00fcr\u00fclmesini hedeflemektedir.<!--more--><\/p>\n<p style=\"text-align: justify;\">B\u00f6ylelikle, ba\u015fta toplumun dezavantajl\u0131 kesimleri olmak \u00fczere, toplumun tamam\u0131n\u0131n zengin internet bilgi ve ileti\u015fim kaynaklar\u0131ndan yararlanabilmesi, e-devlet uygulamalar\u0131na kat\u0131labilmesi ve bunun bir sonucu olarak, toplumun hayat standard\u0131na geli\u015fme sa\u011flanmas\u0131 nihai ama\u00e7 olarak belirlenmi\u015ftir. Bu vesileyle Salihli Halk K\u00fct\u00fcphanesi M\u00fcd\u00fcrl\u00fc\u011f\u00fc proje kapsam\u0131nda pilot k\u00fct\u00fcphane se\u00e7ildi\u011finden dolay\u0131 k\u00fct\u00fcphane-e projesinin alt yap\u0131s\u0131n\u0131 en k\u0131sa zamanda haz\u0131rlanmas\u0131 i\u00e7in bakanl\u0131\u011f\u0131m\u0131z g\u00f6revli olarak il\u00e7emize gelen say\u0131n Prof. Dr. Mehmet Emin K\u00fc\u00e7\u00fck ve Prof. Dr. Ahmet \u00c7elik M\u00fcd\u00fcrl\u00fc\u011f\u00fcm\u00fcz personeline proje hakk\u0131nda sunum yapm\u0131\u015flard\u0131r\u201d dedi.<\/p>\n<p style=\"text-align: justify;\">Kaynak: http:\/\/www.salihligazetesi.com\/<\/p>\n","protected":false},"excerpt":{"rendered":"<p>Salihli Halk K\u00fct\u00fcphanesi m\u00fcd\u00fcr\u00fc Ya\u015far \u00c7i\u00e7ek; \u201cK\u00fct\u00fcphan-e T\u00fcrkiye\u201d ad\u0131 verilen bu proje, Bill ve Melinda Gates Vakf\u0131\u2019n\u0131n K\u00fcresel K\u00fct\u00fcphaneler giri\u015fimi taraf\u0131ndan desteklenmekte olup, \u00fclkemizdeki halk k\u00fct\u00fcphanelerinin, vatanda\u015flar\u0131n gereksinim duyduklar\u0131 Bilgi \u0130leti\u015fim Teknolojilerinin (B\u0130T) imkanlar\u0131n\u0131 engelsiz bir bi\u00e7imde hizmete sunan ve en \u00fcst d\u00fczeyde yararlanabilecekleri bir \u00e7ekim merkezi haline d\u00f6n\u00fc\u015ft\u00fcr\u00fclmesini hedeflemektedir.<\/p>\n","protected":false},"author":1,"featured_media":0,"comment_status":"open","ping_status":"open","sticky":false,"template":"","format":"standard","meta":{"footnotes":""},"categories":[1,1586,1598],"tags":[848],"class_list":["post-13230","post","type-post","status-publish","format-standard","hentry","category-genel","category-kutuphan-e-turkiye","category-prof-dr-mehmet-emin-kucuk","tag-halk-kutuphaneleri"],"_links":{"self":[{"href":"https:\/\/www.bbyhaber.com\/bby\/wp-json\/wp\/v2\/posts\/13230"}],"collection":[{"href":"https:\/\/www.bbyhaber.com\/bby\/wp-json\/wp\/v2\/posts"}],"about":[{"href":"https:\/\/www.bbyhaber.com\/bby\/wp-json\/wp\/v2\/types\/post"}],"author":[{"embeddable":true,"href":"https:\/\/www.bbyhaber.com\/bby\/wp-json\/wp\/v2\/users\/1"}],"replies":[{"embeddable":true,"href":"https:\/\/www.bbyhaber.com\/bby\/wp-json\/wp\/v2\/comments?post=13230"}],"version-history":[{"count":0,"href":"https:\/\/www.bbyhaber.com\/bby\/wp-json\/wp\/v2\/posts\/13230\/revisions"}],"wp:attachment":[{"href":"https:\/\/www.bbyhaber.com\/bby\/wp-json\/wp\/v2\/media?parent=13230"}],"wp:term":[{"taxonomy":"category","embeddable":true,"href":"https:\/\/www.bbyhaber.com\/bby\/wp-json\/wp\/v2\/categories?post=13230"},{"taxonomy":"post_tag","embeddable":true,"href":"https:\/\/www.bbyhaber.com\/bby\/wp-json\/wp\/v2\/tags?post=13230"}],"curies":[{"name":"wp","href":"https:\/\/api.w.org\/{rel}","templated":true}]}}