{"id":1323,"date":"2010-03-02T17:52:48","date_gmt":"2010-03-02T17:52:48","guid":{"rendered":"http:\/\/www.bbyhaber.com\/bby\/?p=1323"},"modified":"2013-02-13T11:24:11","modified_gmt":"2013-02-13T09:24:11","slug":"kahvehanelerde-%e2%80%9csuurlu-atilim%e2%80%9d","status":"publish","type":"post","link":"https:\/\/www.bbyhaber.com\/bby\/2010\/03\/02\/kahvehanelerde-%e2%80%9csuurlu-atilim%e2%80%9d","title":{"rendered":"Kahvehanelerde \u201c\u015fuurlu at\u0131l\u0131m\u201d"},"content":{"rendered":"<p style=\"text-align: justify;\" align=\"justify\">\u015euurlu \u00d6\u011fretmenler Derne\u011fi, \u201cHer Kahvehaneye 100 Kitap\u201d ad\u0131 alt\u0131nda haz\u0131rlad\u0131\u011f\u0131 projeyi hayata ge\u00e7irdi Erzincankap\u0131 semtinde iki ayr\u0131 kahvehaneye k\u00fct\u00fcphane kuran ve ard\u0131ndan kitapla donatan \u015euurlu \u00d6\u011fretmenler Derne\u011fi, bu proje sayesinde, bir ilke de imza atm\u0131\u015f oldu. \u015euurlu \u00d6\u011fretmenler Derne\u011fi Ba\u015fkan\u0131 Erdal Karag\u00fcl, Erzurum\u2019da bir s\u00fcre \u00f6nce faaliyete ba\u015flayan derne\u011fin, ilk hizmetini k\u00fclt\u00fcr hayat\u0131na katk\u0131da bulunarak verdi\u011fini s\u00f6yledi.<!--more--><\/p>\n<p style=\"text-align: justify;\" align=\"justify\">HER KAHVEHANEYE 100 K\u0130TAP<\/p>\n<p style=\"text-align: justify;\" align=\"justify\">Haz\u0131rlad\u0131klar\u0131 \u201cHer Kahvehaneye 100 Kitap\u201d adl\u0131 projeyi, Erzincankap\u0131 semtindeki kahvehanelerden ba\u015flayarak hayata ge\u00e7irdiklerini anlatan Karag\u00fcl, \u201cKahvehanelerimizden birine 150, di\u011ferine de 100 kitap temin ederek, projemizin a\u00e7\u0131l\u0131\u015f\u0131n\u0131 yapt\u0131k.\u201d dedi. Erzurum\u2019da kahvehane k\u00fclt\u00fcr\u00fcn\u00fcn eskilere dayanan bir gelenek oldu\u011funu, ancak ge\u00e7mi\u015fte kahvehanelerin \u015fimdi olduklar\u0131 gibi sadece \u00e7ay i\u00e7ilen bir mekan olmad\u0131\u011f\u0131n\u0131 anlatan Karag\u00fcl, bu projenin ayn\u0131 zamanda kahvehaneleri k\u0131raathanelere d\u00f6n\u00fc\u015ft\u00fcrme \u00e7abas\u0131 oldu\u011funu kaydetti. G\u00fcn\u00fcm\u00fczde en b\u00fcy\u00fck sorunun, kitap okumamak oldu\u011funa dikkati \u00e7eken Erdal Karag\u00fcl, \u201cHangi ya\u015f ve hangi kesimden olursa olsun, insanlar\u0131n okumaya ve \u00f6\u011frenmeye ihtiya\u00e7lar\u0131 var. Biz bu ihtiyac\u0131n hissedildi\u011fi s\u00fcrece, kahvehanelerimizi kitapla donatarak katk\u0131 sunmak istedik.\u201d diye konu\u015ftu.<\/p>\n<p style=\"text-align: justify;\" align=\"justify\">KIRAATHANE D\u00d6N\u00dc\u015e\u00dcM\u00dc<\/p>\n<p style=\"text-align: justify;\" align=\"justify\">Erzincankap\u0131 semtinde bulunan iki ayr\u0131 kahvehanede, proje \u00e7er\u00e7evesinde \u00f6nce kitapl\u0131k kurduklar\u0131n\u0131, ard\u0131ndan temin ettikleri kitaplar\u0131 bu k\u00fct\u00fcphanelere ba\u011f\u0131\u015flad\u0131klar\u0131n\u0131 anlatan \u015euurlu \u00d6\u011fretmenler Derne\u011fi Ba\u015fkan\u0131 Erdal Karag\u00fcl, kitapla donat\u0131lan kahvehane say\u0131s\u0131n\u0131 art\u0131rmaya kararl\u0131 olduklar\u0131n\u0131 kaydetti. Projeye destek vermek isteyen ki\u015fi, kurum ya da kurulu\u015flar\u0131n, toplumun okuma ve \u00f6\u011frenme ihtiyac\u0131n\u0131 gidermede \u00f6nemli bir sorumlulu\u011fu da yerine getirmi\u015f olacaklar\u0131n\u0131 anlatan Karag\u00fcl, Erzurum halk\u0131n\u0131n bu \u00e7abaya kar\u015f\u0131 kay\u0131ts\u0131z kalmamas\u0131n\u0131 istedi. Karag\u00fcl, \u201cHalk\u0131m\u0131zdan beklentimiz, kahvehanelere kurdu\u011fumuz kitapl\u0131klara kitap ba\u011f\u0131\u015flamalar\u0131 ve daha \u00e7ok insan\u0131n daha \u00e7ok bilgiden istifade etmelerini sa\u011flamal\u0131d\u0131r. Bu projeyi hayata ge\u00e7irmemizde bize en b\u00fcy\u00fck deste\u011fi veren Say\u0131n Valimize de te\u015fekk\u00fcr ediyoruz. \u00c7\u00fcnk\u00fc bu projenin hayata ge\u00e7irilmesi ba\u011flam\u0131nda bizimle kendisi de ortak bir paydada bulu\u015ftu. Biz arkam\u0131zdaki deste\u011fin daha da artmas\u0131n\u0131 arzuluyoruz. Biz, kahvehanelerimizi sadece bir bardak s\u0131cak suyun i\u00e7ildi\u011fi mekanlar olmaktan \u00e7\u0131kar\u0131p, okuma, \u00f6\u011frenme ve e\u011fitim merkezi haline getirmek istiyoruz.\u201d ifadelerini kulland\u0131.<strong><br \/>\n<\/strong><\/p>\n<p style=\"text-align: justify;\" align=\"justify\">Kaynak: http:\/\/www.erzurumgazetesi.com.tr<\/p>\n","protected":false},"excerpt":{"rendered":"<p>\u015euurlu \u00d6\u011fretmenler Derne\u011fi, \u201cHer Kahvehaneye 100 Kitap\u201d ad\u0131 alt\u0131nda haz\u0131rlad\u0131\u011f\u0131 projeyi hayata ge\u00e7irdi Erzincankap\u0131 semtinde iki ayr\u0131 kahvehaneye k\u00fct\u00fcphane kuran ve ard\u0131ndan kitapla donatan \u015euurlu \u00d6\u011fretmenler Derne\u011fi, bu proje sayesinde, bir ilke de imza atm\u0131\u015f oldu. \u015euurlu \u00d6\u011fretmenler Derne\u011fi Ba\u015fkan\u0131 Erdal Karag\u00fcl, Erzurum\u2019da bir s\u00fcre \u00f6nce faaliyete ba\u015flayan derne\u011fin, ilk hizmetini k\u00fclt\u00fcr hayat\u0131na katk\u0131da bulunarak [&hellip;]<\/p>\n","protected":false},"author":1,"featured_media":0,"comment_status":"open","ping_status":"open","sticky":false,"template":"","format":"standard","meta":{"footnotes":""},"categories":[1,1491],"tags":[],"class_list":["post-1323","post","type-post","status-publish","format-standard","hentry","category-genel","category-kahvehane-kutuphane"],"_links":{"self":[{"href":"https:\/\/www.bbyhaber.com\/bby\/wp-json\/wp\/v2\/posts\/1323"}],"collection":[{"href":"https:\/\/www.bbyhaber.com\/bby\/wp-json\/wp\/v2\/posts"}],"about":[{"href":"https:\/\/www.bbyhaber.com\/bby\/wp-json\/wp\/v2\/types\/post"}],"author":[{"embeddable":true,"href":"https:\/\/www.bbyhaber.com\/bby\/wp-json\/wp\/v2\/users\/1"}],"replies":[{"embeddable":true,"href":"https:\/\/www.bbyhaber.com\/bby\/wp-json\/wp\/v2\/comments?post=1323"}],"version-history":[{"count":0,"href":"https:\/\/www.bbyhaber.com\/bby\/wp-json\/wp\/v2\/posts\/1323\/revisions"}],"wp:attachment":[{"href":"https:\/\/www.bbyhaber.com\/bby\/wp-json\/wp\/v2\/media?parent=1323"}],"wp:term":[{"taxonomy":"category","embeddable":true,"href":"https:\/\/www.bbyhaber.com\/bby\/wp-json\/wp\/v2\/categories?post=1323"},{"taxonomy":"post_tag","embeddable":true,"href":"https:\/\/www.bbyhaber.com\/bby\/wp-json\/wp\/v2\/tags?post=1323"}],"curies":[{"name":"wp","href":"https:\/\/api.w.org\/{rel}","templated":true}]}}