{"id":1321,"date":"2010-03-03T17:51:05","date_gmt":"2010-03-03T17:51:05","guid":{"rendered":"http:\/\/www.bbyhaber.com\/bby\/?p=1321"},"modified":"2012-06-27T18:35:13","modified_gmt":"2012-06-27T18:35:13","slug":"kultur-bakanligi-kucultuluyor","status":"publish","type":"post","link":"https:\/\/www.bbyhaber.com\/bby\/2010\/03\/03\/kultur-bakanligi-kucultuluyor","title":{"rendered":"K\u00fclt\u00fcr Bakanl\u0131\u011f\u0131 k\u00fc\u00e7\u00fclt\u00fcl\u00fcyor"},"content":{"rendered":"<p style=\"text-align: justify;\">H\u00fck\u00fcmet, \u00f6nceki yasama d\u00f6neminde tart\u0131\u015fmalara neden oldu\u011fu i\u00e7in sonu\u00e7land\u0131r\u0131lamayan, m\u00fcze ve k\u00fct\u00fcphaneleri \u00f6zel idarelere ve belediyelere devretmeyi, il k\u00fclt\u00fcr ve turizm m\u00fcd\u00fcrl\u00fcklerini de kapatmay\u0131 \u00f6ng\u00f6ren tasar\u0131y\u0131 bu d\u00f6nem Meclis\u2019ten ge\u00e7irmeyi hedefliyor. Tasar\u0131 yasala\u015f\u0131rsa, 5 bin 849 personel de \u0130\u00e7i\u015fleri Bakanl\u0131\u011f\u0131\u2019na ba\u011flanacak.<!--more--><\/p>\n<p style=\"text-align: justify;\">K\u00fclt\u00fcr ve Turizm Bakanl\u0131\u011f\u0131\u2019n\u0131n Baz\u0131 Ta\u015fra Kurulu\u015flar\u0131n\u0131n \u0130l \u00d6zel \u0130dareleri ve Belediyelere Devredilmesine Dair Yasa Tasar\u0131s\u0131, ge\u00e7en ay Meclis Ba\u015fkanl\u0131\u011f\u0131\u2019na sunuldu. Daha evvel 2006\u2019da Meclis\u2019e sunulan fakat yasala\u015fmayan tasar\u0131, bug\u00fcn TBMM Milli E\u011fitim Komisyonu\u2019nda g\u00f6r\u00fc\u015f\u00fclecek. Tasar\u0131 \u00f6zetle \u015fu d\u00fczenlemeleri i\u00e7eriyor:<\/p>\n<p style=\"text-align: justify;\">Baz\u0131lar\u0131 merkezde kalacak \u0130l, il\u00e7e ve beldelerde bulunan m\u00fcze, k\u00fct\u00fcphane, k\u00fclt\u00fcr merkezi, dan\u0131\u015fma b\u00fcrosu, g\u00fczel sanatlar galerilerinin, etkili ve verimli bi\u00e7imde sunulmas\u0131 amac\u0131yla belediye s\u0131n\u0131rlar\u0131 i\u00e7inde belediyelere, b\u00fcnyesinde arkeolojik eser bulunduran m\u00fczeler ile il halk k\u00fct\u00fcphaneleri, il \u00f6zel idarelerine devredilecek. K\u00fclt\u00fcr ve il turizm m\u00fcd\u00fcrl\u00fckleri kapat\u0131lacak. M\u00fcze ve yazma eser k\u00fct\u00fcphaneleri merkeze ba\u011flanacak. Ulusal nitelikli m\u00fcze ba\u015fkanl\u0131\u011f\u0131 te\u015fkilat\u0131 kurulacak, bakanl\u0131kta kalmas\u0131 \u00f6ng\u00f6r\u00fclen m\u00fcze m\u00fcd\u00fcrl\u00fckleri buraya ba\u011flanacak.<\/p>\n<p style=\"text-align: justify;\">Te\u015fkilata ba\u011flanacak m\u00fczeler<\/p>\n<p style=\"text-align: justify;\">M\u00fcze Ba\u015fkanl\u0131\u011f\u0131 Te\u015fkilat\u0131\u2019na ba\u011flanmas\u0131 \u00f6ng\u00f6r\u00fclen m\u00fczeler \u015funlar: Ankara Anadolu Medeniyetleri, Antalya, Ayd\u0131n, Bodrum, Bursa, \u00c7anakkale, \u00c7orum, Denizli, Diyarbak\u0131r, Erzurum, Gaziantep, Hatay, \u0130stanbul Arkeoloji, \u0130stanbul Ayasofya, \u0130stanbul Topkap\u0131 Saray\u0131, \u0130stanbul T\u00fcrk ve \u0130slam Eserleri, \u0130zmir, Kapadokya, Mevlana, Samsun, \u015eanl\u0131urfa, Trabzon ve Van m\u00fcze ba\u015fkanl\u0131klar\u0131.<\/p>\n<p style=\"text-align: justify;\">Par\u00e7alamakla tehdit etmi\u015fler<\/p>\n<p style=\"text-align: justify;\">\u0130SKO\u00c7YA Ulusal M\u00fczesi\u2019nde sergilenen Leonardo da Vinci imzal\u0131 Meryem tablosunu 2003\u2019te turist k\u0131l\u0131\u011f\u0131nda \u00e7alan biri baltal\u0131 d\u00f6rt ki\u015finin, \u201cHemen 4.25 milyon sterlin vermezseniz tabloyu par\u00e7alar\u0131z\u201d diye tehditte de bulunduklar\u0131 ortaya \u00e7\u0131kt\u0131. Yakalanan zanl\u0131lar\u0131n yarg\u0131lanmas\u0131na ba\u015fland\u0131. \u0130ngiltere\u2019nin en b\u00fcy\u00fck sanat h\u0131rs\u0131zl\u0131\u011f\u0131 olarak kay\u0131tlara ge\u00e7en olayda \u00e7al\u0131nan tablonun de\u011ferinin 30 milyon ile 50 milyon sterlin aras\u0131 oldu\u011fu ifade edildi. Buccleuch D\u00fck\u00fc\u2019n\u00fcn koleksiyonunda bulunan tablo, 2007 y\u0131l\u0131nda Glasgow kentindeki bir avukatl\u0131k b\u00fcrosuna d\u00fczenlenen bask\u0131nda polis taraf\u0131ndan bulunmu\u015ftu. Umut ERDEM\/ANKARA.<\/p>\n<p style=\"text-align: justify;\">Kaynak: http:\/\/www.memurlar.net<\/p>\n","protected":false},"excerpt":{"rendered":"<p>H\u00fck\u00fcmet, \u00f6nceki yasama d\u00f6neminde tart\u0131\u015fmalara neden oldu\u011fu i\u00e7in sonu\u00e7land\u0131r\u0131lamayan, m\u00fcze ve k\u00fct\u00fcphaneleri \u00f6zel idarelere ve belediyelere devretmeyi, il k\u00fclt\u00fcr ve turizm m\u00fcd\u00fcrl\u00fcklerini de kapatmay\u0131 \u00f6ng\u00f6ren tasar\u0131y\u0131 bu d\u00f6nem Meclis\u2019ten ge\u00e7irmeyi hedefliyor. Tasar\u0131 yasala\u015f\u0131rsa, 5 bin 849 personel de \u0130\u00e7i\u015fleri Bakanl\u0131\u011f\u0131\u2019na ba\u011flanacak.<\/p>\n","protected":false},"author":1,"featured_media":0,"comment_status":"open","ping_status":"open","sticky":false,"template":"","format":"standard","meta":{"footnotes":""},"categories":[71,1572],"tags":[],"class_list":["post-1321","post","type-post","status-publish","format-standard","hentry","category-muze-kutuphaneleri-2","category-edebiyat-ve-muze-kutuphaneleri"],"_links":{"self":[{"href":"https:\/\/www.bbyhaber.com\/bby\/wp-json\/wp\/v2\/posts\/1321"}],"collection":[{"href":"https:\/\/www.bbyhaber.com\/bby\/wp-json\/wp\/v2\/posts"}],"about":[{"href":"https:\/\/www.bbyhaber.com\/bby\/wp-json\/wp\/v2\/types\/post"}],"author":[{"embeddable":true,"href":"https:\/\/www.bbyhaber.com\/bby\/wp-json\/wp\/v2\/users\/1"}],"replies":[{"embeddable":true,"href":"https:\/\/www.bbyhaber.com\/bby\/wp-json\/wp\/v2\/comments?post=1321"}],"version-history":[{"count":0,"href":"https:\/\/www.bbyhaber.com\/bby\/wp-json\/wp\/v2\/posts\/1321\/revisions"}],"wp:attachment":[{"href":"https:\/\/www.bbyhaber.com\/bby\/wp-json\/wp\/v2\/media?parent=1321"}],"wp:term":[{"taxonomy":"category","embeddable":true,"href":"https:\/\/www.bbyhaber.com\/bby\/wp-json\/wp\/v2\/categories?post=1321"},{"taxonomy":"post_tag","embeddable":true,"href":"https:\/\/www.bbyhaber.com\/bby\/wp-json\/wp\/v2\/tags?post=1321"}],"curies":[{"name":"wp","href":"https:\/\/api.w.org\/{rel}","templated":true}]}}