{"id":13207,"date":"2014-02-21T16:18:10","date_gmt":"2014-02-21T14:18:10","guid":{"rendered":"http:\/\/www.bbyhaber.com\/bby\/?p=13207"},"modified":"2018-10-15T12:53:55","modified_gmt":"2018-10-15T09:53:55","slug":"yok-ulusal-akademik-arsiv-projesi-egitim-semineri-3-mart-2014-ankara","status":"publish","type":"post","link":"https:\/\/www.bbyhaber.com\/bby\/2014\/02\/21\/yok-ulusal-akademik-arsiv-projesi-egitim-semineri-3-mart-2014-ankara","title":{"rendered":"Y\u00d6K Ulusal Akademik Ar\u015fiv Projesi E\u011fitim Semineri-3 Mart 2014, Ankara"},"content":{"rendered":"<p style=\"text-align: justify;\"><img loading=\"lazy\" decoding=\"async\" class=\"alignleft\" src=\"http:\/\/www.bbyhaber.com\/bby\/wp-content\/uploads\/dosyalar\/acikerisim\/resimler\/acik-erisim-logosu-turkiye.png\" alt=\"\" width=\"87\" height=\"150\" \/>Y\u00d6K Ulusal Akademik Ar\u015fivi&#8217;nin kurulmas\u0131 i\u00e7in t\u00fcm y\u00fcksek\u00f6\u011fretim kurumlar\u0131n\u0131n bir Kurumsal Akademik Ar\u015five sahip olmas\u0131 gerekmektedir. \u00c7e\u015fitli nedenlerle kurumsal akademik ar\u015fiv kuramayanlar i\u00e7in Y\u00d6K b\u00fcnyesinde bir \u00f6ks\u00fcz ar\u015fiv olu\u015fturulacakt\u0131r. Kurumsal ve \u00f6ks\u00fcz ar\u015fiv arac\u0131l\u0131\u011f\u0131yla toplanacak i\u00e7eri\u011fin Ulusal Akademik Ar\u015fiv sisteminde harmanlanmas\u0131, uzun s\u00fcreli korumas\u0131 ve eri\u015fime a\u00e7\u0131lmas\u0131 sa\u011flanacakt\u0131r. Kurumsal ar\u015fivlerin kurulmas\u0131 ve i\u015fletilmesi i\u00e7in gerekli hizmet i\u00e7i e\u011fitim deste\u011fi verilecektir. Bu \u00e7er\u00e7evede <span style=\"color: #000000;\"><strong>Ulusal Akademik Ar\u015fiv Projesi A\u00e7\u0131k Eri\u015fim Semineri<\/strong><\/span> e\u011fitim etkinli\u011finin program\u0131 a\u015fa\u011f\u0131da verilmi\u015ftir.<!--more--><\/p>\n<p style=\"text-align: justify;\"><span style=\"color: #0000ff;\"><strong>Y\u00d6K Ulusal Akademik Ar\u015fiv Projesi A\u00e7\u0131k Eri\u015fim Semineri Program Detay\u0131-3 Mart 2014, Ankara, Y\u00d6K<\/strong><\/span><\/p>\n<p style=\"text-align: justify;\"><strong>3 Mart Pazartesi<\/strong><\/p>\n<p style=\"text-align: justify;\"><strong>09:30-10:00 Kay\u0131t<\/strong><\/p>\n<p style=\"text-align: justify;\"><strong>10:00 \u2013 10:15 \u201cNeden Ulusal Akademik Ar\u015fiv\u201d<\/strong><br \/>\nProf.Dr. G\u00f6khan \u00c7ET\u0130NSAYA, Y\u00fcksek\u00f6\u011fretim Kurulu Ba\u015fkan\u0131<br \/>\n<strong><br \/>\n10:15<\/strong> <strong>-10:45<\/strong> <strong><em>\u201c<\/em><\/strong><strong><em>Neden A\u00e7\u0131k Eri\u015fim?\u201d<br \/>\n<\/em><\/strong>G\u00fcltekin G\u00dcRDAL, \u0130zmir Y\u00fcksek Teknoloji Enstit\u00fcs\u00fc<\/p>\n<p style=\"text-align: justify;\"><strong>10:45-11:15 \u201cYasal Y\u00f6nleriyle <\/strong><strong>A\u00e7\u0131k Eri\u015fim<br \/>\n<\/strong>\u0130lkay Holt, \u00d6zye\u011fin \u00dcniversitesi<\/p>\n<p style=\"text-align: justify;\"><strong>11:15 -11:45 \u00c7ay Kahve Aras\u0131<\/strong><\/p>\n<p style=\"text-align: justify;\"><strong>Oturum Ba\u015fkan\u0131: <\/strong>Prof.Dr. Ramazan ACUN, Hacettepe \u00dcniversitesi<\/p>\n<p style=\"text-align: justify;\"><strong>11:45 \u2013 12:10 \u201cNeden Kurumsal A\u00e7\u0131k Ar\u015fiv?\u201d<br \/>\n<\/strong>\u00a0Ayhan KAYGUSUZ,\u00a0 \u0130stanbul \u015eehir \u00dcniversitesi<\/p>\n<p style=\"text-align: justify;\"><strong>12:10 \u2013 12:35 \u201cMevcut Durum ve Planlar: \u0130\u00e7erik\u201d<\/strong><\/p>\n<p style=\"text-align: justify;\">\u00a0Ahmet KAHRAMAN, \u00a0Y\u00fcksek\u00f6\u011fretim Kurulu Ba\u015fkanl\u0131\u011f\u0131<br \/>\n(Tezlerin Mevcut durumu, Y\u00d6K \u00f6ncesi tezler ve T\u00fcrk bilim insanlar\u0131n\u0131n yurt d\u0131\u015f\u0131nda yapt\u0131\u011f\u0131 tezler)<\/p>\n<p style=\"text-align: justify;\">\u00a0<strong>12:35 \u2013 13:00 \u201cMevcut Durum ve Planlar: Teknik\u201d<\/strong><\/p>\n<p style=\"text-align: justify;\">\u00a0Hasan LALE,\u00a0 Y\u00fcksek\u00f6\u011fretim Kurulu Ba\u015fkanl\u0131\u011f\u0131<\/p>\n<p style=\"text-align: justify;\">(Y\u00fcksek\u00f6\u011fretim Kurulu Ba\u015fkanl\u0131\u011f\u0131 Bilgi Teknolojileri Alt yap\u0131s\u0131, \u00d6ks\u00fcz yay\u0131nlar ar\u015fivi, uzun d\u00f6nemli saklama vb)<\/p>\n<p style=\"text-align: justify;\">\u00a0<strong>13:00 &#8211; 13:25\u201c Ulusal ve Uluslararas\u0131 \u00d6rnekler\u201d<\/strong><\/p>\n<p style=\"text-align: justify;\">\u00a0Yrd. Do\u00e7. Dr. G\u00fcss\u00fcn G\u00dcNE\u015e,\u00a0 Marmara \u00dcniversitesi<\/p>\n<p style=\"text-align: justify;\"><strong>\u00a013:30-14:30 \u00d6\u011fle Yeme\u011fi<\/strong><strong><\/strong><\/p>\n<p style=\"text-align: justify;\"><strong>14:30-16:00 \u201cA\u00e7\u0131k Eri\u015fim Standartlar\u0131 ve DSpace Yaz\u0131l\u0131m\u0131\u201d<br \/>\n<\/strong>S\u00f6nmez \u00c7EL\u0130K, Do\u011fu\u015f \u00dcniversitesi<br \/>\nYrd. Do\u00e7. Dr. H\u00fcseyin Y\u00fcce, Marmara \u00dcniversitesi<br \/>\nHasan Lale, Y\u00fcksek\u00f6\u011fretim Kurulu Ba\u015fkanl\u0131\u011f\u0131<\/p>\n<p style=\"text-align: justify;\">-A\u00e7\u0131k Eri\u015fim Standartlar\u0131<br \/>\n-Handle<br \/>\n-DSpace Genel Bilgi<br \/>\n-Sistem Gereksinimleri<br \/>\n-Kurulum<br \/>\n-Konfig\u00fcrasyon<br \/>\n-Veri Giri\u015fi<\/p>\n<p style=\"text-align: justify;\"><strong>16:00 \u2013 16:30 \u00c7ay Kahve Aras\u0131<br \/>\n16:30 -17:30 \u201cSorular ve Cevaplar\u201d<\/strong><\/p>\n<p style=\"text-align: justify;\"><a href=\"https:\/\/www.yok.gov.tr\/web\/acikerisim\/anasayfa\" target=\"_blank\"><span style=\"color: #0000ff;\">Y\u00d6K A\u00e7\u0131k Eri\u015fim sitesi i\u00e7in t\u0131klay\u0131n\u0131z<\/span><\/a><\/p>\n","protected":false},"excerpt":{"rendered":"<p>Y\u00d6K Ulusal Akademik Ar\u015fivi&#8217;nin kurulmas\u0131 i\u00e7in t\u00fcm y\u00fcksek\u00f6\u011fretim kurumlar\u0131n\u0131n bir Kurumsal Akademik Ar\u015five sahip olmas\u0131 gerekmektedir. \u00c7e\u015fitli nedenlerle kurumsal akademik ar\u015fiv kuramayanlar i\u00e7in Y\u00d6K b\u00fcnyesinde bir \u00f6ks\u00fcz ar\u015fiv olu\u015fturulacakt\u0131r. Kurumsal ve \u00f6ks\u00fcz ar\u015fiv arac\u0131l\u0131\u011f\u0131yla toplanacak i\u00e7eri\u011fin Ulusal Akademik Ar\u015fiv sisteminde harmanlanmas\u0131, uzun s\u00fcreli korumas\u0131 ve eri\u015fime a\u00e7\u0131lmas\u0131 sa\u011flanacakt\u0131r. Kurumsal ar\u015fivlerin kurulmas\u0131 ve i\u015fletilmesi i\u00e7in gerekli [&hellip;]<\/p>\n","protected":false},"author":1,"featured_media":0,"comment_status":"open","ping_status":"open","sticky":false,"template":"","format":"standard","meta":{"footnotes":""},"categories":[1473,1,1501],"tags":[1395,1088],"class_list":["post-13207","post","type-post","status-publish","format-standard","hentry","category-acik-erisim","category-genel","category-open-access","tag-bby-mesleki-etkinlikler-arsivi","tag-gultekin-gurdal"],"_links":{"self":[{"href":"https:\/\/www.bbyhaber.com\/bby\/wp-json\/wp\/v2\/posts\/13207"}],"collection":[{"href":"https:\/\/www.bbyhaber.com\/bby\/wp-json\/wp\/v2\/posts"}],"about":[{"href":"https:\/\/www.bbyhaber.com\/bby\/wp-json\/wp\/v2\/types\/post"}],"author":[{"embeddable":true,"href":"https:\/\/www.bbyhaber.com\/bby\/wp-json\/wp\/v2\/users\/1"}],"replies":[{"embeddable":true,"href":"https:\/\/www.bbyhaber.com\/bby\/wp-json\/wp\/v2\/comments?post=13207"}],"version-history":[{"count":1,"href":"https:\/\/www.bbyhaber.com\/bby\/wp-json\/wp\/v2\/posts\/13207\/revisions"}],"predecessor-version":[{"id":25277,"href":"https:\/\/www.bbyhaber.com\/bby\/wp-json\/wp\/v2\/posts\/13207\/revisions\/25277"}],"wp:attachment":[{"href":"https:\/\/www.bbyhaber.com\/bby\/wp-json\/wp\/v2\/media?parent=13207"}],"wp:term":[{"taxonomy":"category","embeddable":true,"href":"https:\/\/www.bbyhaber.com\/bby\/wp-json\/wp\/v2\/categories?post=13207"},{"taxonomy":"post_tag","embeddable":true,"href":"https:\/\/www.bbyhaber.com\/bby\/wp-json\/wp\/v2\/tags?post=13207"}],"curies":[{"name":"wp","href":"https:\/\/api.w.org\/{rel}","templated":true}]}}