{"id":13194,"date":"2014-02-20T16:10:24","date_gmt":"2014-02-20T14:10:24","guid":{"rendered":"http:\/\/www.bbyhaber.com\/bby\/?p=13194"},"modified":"2016-03-23T15:21:56","modified_gmt":"2016-03-23T13:21:56","slug":"50-kutuphane-haftasi-acilis-toreni-tarihi-belirlendi","status":"publish","type":"post","link":"https:\/\/www.bbyhaber.com\/bby\/2014\/02\/20\/50-kutuphane-haftasi-acilis-toreni-tarihi-belirlendi","title":{"rendered":"50.K\u00fct\u00fcphane Haftas\u0131 &#8220;a\u00e7\u0131l\u0131\u015f t\u00f6reni tarihi&#8221; belirlendi"},"content":{"rendered":"<p style=\"text-align: justify;\"><strong><img loading=\"lazy\" decoding=\"async\" class=\"alignleft\" src=\"http:\/\/www.bbyhaber.com\/bby\/wp-content\/uploads\/bby-dernek-logolar\/tkd-logo.png\" alt=\"\" width=\"195\" height=\"117\" \/>50.K\u00fct\u00fcphane Haftas\u0131 Ana Program\u0131-31 Mart\u2013 06 Nisan 2014 Milli K\u00fct\u00fcphane, Ankara: <\/strong>\u00dclkemizde her y\u0131l Mart ay\u0131n\u0131n son Pazartesi g\u00fcn\u00fc ba\u015flayan hafta, K\u00fct\u00fcphane Haftas\u0131 olarak kutlanmaktad\u0131r. <span style=\"color: #ff0000;\">2014 Yerel Se\u00e7imleri\u2019nin 30 Mart 2014\u2019te yap\u0131lacak olmas\u0131 nedeniyle,<\/span> 31 Mart-06 Nisan 2014 tarihleri aras\u0131nda kutlanacak olan <strong>50. K\u00fct\u00fcphane Haftas\u0131\u2019n\u0131n <span style=\"color: #ff0000;\">a\u00e7\u0131l\u0131\u015f t\u00f6reni<\/span><\/strong><span style=\"color: #ff0000;\">, <strong>01 Nisan 2014<\/strong><\/span> Sal\u0131 g\u00fcn\u00fc ger\u00e7ekle\u015ftirilecektir.<\/p>\n<p style=\"text-align: justify;\">Kaynak: http:\/\/www.kutuphaneci.org.tr\/<\/p>\n","protected":false},"excerpt":{"rendered":"<p>50.K\u00fct\u00fcphane Haftas\u0131 Ana Program\u0131-31 Mart\u2013 06 Nisan 2014 Milli K\u00fct\u00fcphane, Ankara: \u00dclkemizde her y\u0131l Mart ay\u0131n\u0131n son Pazartesi g\u00fcn\u00fc ba\u015flayan hafta, K\u00fct\u00fcphane Haftas\u0131 olarak kutlanmaktad\u0131r. 2014 Yerel Se\u00e7imleri\u2019nin 30 Mart 2014\u2019te yap\u0131lacak olmas\u0131 nedeniyle, 31 Mart-06 Nisan 2014 tarihleri aras\u0131nda kutlanacak olan 50. K\u00fct\u00fcphane Haftas\u0131\u2019n\u0131n a\u00e7\u0131l\u0131\u015f t\u00f6reni, 01 Nisan 2014 Sal\u0131 g\u00fcn\u00fc ger\u00e7ekle\u015ftirilecektir. Kaynak: http:\/\/www.kutuphaneci.org.tr\/<\/p>\n","protected":false},"author":1,"featured_media":0,"comment_status":"open","ping_status":"open","sticky":false,"template":"","format":"standard","meta":{"footnotes":""},"categories":[1520],"tags":[1461],"class_list":["post-13194","post","type-post","status-publish","format-standard","hentry","category-50-kutuphane-haftasi","tag-kutuphane-haftasi"],"_links":{"self":[{"href":"https:\/\/www.bbyhaber.com\/bby\/wp-json\/wp\/v2\/posts\/13194"}],"collection":[{"href":"https:\/\/www.bbyhaber.com\/bby\/wp-json\/wp\/v2\/posts"}],"about":[{"href":"https:\/\/www.bbyhaber.com\/bby\/wp-json\/wp\/v2\/types\/post"}],"author":[{"embeddable":true,"href":"https:\/\/www.bbyhaber.com\/bby\/wp-json\/wp\/v2\/users\/1"}],"replies":[{"embeddable":true,"href":"https:\/\/www.bbyhaber.com\/bby\/wp-json\/wp\/v2\/comments?post=13194"}],"version-history":[{"count":0,"href":"https:\/\/www.bbyhaber.com\/bby\/wp-json\/wp\/v2\/posts\/13194\/revisions"}],"wp:attachment":[{"href":"https:\/\/www.bbyhaber.com\/bby\/wp-json\/wp\/v2\/media?parent=13194"}],"wp:term":[{"taxonomy":"category","embeddable":true,"href":"https:\/\/www.bbyhaber.com\/bby\/wp-json\/wp\/v2\/categories?post=13194"},{"taxonomy":"post_tag","embeddable":true,"href":"https:\/\/www.bbyhaber.com\/bby\/wp-json\/wp\/v2\/tags?post=13194"}],"curies":[{"name":"wp","href":"https:\/\/api.w.org\/{rel}","templated":true}]}}