{"id":1319,"date":"2010-03-05T17:50:01","date_gmt":"2010-03-05T17:50:01","guid":{"rendered":"http:\/\/www.bbyhaber.com\/bby\/?p=1319"},"modified":"2012-05-02T14:34:36","modified_gmt":"2012-05-02T14:34:36","slug":"madimak-asik-veysel-kutuphanesi-olacak","status":"publish","type":"post","link":"https:\/\/www.bbyhaber.com\/bby\/2010\/03\/05\/madimak-asik-veysel-kutuphanesi-olacak","title":{"rendered":"Mad\u0131mak, A\u015f\u0131k Veysel K\u00fct\u00fcphanesi olacak"},"content":{"rendered":"<p style=\"text-align: justify;\" align=\"justify\">37 ayd\u0131n\u0131n yak\u0131larak \u00f6ld\u00fcr\u00fcld\u00fc\u011f\u00fc Mad\u0131mak Oteli\u2019nin il \u00f6zel idaresine devredilerek k\u00fct\u00fcphane yap\u0131lmas\u0131 Alevi a\u00e7\u0131l\u0131m\u0131n\u0131n en \u00f6nemli aya\u011fa olarak kabul ediliyor. Devlet Bakan\u0131 Faruk \u00c7elik, a\u00e7\u0131lacak k\u00fct\u00fcphaneye A\u015f\u0131k Veysel\u2019in ad\u0131n\u0131n verilebilece\u011fini s\u00f6yledi. Devlet Bakan\u0131 Faruk \u00c7elik, Mad\u0131mak Oteli\u2019nin k\u00fct\u00fcphane olmas\u0131 karar\u0131n\u0131n, Alevi a\u00e7\u0131l\u0131m\u0131n\u0131n en \u00f6nemli aya\u011f\u0131 oldu\u011funu s\u00f6yledi. Binadan Mad\u0131mak isminin silinece\u011fini a\u00e7\u0131klayan \u00c7elik, \u201cAc\u0131lar\u0131 daha fazla ka\u015f\u0131mamak gerekir. O Mad\u0131mak tabelas\u0131 oradan kalkacak. A\u015f\u0131k Veysel K\u00fct\u00fcphanesi olabilir\u201d dedi. Faruk \u00c7elik, 37 ayd\u0131n\u0131n yanarak \u00f6ld\u00fc\u011f\u00fc Mad\u0131mak Oteli\u2019yle ilgili \u015funlar\u0131 s\u00f6yledi:<!--more--><\/p>\n<p style=\"text-align: justify;\" align=\"justify\">\u201cBina restore edilecek. \u0130l \u00f6zel idaresi masraflar\u0131 kar\u015f\u0131layacak. \u0130lk giri\u015fte solda yang\u0131nda \u00f6len 37 ki\u015finin isminin yaz\u0131l\u0131 oldu\u011fu, \u00fcst\u00fcnde A\u015f\u0131k Veysel\u2019in alt\u0131nda Yunus Emre\u2019nin bar\u0131\u015f ve karde\u015fli\u011fi \u00e7a\u011fr\u0131\u015ft\u0131ran s\u00f6zlerinin oldu\u011fu mermer an\u0131t konulacak. 5 katl\u0131 binan\u0131n \u00fcst katlar\u0131nda \u00e7ocuk k\u00fct\u00fcphanesi, b\u00fcy\u00fckler i\u00e7in dinlenme ve kitap okuma kat\u0131 yap\u0131lacak. \u0130smini Sivasl\u0131lar koyacak. A\u015f\u0131k Veysel mi olur Cumhuriyet K\u00fct\u00fcphanesi mi olur? Ama Mad\u0131mak ismi oradan kalkacak. Sivas\u2019taki toplant\u0131 g\u00f6r\u00fclmeye de\u011ferdi. \u20182 Temmuz bizim i\u00e7in kara bir g\u00fcn\u2019 dediler. \u2018O g\u00fcn \u015fehir d\u0131\u015f\u0131ndan gelenlerle anma toplant\u0131lar\u0131 yap\u0131ld\u0131\u011f\u0131nda \u00e7oluk \u00e7ocuk ailecek soka\u011fa bile \u00e7\u0131kam\u0131yoruz. Sivas bu utanc\u0131 art\u0131k ya\u015famamal\u0131. Buradaki bar\u0131\u015f ortam\u0131na zarar veriyor\u2019 dediler<strong>.\u201d<\/strong>\u00a0<strong><\/strong><\/p>\n<p style=\"text-align: justify;\">Kaynak: <a href=\"http:\/\/www.hurriyet.com.tr\/\" target=\"_blank\">http:\/\/www.hurriyet.com.tr<\/a><\/p>\n","protected":false},"excerpt":{"rendered":"<p>37 ayd\u0131n\u0131n yak\u0131larak \u00f6ld\u00fcr\u00fcld\u00fc\u011f\u00fc Mad\u0131mak Oteli\u2019nin il \u00f6zel idaresine devredilerek k\u00fct\u00fcphane yap\u0131lmas\u0131 Alevi a\u00e7\u0131l\u0131m\u0131n\u0131n en \u00f6nemli aya\u011fa olarak kabul ediliyor. Devlet Bakan\u0131 Faruk \u00c7elik, a\u00e7\u0131lacak k\u00fct\u00fcphaneye A\u015f\u0131k Veysel\u2019in ad\u0131n\u0131n verilebilece\u011fini s\u00f6yledi. Devlet Bakan\u0131 Faruk \u00c7elik, Mad\u0131mak Oteli\u2019nin k\u00fct\u00fcphane olmas\u0131 karar\u0131n\u0131n, Alevi a\u00e7\u0131l\u0131m\u0131n\u0131n en \u00f6nemli aya\u011f\u0131 oldu\u011funu s\u00f6yledi. Binadan Mad\u0131mak isminin silinece\u011fini a\u00e7\u0131klayan \u00c7elik, \u201cAc\u0131lar\u0131 daha [&hellip;]<\/p>\n","protected":false},"author":1,"featured_media":0,"comment_status":"open","ping_status":"open","sticky":false,"template":"","format":"standard","meta":{"footnotes":""},"categories":[1],"tags":[161,160],"class_list":["post-1319","post","type-post","status-publish","format-standard","hentry","category-genel","tag-madimak-oteli","tag-madimak-oteli-kutuphane"],"_links":{"self":[{"href":"https:\/\/www.bbyhaber.com\/bby\/wp-json\/wp\/v2\/posts\/1319"}],"collection":[{"href":"https:\/\/www.bbyhaber.com\/bby\/wp-json\/wp\/v2\/posts"}],"about":[{"href":"https:\/\/www.bbyhaber.com\/bby\/wp-json\/wp\/v2\/types\/post"}],"author":[{"embeddable":true,"href":"https:\/\/www.bbyhaber.com\/bby\/wp-json\/wp\/v2\/users\/1"}],"replies":[{"embeddable":true,"href":"https:\/\/www.bbyhaber.com\/bby\/wp-json\/wp\/v2\/comments?post=1319"}],"version-history":[{"count":0,"href":"https:\/\/www.bbyhaber.com\/bby\/wp-json\/wp\/v2\/posts\/1319\/revisions"}],"wp:attachment":[{"href":"https:\/\/www.bbyhaber.com\/bby\/wp-json\/wp\/v2\/media?parent=1319"}],"wp:term":[{"taxonomy":"category","embeddable":true,"href":"https:\/\/www.bbyhaber.com\/bby\/wp-json\/wp\/v2\/categories?post=1319"},{"taxonomy":"post_tag","embeddable":true,"href":"https:\/\/www.bbyhaber.com\/bby\/wp-json\/wp\/v2\/tags?post=1319"}],"curies":[{"name":"wp","href":"https:\/\/api.w.org\/{rel}","templated":true}]}}