{"id":13163,"date":"2014-02-20T12:10:02","date_gmt":"2014-02-20T10:10:02","guid":{"rendered":"http:\/\/www.bbyhaber.com\/bby\/?p=13163"},"modified":"2014-02-21T22:29:02","modified_gmt":"2014-02-21T20:29:02","slug":"arsiv-memurlari-icin-yeni-bir-kadro-ihdas-edilmesi-teklif-edildi","status":"publish","type":"post","link":"https:\/\/www.bbyhaber.com\/bby\/2014\/02\/20\/arsiv-memurlari-icin-yeni-bir-kadro-ihdas-edilmesi-teklif-edildi","title":{"rendered":"Ar\u015fiv Memurlar\u0131 i\u00e7in yeni bir kadro ihdas edilmesi teklif edildi"},"content":{"rendered":"<p style=\"text-align: justify;\"><img loading=\"lazy\" decoding=\"async\" class=\"alignleft\" src=\"http:\/\/www.bbyhaber.com\/bby\/wp-content\/uploads\/2013\/09\/bbyozluk.jpg\" alt=\"\" width=\"200\" height=\"100\" \/><\/p>\n<p style=\"text-align: justify;\">&#8220;<em>Genel \u0130dari Hizmetler S\u0131n\u0131f\u0131&#8217;nda \u201cAr\u015fiv Memuru\u201d kadrosunda \u00e7al\u0131\u015ft\u0131r\u0131lan meslekta\u015flar\u0131m\u0131z\u0131n kadro unvanlar\u0131ndan dolay\u0131 b\u00fcy\u00fck hak kay\u0131plar\u0131 ya\u015fad\u0131klar\u0131na hepimiz \u015fahit olmaktay\u0131z. K\u00fct\u00fcphaneci kadrosunun TH s\u0131n\u0131f\u0131na al\u0131nmas\u0131ndan sonra Bilgi ve Belge Y\u00f6netimi (BBY) B\u00f6l\u00fcm\u00fc mezunu \u201cAr\u015fiv Memuru\u201d kadrosunda \u00e7al\u0131\u015fan meslekta\u015flar\u0131m\u0131z\u0131n da u\u011frad\u0131\u011f\u0131 haks\u0131zl\u0131\u011f\u0131n giderilmesi ve Teknik Hizmetler S\u0131n\u0131f\u0131na al\u0131nabilmeleri amac\u0131yla<!--more--> T\u00fcrk K\u00fct\u00fcphaneciler Derne\u011fi Genel Ba\u015fkan\u0131 Say\u0131n Ali Fuat KARTAL, \u0130stanbul Milletvekili S\u00fcleyman \u00c7ELEB\u0130 ile konuyu g\u00f6r\u00fc\u015fm\u00fc\u015f ve S\u00fcleyman \u00c7ELEB\u0130 \u2019nin konuya olumlu yakla\u015fmas\u0131 \u00fczerine kendisine yaz\u0131l\u0131 olarak u\u011fran\u0131lan hak kayb\u0131yla ilgili gerek\u00e7eyi bildirmi\u015ftir.TBMM Ba\u015fkanl\u0131\u011f\u0131na sunulan 18 \u015eubat 2014 tarih ve 285573 say\u0131l\u0131 Kanun teklifinde; \u00c7evre ve \u015eehircilik Bakanl\u0131\u011f\u0131nda \u201cAr\u015fiv Memuru\u201d kadrosunda \u00e7al\u0131\u015fan meslekta\u015flar\u0131m\u0131z\u0131n u\u011frad\u0131\u011f\u0131 haks\u0131zl\u0131klar Derne\u011fimizin sundu\u011fu gerek\u00e7e ile ayr\u0131nt\u0131s\u0131 ile belirtilerek\u00a0 \u201cAr\u015fiv Memuru\u201d kadrolar\u0131nda \u00e7al\u0131\u015fan Bilgi ve Belge Y\u00f6netimi mezunlar\u0131n\u0131n \u201cAr\u015fivci\u201d kadrolar\u0131na atanmalar\u0131 ve TH s\u0131n\u0131f\u0131nda yer almalar\u0131 teklif edilmi\u015ftir.<\/em> Kanun teklifini TBMM Genel Kurul g\u00fcndemine getirmek i\u00e7in TKD Genel Merkezi\u2019nin konunun takip\u00e7isi olaca\u011f\u0131n\u0131 bildirir. Bir an \u00f6nce meslekta\u015flar\u0131m\u0131z\u0131n u\u011frad\u0131\u011f\u0131 haks\u0131zl\u0131\u011f\u0131 sonland\u0131rmak i\u00e7in ba\u015flatt\u0131\u011f\u0131m\u0131z giri\u015fimlerin olumlu sonu\u00e7lanmas\u0131n\u0131 dileriz.@TKD Genel Merkezi&#8221;<\/p>\n<p style=\"text-align: justify;\">&#8220;<em>T\u00fcrk K\u00fct\u00fcphaneciler Derne\u011fi (TKD) ar\u015fiv \u00e7al\u0131\u015fanlar\u0131n\u0131n ar\u015fivci kadrosu ile \u00e7al\u0131\u015fabilmesi i\u00e7in milletvekilleri arac\u0131l\u0131\u011f\u0131 ile TBMM&#8217;ye kanun teklifi haz\u0131rlad\u0131. TKD Genel Merkezi giri\u015fimi ile Ar\u015fivlerde \u00e7al\u0131\u015fan k\u00fct\u00fcphanecilik ve BBY mezunlar\u0131 i\u00e7in TBMM Ba\u015fkanl\u0131\u011f\u0131na kanun teklifi sunuldu. TBMM ba\u015fkanl\u0131\u011f\u0131na sunulan kanun teklifi ile k\u00fct\u00fcphanecilik b\u00f6l\u00fcm\u00fc mezunlar\u0131n\u0131n, ihdas edilecek olan \u201car\u015fivci\u201d kadrosuna atanmalar\u0131na imkan sa\u011flanmas\u0131 \u00f6ng\u00f6r\u00fcl\u00fcyor.@Ayd\u0131n \u0130leri<\/em>&#8220;<\/p>\n<p style=\"text-align: justify;\">\u00dcniversitelerin Bilgi ve Belge Y\u00f6netimi b\u00f6l\u00fcmlerinden mezun olanlar\u0131n &#8220;<strong>Ar\u015fiv Memuru<\/strong>&#8221; kadrosu d\u0131\u015f\u0131nda ihdas edilecek yeni bir kadroda istihdam edilmeleri ve mali haklar\u0131 bak\u0131m\u0131ndan k\u00fct\u00fcphaneci kadrosunda \u00e7al\u0131\u015fanlarla ayn\u0131 haklara sahip olmalar\u0131 konusunda bir kanun teklifi verildi. <strong>\u0130stanbul milletvekili S\u00fcleyman \u00c7ELEB\u0130<\/strong> taraf\u0131ndan haz\u0131rlanarak TBMM ba\u015fkanl\u0131\u011f\u0131na sunulan kanun teklifi ile k\u00fct\u00fcphanecilik b\u00f6l\u00fcm\u00fc mezunlar\u0131n\u0131n, ihdas edilecek olan \u201c<strong>Ar\u015fivci<\/strong>\u201d kadrosuna atanmalar\u0131na imkan sa\u011flanmas\u0131 \u00f6ng\u00f6r\u00fcl\u00fcyor.<\/p>\n<p style=\"text-align: justify;\"><strong>Kanun teklifinin gerek\u00e7esi ve metni:<\/strong><\/p>\n<p style=\"text-align: justify;\">Bilgi\u00a0ve Belge Y\u00f6netimi (K\u00fct\u00fcphanecilik, Dok\u00fcmantasyon-Enformasyon ve Ar\u015fivcilik), bas\u0131l\u0131 ve elektronik ortamda kay\u0131tl\u0131 her t\u00fcrl\u00fc\u00a0bilginin\u00a0toplanmas\u0131, korunmas\u0131, belirli tekniklerle\u00a0d\u00fczenlenmesi, yeniden bi\u00e7imlendirilmesi, iletilmesi ve eri\u015fime sunulmas\u0131na ili\u015fkin i\u015flem ve hizmetleri olu\u015fturma, y\u00fcr\u00fctme, y\u00f6nlendirme ve geli\u015ftirme s\u00fcrecidir. Ar\u015fivci ise s\u00f6z\u00fc edilen bu i\u015flem ve hizmetleri ger\u00e7ekle\u015ftirme\u00a0bilgi\u00a0ve becerisi gibi nitelikli insan g\u00fcc\u00fcne sahip meslek \u00fcyesidir.<\/p>\n<p style=\"text-align: justify;\">Uygarl\u0131k s\u00fcrecinin her a\u015famas\u0131nda\u00a0bilgi\u00a0toplumun yap\u0131s\u0131 temelden de\u011fi\u015fmekte ve \u00fcretimin girdisi olanbilgi\u00a0\u201c\u00e7\u0131kt\u0131\u201d niteli\u011fi kazanmaktad\u0131r. Bu y\u00fczy\u0131lda \u201cbilgi\u00a0ekonomisinden s\u00f6z edilmekte, en b\u00fcy\u00fck m\u00fccadelenin \u201cbilginin\u00a0denetimi\u201d boyutunda ya\u015fanaca\u011f\u0131 d\u00fc\u015f\u00fcn\u00fclmektedir.<\/p>\n<p style=\"text-align: justify;\">\u00dclkeler ekonomik strateji hedefini \u201cbilgi\u201d \u00fczerine kurmakta, hizmetler sekt\u00f6r\u00fc ekonomideki en b\u00fcy\u00fck paya ve bu sekt\u00f6rdeki\u00a0bilgi\u00a0a\u011f\u0131rl\u0131kl\u0131 meslekler de \u00f6nemli oranlara ula\u015fm\u0131\u015f bulunmaktad\u0131r.\u00a0Bilgitoplumuna ili\u015fkin olarak yap\u0131lan kestirimlerde\u00a0Bilgi\u00a0Y\u00f6netimi mesle\u011finin gelecek 20-30 y\u0131lda en \u00f6nemli on meslek aras\u0131nda yer alaca\u011f\u0131 \u00f6ng\u00f6r\u00fclmektedir.<\/p>\n<p style=\"text-align: justify;\">K\u0131saca, g\u00fcn\u00fcm\u00fcz k\u00fct\u00fcphane, ar\u015fiv ve dok\u00fcmantasyon merkezleri gibi\u00a0bilgi\u00a0merkezlerinde ger\u00e7ekle\u015ftirilen i\u015flemler ve verilen hizmetler uzmanl\u0131k d\u00fczeyinde teknik\u00a0bilgi\u00a0ve beceriye dayal\u0131 duruma gelmi\u015ftir.\u00a0Bilgi\u00a0merkezlerinde \u00e7al\u0131\u015fan k\u00fct\u00fcphaneciler g\u00fcn\u00fcm\u00fczde teknik\u00a0bilgi\u00a0ve becerisi y\u00fcksek uzmanlar olmak zorundad\u0131rlar.<\/p>\n<p style=\"text-align: justify;\">G\u00fcn\u00fcm\u00fcz\u00fcn\u00a0bilgi\u00a0merkezleri teknolojinin en yo\u011fun olarak kullan\u0131ld\u0131\u011f\u0131, i\u015flemlerin ve hizmetlerin t\u00fcm\u00fcyle teknolojiye ba\u011fl\u0131 oldu\u011fu kurumlard\u0131r. Bu kurumlarda i\u015flemleri ve hizmetleri ger\u00e7ekle\u015ftiren\u00a0bilgiy\u00f6neticileri (k\u00fct\u00fcphaneci, ar\u015fivist ve dok\u00fcmantalist) fiilen teknik uzman durumundad\u0131rlar.<\/p>\n<p style=\"text-align: justify;\"><strong>4 Temmuz 2011 tarihli KHK ile teknik hizmetler s\u0131n\u0131f\u0131na al\u0131nan k\u00fct\u00fcphanecilik b\u00f6l\u00fcm\u00fc mezunlar\u0131 \u00c7evre ve \u015eehircilik Bakanl\u0131\u011f\u0131nda \u201cAr\u015fiv Memuru\u201d stat\u00fcs\u00fcnde Genel \u0130dari Hizmetler S\u0131n\u0131f\u0131&#8217;nda \u00e7al\u0131\u015ft\u0131r\u0131lmaktad\u0131r. Ar\u015fiv Memurlu\u011fu kadrosu ise ortaokul mezunu, lise mezunu k\u00fct\u00fcphanecilikle ilgisi olamayan b\u00f6l\u00fcmlerden ki\u015filerin atand\u0131\u011f\u0131 bir stat\u00fcd\u00fcr.<\/strong><\/p>\n<p style=\"text-align: justify;\"><strong>Bu durum k\u00fct\u00fcphanecilik mezunlar\u0131n\u0131n 4 Temmuz 2011 tarihinden buyana hak kayb\u0131 ya\u015famas\u0131na sebep olmaktad\u0131r.<\/strong><\/p>\n<p style=\"text-align: justify;\"><strong>Anayasan\u0131n e\u015fitlik ilkesine ayk\u0131r\u0131 olan bu durumun d\u00fczeltilerek K\u00fct\u00fcphanecilik mezunlar\u0131n\u0131n e\u011fitim g\u00f6rd\u00fckleri alan uygun olarak, 4 Temmuz 2011 tarihli KHK gere\u011fince teknik hizmetler s\u0131n\u0131f\u0131nda ihdas edilen \u201cAr\u015fivci\u201d kadrolar\u0131na atanmalar\u0131 gerekmektedir.<\/strong><\/p>\n<p style=\"text-align: justify;\"><strong>Teknik hizmetler s\u0131n\u0131f\u0131ndaki ar\u015fivci kadrolar\u0131n\u0131n a\u00e7\u0131lmas\u0131 ve bu kadrolarda k\u00fct\u00fcphanecilik mezunlar\u0131n\u0131n g\u00f6revlendirilmesi hak kay\u0131plar\u0131n\u0131 giderecektir.<\/strong><\/p>\n<p style=\"text-align: justify;\"><strong>\u00c7EVRE VE \u015eEH\u0130RC\u0130L\u0130K BAKANLI\u011eININ TE\u015eK\u0130LAT VE G\u00d6REVLER\u0130 HAKKINDA KANUN H\u00dcKM\u00dcNDE KARARNAME \u0130LE DEVLET MEMURLARI KANUNUNDA DE\u011e\u0130\u015e\u0130KL\u0130K YAPILMASI HAKKINDA KANUN TEKL\u0130F\u0130<\/strong><\/p>\n<p style=\"text-align: justify;\">MADDE 1- 29\/6\/2011 tarihli ve 644 say\u0131l\u0131 \u00c7evre ve \u015eehircilik Bakanl\u0131\u011f\u0131n\u0131n Te\u015fkilat ve G\u00f6revleri Hakk\u0131nda Kanun H\u00fckm\u00fcnde Kararnameye a\u015fa\u011f\u0131daki ek madde eklenmi\u015ftir.<\/p>\n<p style=\"text-align: justify;\">\u201cEK MADDE 2- Bu Kanuna ekli (1) say\u0131l\u0131 listede yer alan kadrolar ihdas edilerek 190 say\u0131l\u0131 Kanun H\u00fckm\u00fcnde Kararnamenin eki (I) say\u0131l\u0131 cetvelin \u00c7evre ve \u015eehircilik Bakanl\u0131\u011f\u0131na ait b\u00f6l\u00fcm\u00fcne eklenmi\u015ftir.\u201d<\/p>\n<p style=\"text-align: justify;\">MADDE 2- 644 say\u0131l\u0131 Kanun H\u00fckm\u00fcnde Kararnameye a\u015fa\u011f\u0131daki ge\u00e7ici madde eklenmi\u015ftir. .<\/p>\n<p style=\"text-align: justify;\">\u201cGE\u00c7\u0130C\u0130 7-<strong> Bu maddenin y\u00fcr\u00fcrl\u00fc\u011fe girdi\u011fi tarihte \u00c7evre ve \u015eehircilik Bakanl\u0131\u011f\u0131n\u0131n \u201cAr\u015fiv memuru\u201d kadrolar\u0131nda g\u00f6rev yapan ve \u00fcniversitelerin\u00a0Bilgi\u00a0ve Belge Y\u00f6netimi b\u00f6l\u00fcmlerinden mezun olanlar \u201cAr\u015fivci\u201d kadrolar\u0131na atanm\u0131\u015f say\u0131l\u0131r.\u201d<\/strong><\/p>\n<p style=\"text-align: justify;\">MADDE 3- 14\/7\/1965 tarihli ve 657 say\u0131l\u0131 Devlet Memurlar\u0131 Kanununa a\u015fa\u011f\u0131daki ek madde eklenmi\u015ftir.<\/p>\n<p style=\"text-align: justify;\">\u201cEK MADDE 43- <strong>\u00c7evre ve \u015eehircilik Bakanl\u0131\u011f\u0131n\u0131n ar\u015fivci kadrosuna atananlara Teknik Hizmetleri S\u0131n\u0131f\u0131nda k\u00fct\u00fcphaneci unvanl\u0131 kadrolar\u0131n \u00f6zl\u00fck haklar\u0131na ili\u015fkin h\u00fck\u00fcmler uygulan\u0131r.\u201d.<\/strong><\/p>\n<p style=\"text-align: justify;\">MADDE 4- Bu Kanun yay\u0131m\u0131 tarihinde y\u00fcr\u00fcrl\u00fc\u011fe girer.<\/p>\n<p style=\"text-align: justify;\">MADDE 5- Bu Kanun h\u00fck\u00fcmlerini Bakanlar Kurulu y\u00fcr\u00fct\u00fcr.<\/p>\n<p style=\"text-align: justify;\">(1)SAYILI L\u0130STE<\/p>\n<p style=\"text-align: justify;\">KURUMU: \u00c7EVRE VE \u015eEH\u0130RC\u0130L\u0130K BAKANLI\u011eI<\/p>\n<p style=\"text-align: justify;\">TE\u015eK\u0130LATI: TA\u015eRA<\/p>\n<table border=\"1\" cellspacing=\"0\" cellpadding=\"0\">\n<tbody>\n<tr>\n<td valign=\"top\" width=\"102\">SINIF<\/td>\n<td valign=\"top\" width=\"102\">UNVANI<\/td>\n<td valign=\"top\" width=\"102\">DERECES\u0130<\/td>\n<td valign=\"top\" width=\"102\">SERBEST KADROADED\u0130<\/td>\n<td valign=\"top\" width=\"102\">TUTULAN KADRO ADED\u0130<\/td>\n<td valign=\"top\" width=\"102\">TOPLAM<\/td>\n<\/tr>\n<tr>\n<td valign=\"top\" width=\"102\">TH<\/td>\n<td valign=\"top\" width=\"102\">Ar\u015fivci<\/td>\n<td valign=\"top\" width=\"102\">1<\/td>\n<td valign=\"top\" width=\"102\">233<\/td>\n<td valign=\"top\" width=\"102\">&#8211;<\/td>\n<td valign=\"top\" width=\"102\">233<\/td>\n<\/tr>\n<\/tbody>\n<\/table>\n<p style=\"text-align: justify;\">Kaynak: http:\/\/www.kamuajans.com\/<\/p>\n","protected":false},"excerpt":{"rendered":"<p>&#8220;Genel \u0130dari Hizmetler S\u0131n\u0131f\u0131&#8217;nda \u201cAr\u015fiv Memuru\u201d kadrosunda \u00e7al\u0131\u015ft\u0131r\u0131lan meslekta\u015flar\u0131m\u0131z\u0131n kadro unvanlar\u0131ndan dolay\u0131 b\u00fcy\u00fck hak kay\u0131plar\u0131 ya\u015fad\u0131klar\u0131na hepimiz \u015fahit olmaktay\u0131z. K\u00fct\u00fcphaneci kadrosunun TH s\u0131n\u0131f\u0131na al\u0131nmas\u0131ndan sonra Bilgi ve Belge Y\u00f6netimi (BBY) B\u00f6l\u00fcm\u00fc mezunu \u201cAr\u015fiv Memuru\u201d kadrosunda \u00e7al\u0131\u015fan meslekta\u015flar\u0131m\u0131z\u0131n da u\u011frad\u0131\u011f\u0131 haks\u0131zl\u0131\u011f\u0131n giderilmesi ve Teknik Hizmetler S\u0131n\u0131f\u0131na al\u0131nabilmeleri amac\u0131yla<\/p>\n","protected":false},"author":1,"featured_media":0,"comment_status":"open","ping_status":"open","sticky":false,"template":"","format":"standard","meta":{"footnotes":""},"categories":[1,1605],"tags":[1096,1398],"class_list":["post-13163","post","type-post","status-publish","format-standard","hentry","category-genel","category-teknik-kadro-arsivciler","tag-arsivcilik","tag-bby-ozluk-haklari"],"_links":{"self":[{"href":"https:\/\/www.bbyhaber.com\/bby\/wp-json\/wp\/v2\/posts\/13163"}],"collection":[{"href":"https:\/\/www.bbyhaber.com\/bby\/wp-json\/wp\/v2\/posts"}],"about":[{"href":"https:\/\/www.bbyhaber.com\/bby\/wp-json\/wp\/v2\/types\/post"}],"author":[{"embeddable":true,"href":"https:\/\/www.bbyhaber.com\/bby\/wp-json\/wp\/v2\/users\/1"}],"replies":[{"embeddable":true,"href":"https:\/\/www.bbyhaber.com\/bby\/wp-json\/wp\/v2\/comments?post=13163"}],"version-history":[{"count":0,"href":"https:\/\/www.bbyhaber.com\/bby\/wp-json\/wp\/v2\/posts\/13163\/revisions"}],"wp:attachment":[{"href":"https:\/\/www.bbyhaber.com\/bby\/wp-json\/wp\/v2\/media?parent=13163"}],"wp:term":[{"taxonomy":"category","embeddable":true,"href":"https:\/\/www.bbyhaber.com\/bby\/wp-json\/wp\/v2\/categories?post=13163"},{"taxonomy":"post_tag","embeddable":true,"href":"https:\/\/www.bbyhaber.com\/bby\/wp-json\/wp\/v2\/tags?post=13163"}],"curies":[{"name":"wp","href":"https:\/\/api.w.org\/{rel}","templated":true}]}}