{"id":13160,"date":"2014-02-20T09:40:31","date_gmt":"2014-02-20T07:40:31","guid":{"rendered":"http:\/\/www.bbyhaber.com\/bby\/?p=13160"},"modified":"2014-02-20T09:40:31","modified_gmt":"2014-02-20T07:40:31","slug":"bafra-hasan-cakin-ilce-halk-kutuphanesi-restore-ediliyor","status":"publish","type":"post","link":"https:\/\/www.bbyhaber.com\/bby\/2014\/02\/20\/bafra-hasan-cakin-ilce-halk-kutuphanesi-restore-ediliyor","title":{"rendered":"Bafra Hasan \u00c7ak\u0131n \u0130l\u00e7e Halk K\u00fct\u00fcphanesi restore ediliyor"},"content":{"rendered":"<p style=\"text-align: justify;\"><img loading=\"lazy\" decoding=\"async\" class=\"alignleft\" src=\"http:\/\/imgs.cihan.com.tr\/4b5f089639830f343092967b5a4ad571b63c7766a066189762ea1da437e0ce76cfb9b2b73cd73c25dc81853b14fc65a364af552fce723df557e47e3d22563a0f6559f3527df50cd4dd3f70871b756bdf35fa97598d7ea890183f169f521dd3f1.jpg\" alt=\"\" width=\"276\" height=\"184\" \/>K\u00fclt\u00fcr Turizm Bakanl\u0131\u011f\u0131 Bafra Hasan \u00c7ak\u0131n \u0130l\u00e7e Halk K\u00fct\u00fcphanesi M\u00fcd\u00fcrl\u00fc\u011f\u00fc restore ediliyor. Al\u0131nan bilgiye g\u00f6re, Bafra Hasan \u00c7ak\u0131n \u0130l\u00e7e Halk K\u00fct\u00fcphanesi M\u00fcd\u00fcrl\u00fc\u011f\u00fc 14 \u015eubat 2014 tarihinde restore edilmeye ba\u015fland\u0131. \u00d6dene\u011fin K\u00fclt\u00fcr Turizm Bakanl\u0131\u011f\u0131nca kar\u015f\u0131land\u0131\u011f\u0131 restorasyon \u00e7al\u0131\u015fmalar\u0131 123 bin TL. tutacak. <!--more-->\u00c7al\u0131\u015fma k\u00fct\u00fcphane giri\u015fi, koridorlar, tuvaletler, pencereler ve kalorifer sisteminin do\u011falgaz sistemine d\u00f6n\u00fc\u015f\u00fcm\u00fcn\u00fc kaps\u0131yor. Restorasyon \u00e7al\u0131\u015fmalar\u0131 15 Mart 2014 tarihinde tamamlanacak. Bu s\u00fcre i\u00e7inde k\u00fct\u00fcphane sadece kitap verme i\u015flemi yap\u0131lacak.<\/p>\n<p style=\"text-align: justify;\">Kaynak: http:\/\/www.cihan.com.tr\/<\/p>\n","protected":false},"excerpt":{"rendered":"<p>K\u00fclt\u00fcr Turizm Bakanl\u0131\u011f\u0131 Bafra Hasan \u00c7ak\u0131n \u0130l\u00e7e Halk K\u00fct\u00fcphanesi M\u00fcd\u00fcrl\u00fc\u011f\u00fc restore ediliyor. Al\u0131nan bilgiye g\u00f6re, Bafra Hasan \u00c7ak\u0131n \u0130l\u00e7e Halk K\u00fct\u00fcphanesi M\u00fcd\u00fcrl\u00fc\u011f\u00fc 14 \u015eubat 2014 tarihinde restore edilmeye ba\u015fland\u0131. \u00d6dene\u011fin K\u00fclt\u00fcr Turizm Bakanl\u0131\u011f\u0131nca kar\u015f\u0131land\u0131\u011f\u0131 restorasyon \u00e7al\u0131\u015fmalar\u0131 123 bin TL. tutacak.<\/p>\n","protected":false},"author":1,"featured_media":0,"comment_status":"open","ping_status":"open","sticky":false,"template":"","format":"standard","meta":{"footnotes":""},"categories":[1],"tags":[848],"class_list":["post-13160","post","type-post","status-publish","format-standard","hentry","category-genel","tag-halk-kutuphaneleri"],"_links":{"self":[{"href":"https:\/\/www.bbyhaber.com\/bby\/wp-json\/wp\/v2\/posts\/13160"}],"collection":[{"href":"https:\/\/www.bbyhaber.com\/bby\/wp-json\/wp\/v2\/posts"}],"about":[{"href":"https:\/\/www.bbyhaber.com\/bby\/wp-json\/wp\/v2\/types\/post"}],"author":[{"embeddable":true,"href":"https:\/\/www.bbyhaber.com\/bby\/wp-json\/wp\/v2\/users\/1"}],"replies":[{"embeddable":true,"href":"https:\/\/www.bbyhaber.com\/bby\/wp-json\/wp\/v2\/comments?post=13160"}],"version-history":[{"count":0,"href":"https:\/\/www.bbyhaber.com\/bby\/wp-json\/wp\/v2\/posts\/13160\/revisions"}],"wp:attachment":[{"href":"https:\/\/www.bbyhaber.com\/bby\/wp-json\/wp\/v2\/media?parent=13160"}],"wp:term":[{"taxonomy":"category","embeddable":true,"href":"https:\/\/www.bbyhaber.com\/bby\/wp-json\/wp\/v2\/categories?post=13160"},{"taxonomy":"post_tag","embeddable":true,"href":"https:\/\/www.bbyhaber.com\/bby\/wp-json\/wp\/v2\/tags?post=13160"}],"curies":[{"name":"wp","href":"https:\/\/api.w.org\/{rel}","templated":true}]}}