{"id":1316,"date":"2010-03-15T17:48:36","date_gmt":"2010-03-15T17:48:36","guid":{"rendered":"http:\/\/www.bbyhaber.com\/bby\/?p=1316"},"modified":"2012-05-15T11:17:13","modified_gmt":"2012-05-15T11:17:13","slug":"koyu-icin-internetten-kitap-topluyor","status":"publish","type":"post","link":"https:\/\/www.bbyhaber.com\/bby\/2010\/03\/15\/koyu-icin-internetten-kitap-topluyor","title":{"rendered":"K\u00f6y\u00fc i\u00e7in \u0130nternetten Kitap Topluyor"},"content":{"rendered":"<p style=\"text-align: justify;\" align=\"justify\">Bilecik&#8217;te dedesinin ya\u015fad\u0131\u011f\u0131 k\u00f6y\u00fcne k\u00fct\u00fcphane kurmaya \u00e7al\u0131\u015fan \u015eermin \u00c7arkaci, internetten kitap kampanyas\u0131 ba\u015flatt\u0131. Erzurum, \u0130zmir gibi bir \u00e7ok ilden kitap deste\u011fi alan \u015eermin \u00c7arkaci, insanlar\u0131n bu konudaki duyarl\u0131l\u0131\u011f\u0131na hayran kald\u0131\u011f\u0131n\u0131 s\u00f6yledi. Bilecik&#8217;e ba\u011fl\u0131 Pazaryeri il\u00e7esinin \u00e7\u00f6mlek \u015fenli\u011fi ile \u00fcnl\u00fc K\u0131n\u0131k k\u00f6y\u00fcnde okuyan 200 \u00e7ocuk, k\u00fct\u00fcphaneye kavu\u015fuyor. Bu k\u00fct\u00fcphanenin mimar\u0131 ise k\u00f6y muhtar\u0131 Salim Ya\u015far&#8217;\u0131n torunu \u015eermin \u00c7arkaci. K\u00f6y\u00fcne duydu\u011fu sevgi sebebiyle \u00e7ocuklar\u0131n okumas\u0131n\u0131 isteyen \u00c7arkaci, payla\u015f\u0131m sitesi facebook&#8217;ta kitap kampanyas\u0131 ba\u015flatt\u0131.<!--more--><\/p>\n<p style=\"text-align: justify;\" align=\"justify\">Ankara&#8217;da ticaretle u\u011fra\u015fan \u00c7arkaci, kampanyaya T\u00fcrkiye&#8217;nin hemen her ilinden destek geldi\u011fini s\u00f6yledi. Genelde do\u011fuya kitap g\u00f6nderildi\u011fini hat\u0131rlatan \u00c7arkaci, Erzurum k\u00fct\u00fcphaneye kitap ba\u011f\u0131\u015flanmas\u0131 kar\u015f\u0131s\u0131nda duyguland\u0131\u011f\u0131n\u0131 ifade etti. 2 bin kitap toplamay\u0131 hedefledi\u011fini belirten \u00c7arkaci, \u015fu ana kadar 600 kitap ba\u011f\u0131\u015fland\u0131\u011f\u0131n\u0131 kaydetti. \u00c7arkaci, k\u00f6y\u00fcne k\u00fct\u00fcphane kuracak maddi G\u00fcce sahip olmas\u0131na kar\u015f\u0131n b\u00f6yle bir kampanya ba\u015flatt\u0131\u011f\u0131n\u0131 belirterek, \u015funlar\u0131 dile getirdi: &#8220;O k\u00f6yde b\u00fcy\u00fcd\u00fcm. Okuyacak kitap bulamazd\u0131m. \u015eu anda \u00e7ocuklar ayn\u0131 durumdalar. Art\u0131k meslek sahibi olunca nas\u0131l yard\u0131mc\u0131 olabilirim diye d\u00fc\u015f\u00fcnd\u00fcm. Tek ba\u015f\u0131ma kitap al\u0131p k\u00fct\u00fcphane kurabilirim, ama istiyorum ki k\u00f6yl\u00fc bunu sahiplensin, herkes i\u015fin i\u00e7ine girsin. Bu k\u00f6y\u00fcm\u00fcz\u00fcn etkinli\u011fidir. Benim tek ba\u015f\u0131ma yapt\u0131\u011f\u0131m bir \u015fey de\u011fil.&#8221; \u00c7arkaci, k\u00fct\u00fcphaneyi May\u0131s ay\u0131nda hizmete a\u00e7may\u0131 planlad\u0131klar\u0131n\u0131 s\u00f6zlerine ekledi.<\/p>\n<p style=\"text-align: justify;\" align=\"justify\">Kaynak: <a href=\"http:\/\/www.haberler.com\/\" target=\"_blank\">http:\/\/www.haberler.com<\/a><strong><br \/>\n<\/strong><\/p>\n","protected":false},"excerpt":{"rendered":"<p>Bilecik&#8217;te dedesinin ya\u015fad\u0131\u011f\u0131 k\u00f6y\u00fcne k\u00fct\u00fcphane kurmaya \u00e7al\u0131\u015fan \u015eermin \u00c7arkaci, internetten kitap kampanyas\u0131 ba\u015flatt\u0131. Erzurum, \u0130zmir gibi bir \u00e7ok ilden kitap deste\u011fi alan \u015eermin \u00c7arkaci, insanlar\u0131n bu konudaki duyarl\u0131l\u0131\u011f\u0131na hayran kald\u0131\u011f\u0131n\u0131 s\u00f6yledi. Bilecik&#8217;e ba\u011fl\u0131 Pazaryeri il\u00e7esinin \u00e7\u00f6mlek \u015fenli\u011fi ile \u00fcnl\u00fc K\u0131n\u0131k k\u00f6y\u00fcnde okuyan 200 \u00e7ocuk, k\u00fct\u00fcphaneye kavu\u015fuyor. Bu k\u00fct\u00fcphanenin mimar\u0131 ise k\u00f6y muhtar\u0131 Salim Ya\u015far&#8217;\u0131n torunu [&hellip;]<\/p>\n","protected":false},"author":1,"featured_media":0,"comment_status":"open","ping_status":"open","sticky":false,"template":"","format":"standard","meta":{"footnotes":""},"categories":[1,1492,1494,1497],"tags":[],"class_list":["post-1316","post","type-post","status-publish","format-standard","hentry","category-genel","category-kitap-destek","category-kitap-kampanyasi","category-kitap-toplama"],"_links":{"self":[{"href":"https:\/\/www.bbyhaber.com\/bby\/wp-json\/wp\/v2\/posts\/1316"}],"collection":[{"href":"https:\/\/www.bbyhaber.com\/bby\/wp-json\/wp\/v2\/posts"}],"about":[{"href":"https:\/\/www.bbyhaber.com\/bby\/wp-json\/wp\/v2\/types\/post"}],"author":[{"embeddable":true,"href":"https:\/\/www.bbyhaber.com\/bby\/wp-json\/wp\/v2\/users\/1"}],"replies":[{"embeddable":true,"href":"https:\/\/www.bbyhaber.com\/bby\/wp-json\/wp\/v2\/comments?post=1316"}],"version-history":[{"count":0,"href":"https:\/\/www.bbyhaber.com\/bby\/wp-json\/wp\/v2\/posts\/1316\/revisions"}],"wp:attachment":[{"href":"https:\/\/www.bbyhaber.com\/bby\/wp-json\/wp\/v2\/media?parent=1316"}],"wp:term":[{"taxonomy":"category","embeddable":true,"href":"https:\/\/www.bbyhaber.com\/bby\/wp-json\/wp\/v2\/categories?post=1316"},{"taxonomy":"post_tag","embeddable":true,"href":"https:\/\/www.bbyhaber.com\/bby\/wp-json\/wp\/v2\/tags?post=1316"}],"curies":[{"name":"wp","href":"https:\/\/api.w.org\/{rel}","templated":true}]}}