{"id":13136,"date":"2014-02-19T13:30:30","date_gmt":"2014-02-19T11:30:30","guid":{"rendered":"http:\/\/www.bbyhaber.com\/bby\/?p=13136"},"modified":"2014-02-19T13:31:07","modified_gmt":"2014-02-19T11:31:07","slug":"mebden-ece-ayhanin-mechul-ogrenci-aniti-siirine-sansur","status":"publish","type":"post","link":"https:\/\/www.bbyhaber.com\/bby\/2014\/02\/19\/mebden-ece-ayhanin-mechul-ogrenci-aniti-siirine-sansur","title":{"rendered":"MEB&#8217;den Ece Ayhan&#8217;\u0131n &#8216;Me\u00e7hul \u00d6\u011frenci An\u0131t\u0131&#8217; \u015fiirine sans\u00fcr"},"content":{"rendered":"<p style=\"text-align: justify;\"><img loading=\"lazy\" decoding=\"async\" class=\"alignleft\" src=\"http:\/\/siir.gen.tr\/siir\/e\/ece_ayhan\/ece_ayhan.jpg\" alt=\"\" width=\"200\" height=\"220\" \/>Serim Yay\u0131nlar\u0131 taraf\u0131ndan 12\u2019nci s\u0131n\u0131flar i\u00e7in haz\u0131rlanan T\u00fcrk Edebiyat\u0131 Ders Kitab\u0131\u2019nda sans\u00fcr ya\u015fand\u0131. Yay\u0131nevi haz\u0131rlad\u0131\u011f\u0131 kitab\u0131n ders kitab\u0131 olarak okutulmas\u0131 amac\u0131yla inceleme yap\u0131lmas\u0131 i\u00e7in Talim ve Terbiye Kurulu\u2019na verdi. Vatan Gazetesi&#8217;nden K\u0131van\u00e7 El&#8217;in haberine g\u00f6re kurul da ders kitab\u0131 incelemelerindeki yeni uygulama kapsam\u0131nda s\u00f6z konusu kitab\u0131 incelemeyle yetkilendirilmi\u015f &#8220;uzmanlara&#8221; g\u00f6nderdi. Uzmanlar\u00a0 kitap inceleme y\u00f6netmeli\u011fi uyar\u0131nca T\u00fcrk Edebiyat\u0131 12. S\u0131n\u0131f Ders Kitab\u0131\u2019n\u0131 &#8220;\u0130\u00e7eri\u011fin Anayasa ve kanunlara uygunlu\u011fu&#8221;,<!--more--> &#8220;\u0130\u00e7eri\u011fin bilimsel olarak yeterlili\u011fi&#8221;, &#8220;\u0130\u00e7eri\u011fin e\u011fitim ve \u00f6\u011fretim program\u0131n\u0131n kazan\u0131mlar\u0131n\u0131 ger\u00e7ekle\u015ftirme yeterlili\u011fi&#8221; ve &#8220;G\u00f6rsel tasar\u0131m ve i\u00e7erik tasar\u0131m\u0131n\u0131n, \u00f6\u011frenmeyi destekleyici nitelikte olmas\u0131 ve \u00f6\u011frencilerin geli\u015fim \u00f6zelliklerine uygunlu\u011fu bak\u0131m\u0131ndan&#8221; ayr\u0131 ayr\u0131 de\u011ferlendirdi.<\/p>\n<p style=\"text-align: justify;\">Kitab\u0131 &#8220;\u0130\u00e7eri\u011fin Anayasa ve kanunlara uygunlu\u011fu&#8221; a\u00e7\u0131s\u0131ndan inceleyen &#8220;uzmanlar&#8221;, kitab\u0131n ikinci \u00fcnitesinin sekizinci k\u0131sm\u0131nda &#8220;\u0130kinci Yeni Sonras\u0131 Toplumcu \u015eiir (1960-1980)&#8221; ba\u015fl\u0131\u011f\u0131 alt\u0131nda yer verilen konudaki &#8220;<strong>Me\u00e7hul \u00d6\u011frenci An\u0131t\u0131<\/strong>&#8221; <strong>\u015fiirini<\/strong> &#8220;<strong>Devletin manevi ki\u015fili\u011fini zedeleyecek ifadeler bar\u0131nd\u0131rmaktad\u0131r<\/strong>&#8221; <strong>denilerek \u00e7\u0131kar\u0131lmas\u0131 \u00f6nerildi<\/strong>. Talim ve Terbiye Kurulu da &#8220;Me\u00e7hul \u00d6\u011frenci An\u0131t\u0131&#8221; \u015fiirinin kitaptan \u00e7\u0131kar\u0131lmas\u0131 gerekti\u011fine ili\u015fkin inceleme raporunu g\u00fcndemine ald\u0131. Kurul, &#8220;<strong>Me\u00e7hul \u00d6\u011frenci An\u0131t\u0131&#8221; \u015fiirinin kitaptan \u00e7\u0131kar\u0131lmas\u0131 g\u00f6r\u00fc\u015f\u00fcn\u00fc benimsedi<\/strong> ve kitaba 5.7 puan vererek &#8220;<strong>uygun bulunmamas\u0131&#8221; karar\u0131<\/strong> verdi.<\/p>\n<p>KEND\u0130 KEND\u0130NE SANS\u00dcR<\/p>\n<p style=\"text-align: justify;\">Serim Yay\u0131nlar\u0131, karar\u0131 \u00fczerine d\u00fczeltmelere giderek kitab\u0131 tekrar Talim ve Terbiye Kurulu\u2019nun incelemesine sundu. Kurul bu kez kitab\u0131 farkl\u0131 uzmanlara yollad\u0131. Uzmanlar, ilk inceleme do\u011frultusunda d\u00fczeltilen kitapta bu kez Cumhuriyet d\u00f6nemi edebiyat\u0131nda \u00f6nemli yeri olan roman, \u00f6yk\u00fc ve oyun yazar\u0131 Re\u015fat Nuri G\u00fcltekin\u2019in &#8220;Anadolu Notlar\u0131 I-II&#8221; eserindeki &#8220;Otel&#8221; ba\u015fl\u0131kl\u0131 gezi yaz\u0131s\u0131ndaki bir paragrafa sans\u00fcr uygulad\u0131. &#8220;Otel&#8221; ba\u015fl\u0131kl\u0131 gezi yaz\u0131s\u0131nda Re\u015fat Nuri G\u00fcltekin\u2019in, kald\u0131\u011f\u0131 otelde kendisine yakmak i\u00e7in odun getiren &#8220;garson&#8221; \u00fczerinden yapt\u0131\u011f\u0131 genel de\u011ferlendirmesi &#8221; Milli k\u00fclt\u00fcr\u00fc zedeleyici nitelikte&#8221; bulundu.<\/p>\n<p style=\"text-align: justify;\">Kitap, bu kez Re\u015fat Nuri G\u00fcltekin\u2019in eserinin sans\u00fcrlendi\u011fi ikinci incelemesi sonras\u0131nda 3.3 puan verilerek Kurul\u2019un g\u00f6r\u00fc\u015f\u00fcne sunuldu. Talim Terbiye, ilgin\u00e7 bir \u015fekilde, ilk incelemede 5.7 puan alan ve eksikleri d\u00fczeltildikten sonra tekrar incelenen kitaba ikinci incelemenin ard\u0131ndan verilen 3.3 puan\u0131 ve Re\u015fat Nuri G\u00fcltekin\u2019e sans\u00fcr\u00fc de onaylad\u0131. Sans\u00fcre imza atan MEB , ayn\u0131 kitab\u0131 daha \u00f6nce 100 Temel Eser aras\u0131nda yer al\u0131yor. Bakanl\u0131k b\u00f6ylelikle kendi kendini sans\u00fcrlemi\u015f oldu.<\/p>\n<p style=\"text-align: justify;\">BAKAN&#8217;IN O ANI..<\/p>\n<p style=\"text-align: justify;\">Milli E\u011fitim Bakan\u0131 Nabi Avc\u0131&#8217;n\u0131n TEOG&#8217;un tan\u0131t\u0131ld\u0131\u011f\u0131 toplant\u0131da \u015fair Ece Ayhan\u2019dan da bir m\u0131sra payla\u015fm\u0131\u015ft\u0131. Sistemin \u00f6\u011frenciler a\u00e7\u0131s\u0131ndan s\u0131nav stresine neden olmayaca\u011f\u0131n\u0131 anlatan Bakan Avc\u0131, Ece Ayhan\u2019\u0131n &#8220;A\u00e7\u0131k Atlas&#8221; \u015fiirindeki &#8220;Efendiler ne yani \u00e7ocuklar hi\u00e7 g\u00fclmeyecekler mi?\u201d dizesini eksik okumas\u0131 \u00fczerine &#8220;Ece Ayhan\u2019\u0131 sans\u00fcrledi diyebilirler\u2026\u201d esprisini yapm\u0131\u015ft\u0131. Avc\u0131\u2019n\u0131n korktu\u011fu ba\u015f\u0131na geldi ve bakanl\u0131k Ayhan&#8217;\u0131 sans\u00fcrledi..<\/p>\n<p style=\"text-align: justify;\"><span style=\"color: #0000ff;\"><strong>ME\u00c7HUL \u00d6\u011eRENC\u0130 ANITI<\/strong><\/span><\/p>\n<p style=\"text-align: justify;\">Buraya bak\u0131n, burada, bu kara mermerin alt\u0131nda<br \/>\nBir teneff\u00fcs daha ya\u015fasayd\u0131<br \/>\nTabiattan tahtaya kalkacak bir \u00e7ocuk g\u00f6m\u00fcl\u00fcd\u00fcr<br \/>\nDevlet dersinde \u00f6ld\u00fcr\u00fclm\u00fc\u015ft\u00fcr<\/p>\n<p style=\"text-align: justify;\">Devletin ve tabiat\u0131n ortak ve yanl\u0131\u015f sorusu \u015fuydu:<br \/>\n-Mavera\u00fcnnehir nereye d\u00f6k\u00fcl\u00fcr?<br \/>\nEn arka s\u0131rada bir parma\u011f\u0131n tek ve do\u011fru kar\u015f\u0131l\u0131\u011f\u0131:<br \/>\n-Solgun bir halk \u00e7ocuklar\u0131 ayaklanmas\u0131n\u0131n kalbine!dir.<\/p>\n<p style=\"text-align: justify;\">Bu \u00f6l\u00fcm\u00fc de bast\u0131rmak i\u00e7in boynuna mekik oyal\u0131 mor<br \/>\nBir yazma ba\u011flayan eski eskici babas\u0131 yazm\u0131\u015ft\u0131r:<br \/>\nYani ki onu oyuncaklar\u0131 oldu\u011funa inand\u0131rm\u0131\u015ft\u0131m<\/p>\n<p style=\"text-align: justify;\">O g\u00fcnden b\u00f6yle asker kaputu giyip gizli bir geyik<br \/>\nYavrusunu emziren gece \u00e7ama\u015f\u0131rc\u0131s\u0131 anas\u0131 yazd\u0131rm\u0131\u015ft\u0131r:<br \/>\nAh ki o\u011flumun eme\u011fini eline verdiler<\/p>\n<p style=\"text-align: justify;\">Arkada\u015flar\u0131 zakkumlarla \u00f6rm\u00fc\u015flerdir \u015fu \u015fiiri:<br \/>\nAld\u0131rma 128! \u0130ntihar\u0131n paras\u0131z yat\u0131l\u0131 k\u00fc\u00e7\u00fck zabit okullar\u0131nda<br \/>\nHer \u00e7ocu\u011fun kalbinde kendinden daha b\u00fcy\u00fck bir \u00e7ocuk vard\u0131r<br \/>\nB\u00fct\u00fcn s\u0131n\u0131f sana \u00e7ocuk bayramlar\u0131nda zarfs\u0131z ku\u015flar g\u00f6nderecek.<\/p>\n<p style=\"text-align: justify;\">Kaynak: http:\/\/www.radikal.com.tr\/<\/p>\n","protected":false},"excerpt":{"rendered":"<p>Serim Yay\u0131nlar\u0131 taraf\u0131ndan 12\u2019nci s\u0131n\u0131flar i\u00e7in haz\u0131rlanan T\u00fcrk Edebiyat\u0131 Ders Kitab\u0131\u2019nda sans\u00fcr ya\u015fand\u0131. Yay\u0131nevi haz\u0131rlad\u0131\u011f\u0131 kitab\u0131n ders kitab\u0131 olarak okutulmas\u0131 amac\u0131yla inceleme yap\u0131lmas\u0131 i\u00e7in Talim ve Terbiye Kurulu\u2019na verdi. Vatan Gazetesi&#8217;nden K\u0131van\u00e7 El&#8217;in haberine g\u00f6re kurul da ders kitab\u0131 incelemelerindeki yeni uygulama kapsam\u0131nda s\u00f6z konusu kitab\u0131 incelemeyle yetkilendirilmi\u015f &#8220;uzmanlara&#8221; g\u00f6nderdi. Uzmanlar\u00a0 kitap inceleme y\u00f6netmeli\u011fi uyar\u0131nca [&hellip;]<\/p>\n","protected":false},"author":1,"featured_media":0,"comment_status":"open","ping_status":"open","sticky":false,"template":"","format":"standard","meta":{"footnotes":""},"categories":[1,519],"tags":[],"class_list":["post-13136","post","type-post","status-publish","format-standard","hentry","category-genel","category-sansur-2"],"_links":{"self":[{"href":"https:\/\/www.bbyhaber.com\/bby\/wp-json\/wp\/v2\/posts\/13136"}],"collection":[{"href":"https:\/\/www.bbyhaber.com\/bby\/wp-json\/wp\/v2\/posts"}],"about":[{"href":"https:\/\/www.bbyhaber.com\/bby\/wp-json\/wp\/v2\/types\/post"}],"author":[{"embeddable":true,"href":"https:\/\/www.bbyhaber.com\/bby\/wp-json\/wp\/v2\/users\/1"}],"replies":[{"embeddable":true,"href":"https:\/\/www.bbyhaber.com\/bby\/wp-json\/wp\/v2\/comments?post=13136"}],"version-history":[{"count":0,"href":"https:\/\/www.bbyhaber.com\/bby\/wp-json\/wp\/v2\/posts\/13136\/revisions"}],"wp:attachment":[{"href":"https:\/\/www.bbyhaber.com\/bby\/wp-json\/wp\/v2\/media?parent=13136"}],"wp:term":[{"taxonomy":"category","embeddable":true,"href":"https:\/\/www.bbyhaber.com\/bby\/wp-json\/wp\/v2\/categories?post=13136"},{"taxonomy":"post_tag","embeddable":true,"href":"https:\/\/www.bbyhaber.com\/bby\/wp-json\/wp\/v2\/tags?post=13136"}],"curies":[{"name":"wp","href":"https:\/\/api.w.org\/{rel}","templated":true}]}}