{"id":1313,"date":"2010-03-17T17:46:01","date_gmt":"2010-03-17T14:46:01","guid":{"rendered":"http:\/\/www.bbyhaber.com\/bby\/?p=1313"},"modified":"2012-09-07T22:10:46","modified_gmt":"2012-09-07T19:10:46","slug":"kutuphane-haftasi-bilgi-mabedi-kutuphane-temasiyla-kutlanacak","status":"publish","type":"post","link":"https:\/\/www.bbyhaber.com\/bby\/2010\/03\/17\/kutuphane-haftasi-bilgi-mabedi-kutuphane-temasiyla-kutlanacak","title":{"rendered":"K\u00fct\u00fcphane Haftas\u0131 &#8216;Bilgi Mabedi K\u00fct\u00fcphane&#8217; temas\u0131yla kutlanacak"},"content":{"rendered":"<p align=\"justify\">Adana \u0130l Halk K\u00fct\u00fcphanesi M\u00fcd\u00fcrl\u00fc\u011f\u00fc salonunda 46. K\u00fct\u00fcphane Haftas\u0131nda ger\u00e7ekle\u015ftirilecek etkinlikleri belirlemek \u00fczere Vali Yard\u0131mc\u0131s\u0131 Halis Arslan ba\u015fkanl\u0131\u011f\u0131nda bir toplant\u0131 d\u00fczenlendi. Toplant\u0131ya, Vali Yard\u0131mc\u0131s\u0131 Halis Arslan&#8217;\u0131n yan\u0131 s\u0131ra \u0130l K\u00fclt\u00fcr ve Turizm M\u00fcd\u00fcr\u00fc Osman Ar\u0131k, M\u00fcd\u00fcr Yard\u0131mc\u0131s\u0131 \u015eahap Karaman, Bas\u0131n Yay\u0131n Enformasyon M\u00fcd\u00fcr Vekili Erdo\u011fan G\u00fcvel, \u0130l Halk K\u00fct\u00fcphanesi M\u00fcd\u00fcr\u00fc Selim Arslan, \u00c7ukurova \u00dcniversitesi K\u00fct\u00fcphane ve D\u00f6k\u00fcmantasyon Daire Ba\u015fkan\u0131 Turhan Y\u0131lmaz, B\u00fcy\u00fck\u015fehir Belediyesini temsilen \u015eube M\u00fcd\u00fcr\u00fc Ya\u015far Fikret K\u00f6ksalan, Adana Esnaf ve Sanatkarlar Odas\u0131 Ba\u015fkan Vekili Ayd\u0131n H\u00fcr,<!--more--> \u0130LESAM \u015eube Ba\u015fkan\u0131 Remzi Y\u0131ld\u0131r\u0131m, \u00c7USAD Ba\u015fkan\u0131 Hamide Akata, GESAM Ba\u015fkan\u0131 Saliha Ye\u015filk\u00f6y, B\u00fcy\u00fck\u015fehir Belediyesi Tiyatro eski m\u00fcd\u00fcr\u00fc Ercan Kont, \u00c7ED ve \u00c7OKDER y\u00f6netim kurulu \u00fcyesi \u015eair Mansur Ekmek\u00e7i, Abdurrahim Gizer \u0130lk\u00f6\u011fretim Okulu M\u00fcd\u00fcr Yard\u0131mc\u0131s\u0131 Suzan Yavuz kat\u0131ld\u0131.Toplant\u0131 sonunda yap\u0131lacak etkinlikler kararla\u015ft\u0131r\u0131larak \u00f6\u011frenci ve vatanda\u015flar etkinliklere davet edildi..Hafta etkinlikleri i\u00e7erisinde \u00e7e\u015fitli konferanslar\u0131n yan\u0131 s\u0131ra \u00f6d\u00fcller de verilecek.. Merkez \u0130l Halk K\u00fct\u00fcphanesi, \u015eube K\u00fct\u00fcphaneleri ile G\u00f6rme Engelli k\u00fct\u00fcphanesinde en \u00e7ok kitap okuyan 11 okuyucu \u00f6d\u00fcl alacak.<\/p>\n<p>Kaynak: http:\/\/www.adanamedya.com<\/p>\n","protected":false},"excerpt":{"rendered":"<p>Adana \u0130l Halk K\u00fct\u00fcphanesi M\u00fcd\u00fcrl\u00fc\u011f\u00fc salonunda 46. K\u00fct\u00fcphane Haftas\u0131nda ger\u00e7ekle\u015ftirilecek etkinlikleri belirlemek \u00fczere Vali Yard\u0131mc\u0131s\u0131 Halis Arslan ba\u015fkanl\u0131\u011f\u0131nda bir toplant\u0131 d\u00fczenlendi. Toplant\u0131ya, Vali Yard\u0131mc\u0131s\u0131 Halis Arslan&#8217;\u0131n yan\u0131 s\u0131ra \u0130l K\u00fclt\u00fcr ve Turizm M\u00fcd\u00fcr\u00fc Osman Ar\u0131k, M\u00fcd\u00fcr Yard\u0131mc\u0131s\u0131 \u015eahap Karaman, Bas\u0131n Yay\u0131n Enformasyon M\u00fcd\u00fcr Vekili Erdo\u011fan G\u00fcvel, \u0130l Halk K\u00fct\u00fcphanesi M\u00fcd\u00fcr\u00fc Selim Arslan, \u00c7ukurova \u00dcniversitesi K\u00fct\u00fcphane [&hellip;]<\/p>\n","protected":false},"author":1,"featured_media":0,"comment_status":"open","ping_status":"open","sticky":false,"template":"","format":"standard","meta":{"footnotes":""},"categories":[1518],"tags":[1461],"class_list":["post-1313","post","type-post","status-publish","format-standard","hentry","category-46-kutuphane-haftasi","tag-kutuphane-haftasi"],"_links":{"self":[{"href":"https:\/\/www.bbyhaber.com\/bby\/wp-json\/wp\/v2\/posts\/1313"}],"collection":[{"href":"https:\/\/www.bbyhaber.com\/bby\/wp-json\/wp\/v2\/posts"}],"about":[{"href":"https:\/\/www.bbyhaber.com\/bby\/wp-json\/wp\/v2\/types\/post"}],"author":[{"embeddable":true,"href":"https:\/\/www.bbyhaber.com\/bby\/wp-json\/wp\/v2\/users\/1"}],"replies":[{"embeddable":true,"href":"https:\/\/www.bbyhaber.com\/bby\/wp-json\/wp\/v2\/comments?post=1313"}],"version-history":[{"count":0,"href":"https:\/\/www.bbyhaber.com\/bby\/wp-json\/wp\/v2\/posts\/1313\/revisions"}],"wp:attachment":[{"href":"https:\/\/www.bbyhaber.com\/bby\/wp-json\/wp\/v2\/media?parent=1313"}],"wp:term":[{"taxonomy":"category","embeddable":true,"href":"https:\/\/www.bbyhaber.com\/bby\/wp-json\/wp\/v2\/categories?post=1313"},{"taxonomy":"post_tag","embeddable":true,"href":"https:\/\/www.bbyhaber.com\/bby\/wp-json\/wp\/v2\/tags?post=1313"}],"curies":[{"name":"wp","href":"https:\/\/api.w.org\/{rel}","templated":true}]}}