{"id":13126,"date":"2014-02-18T16:37:19","date_gmt":"2014-02-18T14:37:19","guid":{"rendered":"http:\/\/www.bbyhaber.com\/bby\/?p=13126"},"modified":"2014-04-25T13:07:29","modified_gmt":"2014-04-25T10:07:29","slug":"dus-kutuphaneleri-projesi","status":"publish","type":"post","link":"https:\/\/www.bbyhaber.com\/bby\/2014\/02\/18\/dus-kutuphaneleri-projesi","title":{"rendered":"D\u00fc\u015f K\u00fct\u00fcphaneleri Projesi"},"content":{"rendered":"<p style=\"text-align: justify;\">D\u00fc\u015f K\u00fct\u00fcphaneleri Projesi kapsam\u0131nda Diyarbak\u0131r&#8217;da 3 k\u00fct\u00fcphane a\u00e7\u0131lacak. D\u00fc\u015f K\u00fct\u00fcphaneleri Platform \u00fcyesi \u0130stanbul Ticaret \u00dcniversitesi End\u00fcstri M\u00fchendisli\u011fi ikinci s\u0131n\u0131f \u00f6\u011frencisi Mehmet Baran Yavuz, 2 May\u0131s&#8217;ta Diyarbak\u0131r&#8217;da 3 k\u00fct\u00fcphane hizmete a\u00e7acaklar\u0131n\u0131 s\u00f6yledi. 4 y\u0131l \u00f6nce, &#8220;gelece\u011fin okuyan nesli i\u00e7in d\u00fc\u015flerimizi ger\u00e7e\u011fe \u00e7eviriyoruz&#8221; diye D\u00fc\u015f K\u00fct\u00fcphaneleri projesini ba\u015flatt\u0131klar\u0131n\u0131 belirten Yavuz, &#8220;Bizim bu projedeki amac\u0131m\u0131z Anadolumuz&#8217;un<!--more--> \u00e7e\u015fitli b\u00f6lgelerinde k\u00fct\u00fcphanesi olmayan ya da yetersiz olan okullar\u0131n\u0131 tespit edip, bunlara tam anlam\u0131yla yeni k\u00fct\u00fcphaneler ba\u011f\u0131\u015flamakt\u0131r. Biz s\u0131radan kitap toplama kampanyas\u0131 yapm\u0131yoruz. Kitab\u0131ndan, raf\u0131na, masas\u0131ndan ve bilgisayar\u0131na kadar tam donan\u0131ml\u0131 bir \u015fekilde k\u00fct\u00fcphanelerimizi kuruyoruz&#8221; dedi.<\/p>\n<p style=\"text-align: justify;\"><strong>\u00dc\u00c7 K\u00dcT\u00dcPHANE A\u00c7ILACAK<\/strong><\/p>\n<p style=\"text-align: justify;\">Daha \u00f6nce Mardin&#8217;de 2, Amasya ve Tekirda\u011f&#8217;da 3&#8217;er k\u00fct\u00fcphane kurduklar\u0131n\u0131 anlatan Yavuz, konu\u015fmas\u0131n\u0131 \u015f\u00f6yle tamamlad\u0131: &#8220;Bu senede de 3 k\u00fct\u00fcphane kuraca\u011f\u0131z. Diyarbak\u0131r&#8217;\u0131n Hani Lisesi, Kulp Lisesi ve Evliya \u00c7elebi Ortaokulunda k\u00fct\u00fcphanelerimizi a\u00e7aca\u011f\u0131z. Projeye TOB Kad\u0131n Giri\u015fimciler Diyarbak\u0131r Kurulu ve Ticaret Borsas\u0131 destek veriyor. \u00d6n\u00fcm\u00fczdeki y\u0131l i\u00e7in ise belirledi\u011fimiz \u015fehir hen\u00fcz yok. Gelen talepler \u00fczerine gidece\u011fimiz \u015fehri belirliyoruz. D\u00fc\u015f K\u00fct\u00fcphaneleri kapsam\u0131nda en b\u00fcy\u00fck amac\u0131m\u0131z 24 saat a\u00e7\u0131k \u015fehir k\u00fct\u00fcphaneleri kurmakt\u0131r.&#8221;<\/p>\n<p>Mehmet Baran Yavuz, 45-50 ki\u015fiden olu\u015fan bir \u00f6\u011frenci platformu olduklar\u0131n\u0131 ve \u00e7al\u0131\u015fmalar\u0131 15-20&#8217;er ki\u015filik \u00f6\u011frenci gruplar\u0131yla yapt\u0131klar\u0131n\u0131 s\u00f6zlerine ekledi.<\/p>\n<p>&nbsp;<\/p>\n","protected":false},"excerpt":{"rendered":"<p>D\u00fc\u015f K\u00fct\u00fcphaneleri Projesi kapsam\u0131nda Diyarbak\u0131r&#8217;da 3 k\u00fct\u00fcphane a\u00e7\u0131lacak. D\u00fc\u015f K\u00fct\u00fcphaneleri Platform \u00fcyesi \u0130stanbul Ticaret \u00dcniversitesi End\u00fcstri M\u00fchendisli\u011fi ikinci s\u0131n\u0131f \u00f6\u011frencisi Mehmet Baran Yavuz, 2 May\u0131s&#8217;ta Diyarbak\u0131r&#8217;da 3 k\u00fct\u00fcphane hizmete a\u00e7acaklar\u0131n\u0131 s\u00f6yledi. 4 y\u0131l \u00f6nce, &#8220;gelece\u011fin okuyan nesli i\u00e7in d\u00fc\u015flerimizi ger\u00e7e\u011fe \u00e7eviriyoruz&#8221; diye D\u00fc\u015f K\u00fct\u00fcphaneleri projesini ba\u015flatt\u0131klar\u0131n\u0131 belirten Yavuz, &#8220;Bizim bu projedeki amac\u0131m\u0131z Anadolumuz&#8217;un<\/p>\n","protected":false},"author":1,"featured_media":0,"comment_status":"open","ping_status":"open","sticky":false,"template":"","format":"standard","meta":{"footnotes":""},"categories":[1],"tags":[],"class_list":["post-13126","post","type-post","status-publish","format-standard","hentry","category-genel"],"_links":{"self":[{"href":"https:\/\/www.bbyhaber.com\/bby\/wp-json\/wp\/v2\/posts\/13126"}],"collection":[{"href":"https:\/\/www.bbyhaber.com\/bby\/wp-json\/wp\/v2\/posts"}],"about":[{"href":"https:\/\/www.bbyhaber.com\/bby\/wp-json\/wp\/v2\/types\/post"}],"author":[{"embeddable":true,"href":"https:\/\/www.bbyhaber.com\/bby\/wp-json\/wp\/v2\/users\/1"}],"replies":[{"embeddable":true,"href":"https:\/\/www.bbyhaber.com\/bby\/wp-json\/wp\/v2\/comments?post=13126"}],"version-history":[{"count":0,"href":"https:\/\/www.bbyhaber.com\/bby\/wp-json\/wp\/v2\/posts\/13126\/revisions"}],"wp:attachment":[{"href":"https:\/\/www.bbyhaber.com\/bby\/wp-json\/wp\/v2\/media?parent=13126"}],"wp:term":[{"taxonomy":"category","embeddable":true,"href":"https:\/\/www.bbyhaber.com\/bby\/wp-json\/wp\/v2\/categories?post=13126"},{"taxonomy":"post_tag","embeddable":true,"href":"https:\/\/www.bbyhaber.com\/bby\/wp-json\/wp\/v2\/tags?post=13126"}],"curies":[{"name":"wp","href":"https:\/\/api.w.org\/{rel}","templated":true}]}}