{"id":13118,"date":"2014-02-18T09:51:21","date_gmt":"2014-02-18T07:51:21","guid":{"rendered":"http:\/\/www.bbyhaber.com\/bby\/?p=13118"},"modified":"2014-02-18T09:52:45","modified_gmt":"2014-02-18T07:52:45","slug":"ahmet-atakan-kutuphanesi-dogum-gununde-acildi","status":"publish","type":"post","link":"https:\/\/www.bbyhaber.com\/bby\/2014\/02\/18\/ahmet-atakan-kutuphanesi-dogum-gununde-acildi","title":{"rendered":"Ahmet Atakan K\u00fct\u00fcphanesi do\u011fum g\u00fcn\u00fcnde a\u00e7\u0131ld\u0131"},"content":{"rendered":"<p style=\"text-align: justify;\"><a href=\"http:\/\/www.sendika.org\/wp-content\/uploads\/2014\/02\/ahmetatakankutuphanesi-12.jpg\"><img loading=\"lazy\" decoding=\"async\" class=\"alignleft\" src=\"http:\/\/www.sendika.org\/wp-content\/uploads\/2014\/02\/ahmetatakankutuphanesi-12.jpg\" alt=\"\" width=\"150\" height=\"150\" \/><\/a>Ahmet Atakan K\u00fct\u00fcphanesi 17 \u015eubat\u2019ta g\u00f6rkemli bir y\u00fcr\u00fcy\u00fc\u015f ile a\u00e7\u0131ld\u0131. A\u00e7\u0131l\u0131\u015fa Ali \u0130smail Korkmaz ve Ahmet Atakan\u2019\u0131n aileleri de kat\u0131ld\u0131. Hatay Halkevi\u2019nin \u00e7a\u011fr\u0131s\u0131yla Ahmet\u2019in arkada\u015flar\u0131 ve Samanda\u011f halk\u0131n\u0131n da deste\u011fiyle aylard\u0131r haz\u0131rlanan Halkevleri Ahmet Atakan K\u00fct\u00fcphanesi 17 \u015eubat\u2019ta a\u00e7\u0131ld\u0131. Ahmet Atakan\u2019\u0131n da 52 g\u00fcn boyunca direndi\u011fi Sevgi Direni\u015f Park\u0131\u2019nda toplanan Atakan ailesi ve Ahmet\u2019in yolda\u015flar\u0131 Ahmet Atakan soka\u011f\u0131na y\u00fcr\u00fcd\u00fc. Soka\u011fa Ahmet Atakan\u2019\u0131n 3.75 metre boyunda Mozaik Heykeli yap\u0131ld\u0131. Mozaik Sanat\u00e7\u0131s\u0131 Bilge U\u011fur un \u00e7al\u0131\u015fmas\u0131 olan Ahmet Atakan heykelinin a\u00e7\u0131l\u0131\u015f\u0131n\u0131 Emsal Atakan do\u011fum g\u00fcn\u00fc pastas\u0131 ile ger\u00e7ekle\u015ftirdi.<!--more--><\/p>\n<p style=\"text-align: justify;\"><strong>23 ya\u015f\u0131nda 23 me\u015fale<\/strong><\/p>\n<p style=\"text-align: justify;\"><a href=\"http:\/\/www.sendika.org\/wp-content\/uploads\/2014\/02\/ahmetatakankutuphanesi-13.jpg\"><img loading=\"lazy\" decoding=\"async\" class=\"alignleft\" src=\"http:\/\/www.sendika.org\/wp-content\/uploads\/2014\/02\/ahmetatakankutuphanesi-13.jpg\" alt=\"\" width=\"237\" height=\"150\" \/><\/a>Ahmet\u2019in yolda\u015flar\u0131 23. ya\u015f g\u00fcn\u00fcnde Ahmet i\u00e7in 23 tane me\u015fale ile y\u00fcr\u00fcd\u00fcler. Armutlu sokaklar\u0131n\u0131 ayd\u0131nlatan 23 me\u015fale ile k\u00fct\u00fcphaneye y\u00fcr\u00fcy\u00fc\u015f ba\u015flad\u0131. K\u00fct\u00fcphaneye gelen direni\u015f\u00e7iler Antakya halk\u0131 ve ailelerle bulu\u015ftu. K\u00fct\u00fcphane\u2019nin a\u00e7\u0131l\u0131\u015f\u0131na Ali \u0130smail Korkmaz\u2019\u0131n ailesi, Atakan ailesi, Defne Ortak Sol Aday\u0131 Malik K\u0131l\u0131\u00e7, Defne Halk Meclisi, Mersin Halkevleri ve Adana Halkevleri y\u00f6neticileri de kat\u0131ld\u0131. Halkevleri Genel Ba\u015fkan\u0131 Oya Ersoy konu\u015fmas\u0131nda kitap g\u00f6nderen, in\u015faat\u0131nda \u00e7al\u0131\u015fan, maddi manevi yard\u0131m yapan herkese te\u015fekk\u00fcr etti. A\u00e7\u0131l\u0131\u015fta Tayyip\u2019in ucube dedi\u011fi Antakyal\u0131lar\u0131n ise \u0130nsanl\u0131k An\u0131t\u0131 dedi\u011fi heykelin yarat\u0131c\u0131s\u0131 heykelt\u0131ra\u015f Mehmet Aksoy da a\u00e7\u0131l\u0131\u015ftayd\u0131.<\/p>\n<p style=\"text-align: justify;\">Halkevleri Ahmet Atakan K\u00fct\u00fcphanesi\u2019ni kuranlar \u201chayallerini satmayan\u201d nesillerin yeti\u015fece\u011fi, egemenlerin \u201csorgulamayan nesiller yeti\u015ftirme\u201d \u00e7abalar\u0131na inat inad\u0131na direnen sorgulayan nesiller yeti\u015ftirece\u011fine s\u00f6z vererek etkinli\u011fi sonland\u0131rd\u0131.<\/p>\n<p style=\"text-align: justify;\">Kaynak: http:\/\/www.sendika.org\/<\/p>\n","protected":false},"excerpt":{"rendered":"<p>Ahmet Atakan K\u00fct\u00fcphanesi 17 \u015eubat\u2019ta g\u00f6rkemli bir y\u00fcr\u00fcy\u00fc\u015f ile a\u00e7\u0131ld\u0131. A\u00e7\u0131l\u0131\u015fa Ali \u0130smail Korkmaz ve Ahmet Atakan\u2019\u0131n aileleri de kat\u0131ld\u0131. Hatay Halkevi\u2019nin \u00e7a\u011fr\u0131s\u0131yla Ahmet\u2019in arkada\u015flar\u0131 ve Samanda\u011f halk\u0131n\u0131n da deste\u011fiyle aylard\u0131r haz\u0131rlanan Halkevleri Ahmet Atakan K\u00fct\u00fcphanesi 17 \u015eubat\u2019ta a\u00e7\u0131ld\u0131. Ahmet Atakan\u2019\u0131n da 52 g\u00fcn boyunca direndi\u011fi Sevgi Direni\u015f Park\u0131\u2019nda toplanan Atakan ailesi ve Ahmet\u2019in yolda\u015flar\u0131 [&hellip;]<\/p>\n","protected":false},"author":1,"featured_media":0,"comment_status":"open","ping_status":"open","sticky":false,"template":"","format":"standard","meta":{"footnotes":""},"categories":[1],"tags":[494],"class_list":["post-13118","post","type-post","status-publish","format-standard","hentry","category-genel","tag-gezi-parki"],"_links":{"self":[{"href":"https:\/\/www.bbyhaber.com\/bby\/wp-json\/wp\/v2\/posts\/13118"}],"collection":[{"href":"https:\/\/www.bbyhaber.com\/bby\/wp-json\/wp\/v2\/posts"}],"about":[{"href":"https:\/\/www.bbyhaber.com\/bby\/wp-json\/wp\/v2\/types\/post"}],"author":[{"embeddable":true,"href":"https:\/\/www.bbyhaber.com\/bby\/wp-json\/wp\/v2\/users\/1"}],"replies":[{"embeddable":true,"href":"https:\/\/www.bbyhaber.com\/bby\/wp-json\/wp\/v2\/comments?post=13118"}],"version-history":[{"count":0,"href":"https:\/\/www.bbyhaber.com\/bby\/wp-json\/wp\/v2\/posts\/13118\/revisions"}],"wp:attachment":[{"href":"https:\/\/www.bbyhaber.com\/bby\/wp-json\/wp\/v2\/media?parent=13118"}],"wp:term":[{"taxonomy":"category","embeddable":true,"href":"https:\/\/www.bbyhaber.com\/bby\/wp-json\/wp\/v2\/categories?post=13118"},{"taxonomy":"post_tag","embeddable":true,"href":"https:\/\/www.bbyhaber.com\/bby\/wp-json\/wp\/v2\/tags?post=13118"}],"curies":[{"name":"wp","href":"https:\/\/api.w.org\/{rel}","templated":true}]}}