{"id":13113,"date":"2014-02-16T21:50:46","date_gmt":"2014-02-16T19:50:46","guid":{"rendered":"http:\/\/www.bbyhaber.com\/bby\/?p=13113"},"modified":"2015-01-13T09:01:07","modified_gmt":"2015-01-13T07:01:07","slug":"6-tkd-kampus-sohbet-gunleri-21-subat-2014cuma","status":"publish","type":"post","link":"https:\/\/www.bbyhaber.com\/bby\/2014\/02\/16\/6-tkd-kampus-sohbet-gunleri-21-subat-2014cuma","title":{"rendered":"6.TKD Kamp\u00fcs Sohbet G\u00fcnleri-21 \u015eubat 2014,Cuma"},"content":{"rendered":"<p style=\"text-align: justify;\"><img loading=\"lazy\" decoding=\"async\" class=\"alignleft\" src=\"http:\/\/www.bbyhaber.com\/bby\/wp-content\/uploads\/bby-forum-logolar\/tkdkampus.jpg\" alt=\"\" width=\"124\" height=\"93\" \/>Mesle\u011fimizle ilgili akademik kariyerin nas\u0131l yap\u0131ld\u0131\u011f\u0131, neler gerekti\u011fi, nas\u0131l bir yol izlenece\u011fi, mesle\u011fin toplumsal hayatta getirdi\u011fi avantajlar ve zorluklar hakk\u0131nda\u00a0Ankara \u00dcniversitesi-Bilgi ve Belge Y\u00f6netimi B\u00f6l\u00fcm Ba\u015fkan\u0131 <strong>Prof. Dr. Fato\u015f Suba\u015f\u0131o\u011flu<\/strong>&#8216;nun kat\u0131laca\u011f\u0131 6.TKD Kamp\u00fcs S\u00f6yle\u015fisi <span style=\"color: #0000ff;\"><strong>21 \u015eubat 2014 Cuma &#8211; Saat 18:00<\/strong><\/span>&#8216;da <strong>T\u00fcrk K\u00fct\u00fcphaneciler Derne\u011fi Genel Merkezi<\/strong>&#8216;nde ger\u00e7ekle\u015ftirilecektir.<!--more--><\/p>\n<p>Konu\u00a0\u00a0\u00a0\u00a0 : \u201c<strong>Bilgi ve Belge Y\u00f6netiminde Akademik Kariyer Yapmak<\/strong>\u201d<\/p>\n<p>Tarih\u00a0\u00a0\u00a0\u00a0\u00a0 : <strong>21 \u015eubat 2014, Cuma<\/strong><\/p>\n<p>Saat\u00a0\u00a0\u00a0\u00a0\u00a0 : 18:00<\/p>\n<p>Adres\u00a0\u00a0\u00a0 : TKD Genel Merkezi \u2013 Necatibey Cad., Elg\u00fcn Sok., 8\/8 K\u0131z\u0131lay \u2013 Ankara<\/p>\n<p>Telefon\u00a0 :\u00a0 0 312 2301325<\/p>\n<p><span style=\"color: #0000ff;\"><strong><a href=\"https:\/\/www.facebook.com\/events\/1410634549185862\/\" target=\"_blank\">Facebook etkinlik sayfas\u0131<\/a><\/strong><\/span><\/p>\n<p>&nbsp;<\/p>\n","protected":false},"excerpt":{"rendered":"<p>Mesle\u011fimizle ilgili akademik kariyerin nas\u0131l yap\u0131ld\u0131\u011f\u0131, neler gerekti\u011fi, nas\u0131l bir yol izlenece\u011fi, mesle\u011fin toplumsal hayatta getirdi\u011fi avantajlar ve zorluklar hakk\u0131nda\u00a0Ankara \u00dcniversitesi-Bilgi ve Belge Y\u00f6netimi B\u00f6l\u00fcm Ba\u015fkan\u0131 Prof. Dr. Fato\u015f Suba\u015f\u0131o\u011flu&#8216;nun kat\u0131laca\u011f\u0131 6.TKD Kamp\u00fcs S\u00f6yle\u015fisi 21 \u015eubat 2014 Cuma &#8211; Saat 18:00&#8216;da T\u00fcrk K\u00fct\u00fcphaneciler Derne\u011fi Genel Merkezi&#8216;nde ger\u00e7ekle\u015ftirilecektir.<\/p>\n","protected":false},"author":1,"featured_media":0,"comment_status":"open","ping_status":"open","sticky":false,"template":"","format":"standard","meta":{"footnotes":""},"categories":[1],"tags":[1395,851],"class_list":["post-13113","post","type-post","status-publish","format-standard","hentry","category-genel","tag-bby-mesleki-etkinlikler-arsivi","tag-tkd-kampus"],"_links":{"self":[{"href":"https:\/\/www.bbyhaber.com\/bby\/wp-json\/wp\/v2\/posts\/13113"}],"collection":[{"href":"https:\/\/www.bbyhaber.com\/bby\/wp-json\/wp\/v2\/posts"}],"about":[{"href":"https:\/\/www.bbyhaber.com\/bby\/wp-json\/wp\/v2\/types\/post"}],"author":[{"embeddable":true,"href":"https:\/\/www.bbyhaber.com\/bby\/wp-json\/wp\/v2\/users\/1"}],"replies":[{"embeddable":true,"href":"https:\/\/www.bbyhaber.com\/bby\/wp-json\/wp\/v2\/comments?post=13113"}],"version-history":[{"count":0,"href":"https:\/\/www.bbyhaber.com\/bby\/wp-json\/wp\/v2\/posts\/13113\/revisions"}],"wp:attachment":[{"href":"https:\/\/www.bbyhaber.com\/bby\/wp-json\/wp\/v2\/media?parent=13113"}],"wp:term":[{"taxonomy":"category","embeddable":true,"href":"https:\/\/www.bbyhaber.com\/bby\/wp-json\/wp\/v2\/categories?post=13113"},{"taxonomy":"post_tag","embeddable":true,"href":"https:\/\/www.bbyhaber.com\/bby\/wp-json\/wp\/v2\/tags?post=13113"}],"curies":[{"name":"wp","href":"https:\/\/api.w.org\/{rel}","templated":true}]}}