{"id":1311,"date":"2010-03-31T17:36:48","date_gmt":"2010-03-31T17:36:48","guid":{"rendered":"http:\/\/www.bbyhaber.com\/bby\/?p=1311"},"modified":"2012-09-07T22:06:25","modified_gmt":"2012-09-07T19:06:25","slug":"kutuphanesiz-ilcede-kutuphane-haftasi-konya","status":"publish","type":"post","link":"https:\/\/www.bbyhaber.com\/bby\/2010\/03\/31\/kutuphanesiz-ilcede-kutuphane-haftasi-konya","title":{"rendered":"K\u00fct\u00fcphanesiz il\u00e7ede K\u00fct\u00fcphane Haftas\u0131-Konya"},"content":{"rendered":"<p style=\"text-align: justify;\" align=\"justify\">K\u00fct\u00fcphane olmamas\u0131na ra\u011fmen Halkap\u0131nar&#8217;da 46. K\u00fct\u00fcphane Haftas\u0131 kutland\u0131. Lise \u00f6\u011frencileri, il\u00e7eye k\u00fct\u00fcphane ve spor salonu yap\u0131lmas\u0131 i\u00e7in imza kampanyas\u0131 ba\u015flatt\u0131. Arif Ar\u0131k Lisesi \u00f6\u011frencileri, il\u00e7ede spor salonu ve k\u00fct\u00fcphanelerinin olmamas\u0131 nedeniyle bir \u00e7ok konuda eksik kald\u0131klar\u0131n\u0131 belirterek, \u015fimdiden 103 imzaya ula\u015ft\u0131klar\u0131n\u0131 s\u00f6yledi.<!--more--><\/p>\n<p style=\"text-align: justify;\" align=\"justify\">Halkap\u0131nar Kaymakam Vekili Osman Do\u011framac\u0131&#8217;y\u0131 makam\u0131nda ziyaret eden \u00f6\u011frenciler, yazd\u0131klar\u0131 dilek\u00e7e ve toplad\u0131klar\u0131 103 imzay\u0131 sundu. \u0130l\u00e7ede bo\u015f zamanlar\u0131n\u0131 de\u011ferlendirebilecekleri, ara\u015ft\u0131rma ve \u00f6devlerini yapabilecekleri mekan bulunmad\u0131\u011f\u0131n\u0131 ifade eden \u00f6\u011frenciler, dilek\u00e7ede \u015funlar\u0131 kaydetti: &#8221;B\u00f6yle bir mekana bizi kavu\u015fturursan\u0131z \u00e7ok memnun oluruz. Daha \u00f6nce bu t\u00fcr isteklerimiz g\u00f6z \u00f6n\u00fcnde bulundurulmad\u0131. Siz bu iste\u011fimizi ger\u00e7ekle\u015ftirirseniz \u00e7ok mutlu olaca\u011f\u0131z. Bu i\u015fi destekleyen, ger\u00e7ekle\u015fmesini isteyen \u00f6\u011frencilerimizin adlar\u0131 ve imzalar\u0131 ekli listede sunulmu\u015ftur. Gere\u011fini arz ederiz.&#8221; Do\u011framac\u0131, il\u00e7edeki bu eksiklikler i\u00e7in projeleri ve giri\u015fimleri oldu\u011funu belirterek, &#8221;Sizin bu iste\u011finizi not al\u0131p benden sonra g\u00f6reve ba\u015flayacak il\u00e7enin yeni Kaymakam\u0131 Ersin Boylu&#8217;ya iletece\u011fim ve konuyla ilgili d\u00fc\u015f\u00fcnceleriniz ihtiya\u00e7lar\u0131n\u0131z\u0131 anlataca\u011f\u0131m&#8221; dedi.<\/p>\n<p style=\"text-align: justify;\" align=\"justify\">Halkap\u0131nar Milli E\u011fitim M\u00fcd\u00fcr\u00fc H\u00fcseyin Sekman, AA muhabirine yapt\u0131\u011f\u0131 a\u00e7\u0131klamada, il\u00e7ede okul kitapl\u0131klar\u0131ndan en \u00e7ok kitap okuyan ilk \u00fc\u00e7 \u00f6\u011frenciye kitap hediye edildi\u011fini s\u00f6yledi.K\u00fct\u00fcphane Haftas\u0131&#8217;n\u0131n s\u0131n\u0131flarda ve okullarda e\u011fitsel kol \u00e7al\u0131\u015fmalar\u0131 kapsam\u0131nda k\u00fc\u00e7\u00fck etkinliklerle kutland\u0131\u011f\u0131n\u0131 ifade eden Sekman, il\u00e7enin ihtiyac\u0131n\u0131 kar\u015f\u0131layacak, Halk k\u00fct\u00fcphanesi i\u00e7in gerekli \u00e7al\u0131\u015fmalar\u0131n yap\u0131laca\u011f\u0131n\u0131 belirtti.\u00a0<strong><\/strong><\/p>\n<p style=\"text-align: justify;\" align=\"justify\">Kaynak: <a href=\"http:\/\/www.memleket.com.tr\/\" target=\"_blank\">http:\/\/www.memleket.com.tr<\/a><\/p>\n","protected":false},"excerpt":{"rendered":"<p>K\u00fct\u00fcphane olmamas\u0131na ra\u011fmen Halkap\u0131nar&#8217;da 46. K\u00fct\u00fcphane Haftas\u0131 kutland\u0131. Lise \u00f6\u011frencileri, il\u00e7eye k\u00fct\u00fcphane ve spor salonu yap\u0131lmas\u0131 i\u00e7in imza kampanyas\u0131 ba\u015flatt\u0131. Arif Ar\u0131k Lisesi \u00f6\u011frencileri, il\u00e7ede spor salonu ve k\u00fct\u00fcphanelerinin olmamas\u0131 nedeniyle bir \u00e7ok konuda eksik kald\u0131klar\u0131n\u0131 belirterek, \u015fimdiden 103 imzaya ula\u015ft\u0131klar\u0131n\u0131 s\u00f6yledi.<\/p>\n","protected":false},"author":1,"featured_media":0,"comment_status":"open","ping_status":"open","sticky":false,"template":"","format":"standard","meta":{"footnotes":""},"categories":[1518],"tags":[1461],"class_list":["post-1311","post","type-post","status-publish","format-standard","hentry","category-46-kutuphane-haftasi","tag-kutuphane-haftasi"],"_links":{"self":[{"href":"https:\/\/www.bbyhaber.com\/bby\/wp-json\/wp\/v2\/posts\/1311"}],"collection":[{"href":"https:\/\/www.bbyhaber.com\/bby\/wp-json\/wp\/v2\/posts"}],"about":[{"href":"https:\/\/www.bbyhaber.com\/bby\/wp-json\/wp\/v2\/types\/post"}],"author":[{"embeddable":true,"href":"https:\/\/www.bbyhaber.com\/bby\/wp-json\/wp\/v2\/users\/1"}],"replies":[{"embeddable":true,"href":"https:\/\/www.bbyhaber.com\/bby\/wp-json\/wp\/v2\/comments?post=1311"}],"version-history":[{"count":0,"href":"https:\/\/www.bbyhaber.com\/bby\/wp-json\/wp\/v2\/posts\/1311\/revisions"}],"wp:attachment":[{"href":"https:\/\/www.bbyhaber.com\/bby\/wp-json\/wp\/v2\/media?parent=1311"}],"wp:term":[{"taxonomy":"category","embeddable":true,"href":"https:\/\/www.bbyhaber.com\/bby\/wp-json\/wp\/v2\/categories?post=1311"},{"taxonomy":"post_tag","embeddable":true,"href":"https:\/\/www.bbyhaber.com\/bby\/wp-json\/wp\/v2\/tags?post=1311"}],"curies":[{"name":"wp","href":"https:\/\/api.w.org\/{rel}","templated":true}]}}