{"id":13076,"date":"2014-02-10T13:38:07","date_gmt":"2014-02-10T11:38:07","guid":{"rendered":"http:\/\/www.bbyhaber.com\/bby\/?p=13076"},"modified":"2014-02-19T13:35:04","modified_gmt":"2014-02-19T11:35:04","slug":"kutuphaneciler-internet-kanununa-tepkili-nuh-mehmet-topkaraoglu","status":"publish","type":"post","link":"https:\/\/www.bbyhaber.com\/bby\/2014\/02\/10\/kutuphaneciler-internet-kanununa-tepkili-nuh-mehmet-topkaraoglu","title":{"rendered":"K\u00fct\u00fcphaneciler internet kanununa tepkili-Nuh Mehmet Topkarao\u011flu"},"content":{"rendered":"<p style=\"text-align: justify;\"><img loading=\"lazy\" decoding=\"async\" class=\"alignleft\" src=\"http:\/\/m.c.lnkd.licdn.com\/mpr\/pub\/image-TAcKnwADfLercp_AmamvDzI8ZaOoQ8s7TySBDMGYZ7DMInHlTAcB7L4DZ-_eIEX5pvpG\/nuh-mehmet-topkarao%C4%9Flu.jpg\" alt=\"\" width=\"100\" height=\"100\" \/>T\u00fcrk K\u00fct\u00fcphaneciler Derne\u011fi Yozgat \u015eubesi meclis genel kurulunda g\u00f6r\u00fc\u015f\u00fcl\u00fcp kabul edilen torba yasa teklifine tepki g\u00f6sterdi. Yeni d\u00fczenlemenin \u00f6zg\u00fcrl\u00fck ve demokrasi yerine sans\u00fcr getirdi\u011fini belirten T\u00fcrk K\u00fct\u00fcphaneciler Derne\u011fi Yozgat \u015eube Ba\u015fkan\u0131 Nuh Mehmet Topkarao\u011flu \u201c Bu yeni d\u00fczenlemeyle birlikte Telekom\u00fcnikasyon \u0130leti\u015fim Ba\u015fkanl\u0131\u011f\u0131\u2019na ola\u011fan\u00fcst\u00fc yetkiler tan\u0131nmakta ve ayr\u0131ca internete de ek \u00fccretler gelmesine neden olmaktad\u0131r\u201d dedi. <!--more-->\u201cZaten \u00fclkemizde fahi\u015f fiyattan sat\u0131lan internetin sa\u011flay\u0131c\u0131lar\u0131na fiyat d\u00fczenlemesi getirmek zorunlu birlik \u00fcyeli\u011fi getirilmi\u015ftir\u201d diye devam\u00a0 eden a\u00e7\u0131klamas\u0131nda Topkarao\u011flu; \u201c\u00dcye olmadan eri\u015fim sa\u011flay\u0131c\u0131lar\u0131n\u0131n internet sat\u0131\u015f\u0131 yasaklanm\u0131\u015f ve de birli\u011fin maddi kaynaklar\u0131n\u0131n eri\u015fim sa\u011flay\u0131c\u0131lar\u0131 taraf\u0131ndan kar\u015f\u0131lanmas\u0131 karara ba\u011flanm\u0131\u015ft\u0131r\u201d diye konu\u015ftu.<\/p>\n<p style=\"text-align: justify;\">\u00dclkemizde internetin zaten fahi\u015f fiyatlardan sat\u0131ld\u0131\u011f\u0131n\u0131 dile getiren Topkarao\u011flu, eri\u015fim sa\u011flay\u0131c\u0131lar\u0131na zorunlu \u00fcyelik getirilmesiyle birlikte \u00fcyelik i\u00e7in para \u00f6deyen eri\u015fim sa\u011flay\u0131c\u0131lar\u0131n\u0131n bu paralar\u0131 internet faturalar\u0131na yans\u0131tacaklar\u0131n\u0131 ve vatanda\u015f\u0131n da zarar\u0131 olaca\u011f\u0131n\u0131 belirterek \u201cHem \u00f6zg\u00fcrl\u00fckleri k\u0131s\u0131tlayan hem de \u00f6zg\u00fcr d\u00fc\u015f\u00fcnceye kar\u015f\u0131 olan bu yasa d\u00fc\u015f\u00fcn\u00fcp \u00fcreten bir topluma set \u00e7ekmektedir. Bu siyasi erkin tek tip d\u00fc\u015f\u00fcnce yaratma \u00e7abas\u0131n\u0131n bir sonucudur. T\u00fcrk K\u00fct\u00fcphaneciler Derne\u011fi Yozgat \u015eubesi olarak \u00f6zg\u00fcr d\u00fc\u015f\u00fcncenin yan\u0131nda olaca\u011f\u0131z \u015fube olarak bu sans\u00fcr\u00fc k\u0131nad\u0131\u011f\u0131m\u0131z\u0131 belirtmek isterim\u201d diyerek s\u00f6zlerini tamamlad\u0131.<\/p>\n<p style=\"text-align: justify;\">Kaynak: http:\/\/www.ilerigazetesi.com.tr\/<\/p>\n","protected":false},"excerpt":{"rendered":"<p>T\u00fcrk K\u00fct\u00fcphaneciler Derne\u011fi Yozgat \u015eubesi meclis genel kurulunda g\u00f6r\u00fc\u015f\u00fcl\u00fcp kabul edilen torba yasa teklifine tepki g\u00f6sterdi. Yeni d\u00fczenlemenin \u00f6zg\u00fcrl\u00fck ve demokrasi yerine sans\u00fcr getirdi\u011fini belirten T\u00fcrk K\u00fct\u00fcphaneciler Derne\u011fi Yozgat \u015eube Ba\u015fkan\u0131 Nuh Mehmet Topkarao\u011flu \u201c Bu yeni d\u00fczenlemeyle birlikte Telekom\u00fcnikasyon \u0130leti\u015fim Ba\u015fkanl\u0131\u011f\u0131\u2019na ola\u011fan\u00fcst\u00fc yetkiler tan\u0131nmakta ve ayr\u0131ca internete de ek \u00fccretler gelmesine neden olmaktad\u0131r\u201d dedi.<\/p>\n","protected":false},"author":1,"featured_media":0,"comment_status":"open","ping_status":"open","sticky":false,"template":"","format":"standard","meta":{"footnotes":""},"categories":[519],"tags":[518,1427],"class_list":["post-13076","post","type-post","status-publish","format-standard","hentry","category-sansur-2","tag-internet-kanunu","tag-tkd-yozgat"],"_links":{"self":[{"href":"https:\/\/www.bbyhaber.com\/bby\/wp-json\/wp\/v2\/posts\/13076"}],"collection":[{"href":"https:\/\/www.bbyhaber.com\/bby\/wp-json\/wp\/v2\/posts"}],"about":[{"href":"https:\/\/www.bbyhaber.com\/bby\/wp-json\/wp\/v2\/types\/post"}],"author":[{"embeddable":true,"href":"https:\/\/www.bbyhaber.com\/bby\/wp-json\/wp\/v2\/users\/1"}],"replies":[{"embeddable":true,"href":"https:\/\/www.bbyhaber.com\/bby\/wp-json\/wp\/v2\/comments?post=13076"}],"version-history":[{"count":0,"href":"https:\/\/www.bbyhaber.com\/bby\/wp-json\/wp\/v2\/posts\/13076\/revisions"}],"wp:attachment":[{"href":"https:\/\/www.bbyhaber.com\/bby\/wp-json\/wp\/v2\/media?parent=13076"}],"wp:term":[{"taxonomy":"category","embeddable":true,"href":"https:\/\/www.bbyhaber.com\/bby\/wp-json\/wp\/v2\/categories?post=13076"},{"taxonomy":"post_tag","embeddable":true,"href":"https:\/\/www.bbyhaber.com\/bby\/wp-json\/wp\/v2\/tags?post=13076"}],"curies":[{"name":"wp","href":"https:\/\/api.w.org\/{rel}","templated":true}]}}