{"id":13071,"date":"2014-02-09T23:40:07","date_gmt":"2014-02-09T21:40:07","guid":{"rendered":"http:\/\/www.bbyhaber.com\/bby\/?p=13071"},"modified":"2014-02-09T23:41:27","modified_gmt":"2014-02-09T21:41:27","slug":"emrah-ogretmen-4-okula-kampanya-ile-kutuphane-kurdu","status":"publish","type":"post","link":"https:\/\/www.bbyhaber.com\/bby\/2014\/02\/09\/emrah-ogretmen-4-okula-kampanya-ile-kutuphane-kurdu","title":{"rendered":"Emrah \u00f6\u011fretmen 4 okula kampanya ile k\u00fct\u00fcphane kurdu"},"content":{"rendered":"<p style=\"text-align: justify;\">Emrah Cing\u00f6z g\u00f6rev yapt\u0131\u011f\u0131 her okulda kitap ba\u011f\u0131\u015f\u0131 kampanyas\u0131 ba\u015flat\u0131yor ve bir k\u00fct\u00fcphane kuruyor. D\u00f6rd\u00fcnc\u00fc K\u00fct\u00fcphanenin de tamamland\u0131\u011f\u0131n\u0131 bildiren Emrah \u00d6\u011fretmen herkese te\u015fekk\u00fcr ediyor&#8230;Emrah \u00d6\u011fretmenin ba\u015flatt\u0131\u011f\u0131 kampanyalar cevaps\u0131z kalm\u0131yor ve duyarl\u0131 vatanda\u015flar\u0131n g\u00f6nderdi\u011fi onlarca kitap her okulda bir k\u00fct\u00fcphaneye d\u00f6n\u00fc\u015f\u00fcyor. \u015eanl\u0131urfa, Kahramanmara\u015f&#8217;dan sonra Adana Tufanbeyli Pekmezli \u0130lk\u00f6\u011fretim Okulu&#8217;na da T\u00fcrkiye&#8217;nin her yerinden 9-10 bin civar\u0131nda kitap g\u00f6nderildi. B\u00f6ylece Emrah \u00d6\u011fretmenin bir hayali daha ger\u00e7e\u011fe d\u00f6n\u00fc\u015f\u00fcrken \u00f6\u011frenciler de zengin bir k\u00fct\u00fcphaneye kavu\u015ftular. <!--more--><\/p>\n<p style=\"text-align: justify;\">Emrah \u00d6\u011fretmen ba\u015flatt\u0131\u011f\u0131 t\u00fcm kampanyalar\u0131 turizmhaberleri.com&#8217;a bildiriyordu. Bizler de yapt\u0131\u011f\u0131m\u0131z haberlerle sosyal medyay\u0131 da y\u00f6nlendirerek bu kampanyay\u0131 geni\u015f kitlelere duyurmaya \u00e7al\u0131\u015f\u0131yorduk.\u00a0 Emrah \u00d6\u011fretmen d\u00f6rd\u00fcnc\u00fc k\u00fct\u00fcphaneyi de 10 bine yak\u0131n kitap ba\u011f\u0131\u015f\u0131 ile kurdu\u011funu bildirdi. De\u011ferli \u00f6\u011fretmenimizi g\u00f6sterdi\u011fi \u00e7abalardan ve ard\u0131nda b\u0131rakt\u0131\u011f\u0131 g\u00fczel eserlerden dolay\u0131 kutluyor, kampanyaya kat\u0131lan duyarl\u0131 vatanda\u015flar\u0131m\u0131za te\u015fekk\u00fcr ediyoruz.<\/p>\n<p style=\"text-align: justify;\"><a href=\"http:\/\/www.turizmhaberleri.com\/img\/haber\/manset\/emrahcingoz3.jpg\"><img loading=\"lazy\" decoding=\"async\" class=\"alignnone\" src=\"http:\/\/www.turizmhaberleri.com\/img\/haber\/manset\/emrahcingoz3.jpg\" alt=\"\" width=\"150\" height=\"150\" \/><\/a> <a href=\"http:\/\/www.turizmhaberleri.com\/img\/haber\/gobek\/emrah_ogretmen_4_okula_kampanya_ile_kutuphane_kurdu.jpg\"><img loading=\"lazy\" decoding=\"async\" class=\"alignnone\" src=\"http:\/\/www.turizmhaberleri.com\/img\/haber\/gobek\/emrah_ogretmen_4_okula_kampanya_ile_kutuphane_kurdu.jpg\" alt=\"\" width=\"150\" height=\"150\" \/><\/a><\/p>\n<p>\u0130\u015fte Emrah Hoca&#8217;n\u0131n g\u00f6nderdi\u011fi mektup:<\/p>\n<p style=\"text-align: justify;\">Merhabalar<br \/>\nEyl\u00fcl-Ekim ay\u0131nda ba\u015flatm\u0131\u015f oldu\u011fumuz kitap toplama kampanyam\u0131z tamamlanm\u0131\u015ft\u0131r. Kampanya sonucunda elimize ula\u015fan yakla\u015f\u0131k 9-10.000 civar\u0131nda kitap ile k\u00fct\u00fcphanemiz kurulmu\u015ftur.<\/p>\n<p style=\"text-align: justify;\">\u015eanl\u0131urfa Siverek&#8217;te ba\u015flad\u0131\u011f\u0131m, g\u00f6rev yapt\u0131\u011f\u0131m okullarda k\u00fct\u00fcphane olu\u015fturma \u00e7al\u0131\u015fmalar\u0131m\u0131n b\u00f6ylece 4.nc\u00fcs\u00fcn\u00fc de sizlerin katk\u0131s\u0131yla tamamlam\u0131\u015f oldum.<\/p>\n<p style=\"text-align: justify;\">Bundan \u00f6nce tamamlanan k\u00fct\u00fcphaneler:<br \/>\n1. \u015eanl\u0131urfa Siverek \u015eehit \u00d6\u011fretmen Metin Gen\u00e7dal \u0130lk\u00f6\u011fretim Okulu K\u00fct\u00fcphanesi<br \/>\n2. \u015eanl\u0131urfa Siverek \u00dcst\u00fcnta\u015f \u0130lk\u00f6\u011fretim Okulu K\u00fct\u00fcphanesi<br \/>\n3. Kahramanmara\u015f And\u0131r\u0131n Bo\u011faz\u00f6ren Ta\u015foluk I\u015f\u0131kdibi \u0130lk\u00f6\u011fretim Okulu K\u00fct\u00fcphanesi<br \/>\n4. Adana Tufanbeyli Pekmezli \u0130lk\u00f6\u011fretim okulu k\u00fct\u00fcphanesi<\/p>\n<p style=\"text-align: justify;\">ve daha nicelerini el birli\u011fiyle olu\u015fturmak dile\u011fiyle&#8230; katk\u0131s\u0131 bulunanlara sonsuz te\u015fekk\u00fcrler..<\/p>\n<p style=\"text-align: justify;\">Bu arada sizinle payla\u015fmak istedi\u011fim bir bilgi var :<br \/>\nBa\u015fvuruda bulundu\u011fum e\u015f durumu tayinleri sonucunda e\u015fimin bulundu\u011fu Adana ili Y\u00fcre\u011fir \u0130l\u00e7esi Tahsilli \u0130lkokuluna tayinim \u00e7\u0131kt\u0131.. \u0130n\u015fallah okullar\u0131n yar\u0131y\u0131l tatili sonras\u0131 ba\u015flayaca\u011f\u0131m 2. d\u00f6nem e\u011fitim \u00f6\u011fretim \u00e7al\u0131\u015fmalar\u0131nda bu okulda g\u00f6revime devam ediyor olaca\u011f\u0131m&#8230;<\/p>\n<p>Sevgi ve selamlar..<br \/>\nEmrah \u00d6\u011fretmen<\/p>\n<p style=\"text-align: justify;\">Kaynak: www.turizmhaberleri.com<\/p>\n","protected":false},"excerpt":{"rendered":"<p>Emrah Cing\u00f6z g\u00f6rev yapt\u0131\u011f\u0131 her okulda kitap ba\u011f\u0131\u015f\u0131 kampanyas\u0131 ba\u015flat\u0131yor ve bir k\u00fct\u00fcphane kuruyor. D\u00f6rd\u00fcnc\u00fc K\u00fct\u00fcphanenin de tamamland\u0131\u011f\u0131n\u0131 bildiren Emrah \u00d6\u011fretmen herkese te\u015fekk\u00fcr ediyor&#8230;Emrah \u00d6\u011fretmenin ba\u015flatt\u0131\u011f\u0131 kampanyalar cevaps\u0131z kalm\u0131yor ve duyarl\u0131 vatanda\u015flar\u0131n g\u00f6nderdi\u011fi onlarca kitap her okulda bir k\u00fct\u00fcphaneye d\u00f6n\u00fc\u015f\u00fcyor. \u015eanl\u0131urfa, Kahramanmara\u015f&#8217;dan sonra Adana Tufanbeyli Pekmezli \u0130lk\u00f6\u011fretim Okulu&#8217;na da T\u00fcrkiye&#8217;nin her yerinden 9-10 bin civar\u0131nda [&hellip;]<\/p>\n","protected":false},"author":1,"featured_media":0,"comment_status":"open","ping_status":"open","sticky":false,"template":"","format":"standard","meta":{"footnotes":""},"categories":[1],"tags":[845],"class_list":["post-13071","post","type-post","status-publish","format-standard","hentry","category-genel","tag-okul-kutuphaneleri"],"_links":{"self":[{"href":"https:\/\/www.bbyhaber.com\/bby\/wp-json\/wp\/v2\/posts\/13071"}],"collection":[{"href":"https:\/\/www.bbyhaber.com\/bby\/wp-json\/wp\/v2\/posts"}],"about":[{"href":"https:\/\/www.bbyhaber.com\/bby\/wp-json\/wp\/v2\/types\/post"}],"author":[{"embeddable":true,"href":"https:\/\/www.bbyhaber.com\/bby\/wp-json\/wp\/v2\/users\/1"}],"replies":[{"embeddable":true,"href":"https:\/\/www.bbyhaber.com\/bby\/wp-json\/wp\/v2\/comments?post=13071"}],"version-history":[{"count":0,"href":"https:\/\/www.bbyhaber.com\/bby\/wp-json\/wp\/v2\/posts\/13071\/revisions"}],"wp:attachment":[{"href":"https:\/\/www.bbyhaber.com\/bby\/wp-json\/wp\/v2\/media?parent=13071"}],"wp:term":[{"taxonomy":"category","embeddable":true,"href":"https:\/\/www.bbyhaber.com\/bby\/wp-json\/wp\/v2\/categories?post=13071"},{"taxonomy":"post_tag","embeddable":true,"href":"https:\/\/www.bbyhaber.com\/bby\/wp-json\/wp\/v2\/tags?post=13071"}],"curies":[{"name":"wp","href":"https:\/\/api.w.org\/{rel}","templated":true}]}}