{"id":1307,"date":"2010-04-03T17:32:18","date_gmt":"2010-04-03T17:32:18","guid":{"rendered":"http:\/\/www.bbyhaber.com\/bby\/?p=1307"},"modified":"2012-05-15T11:17:04","modified_gmt":"2012-05-15T11:17:04","slug":"10-ataturk-cocuklari-kutuphanesi-acildi","status":"publish","type":"post","link":"https:\/\/www.bbyhaber.com\/bby\/2010\/04\/03\/10-ataturk-cocuklari-kutuphanesi-acildi","title":{"rendered":"10.Atat\u00fcrk \u00c7ocuklar\u0131 K\u00fct\u00fcphanesi A\u00e7\u0131ld\u0131"},"content":{"rendered":"<p style=\"text-align: justify;\" align=\"justify\">Seferihisar Belediyesi ve K\u00f6y \u00c7ocuklar\u0131 K\u00fct\u00fcphaneleri Olu\u015fturma K\u00fclt\u00fcr Sanat ve Dayan\u0131\u015fma Derne\u011fi taraf\u0131ndan Seferihisar&#8217;\u0131n Orhanl\u0131 k\u00f6y\u00fcnde &#8216;Atat\u00fcrk \u00c7ocuklar\u0131 K\u00fct\u00fcphanesi&#8217; kuruldu.T\u00f6renle a\u00e7\u0131l\u0131\u015f\u0131 yap\u0131lan k\u00fct\u00fcphanenin sorumlulu\u011funa emekli \u00f6\u011fretmen Osman \u00d6nder getirilirken, k\u00fct\u00fcphanenin masa ve sandalye ihtiya\u00e7lar\u0131 hay\u0131rsever \u00d6m\u00fcr \u00d6nder taraf\u0131ndan kar\u015f\u0131land\u0131. K\u00fct\u00fcphanenin T\u00fcrkiye genelinde 10. Atat\u00fcrk \u00c7ocuklar\u0131 K\u00fct\u00fcphanesi oldu\u011fu belirtildi.<!--more--><\/p>\n<p style=\"text-align: justify;\" align=\"justify\">Gazeteci Can D\u00fcndar&#8217;\u0131n da kat\u0131ld\u0131\u011f\u0131 a\u00e7\u0131l\u0131\u015f t\u00f6reninde bir konu\u015fma yapan Seferihisar Belediye Ba\u015fkan\u0131 Tun\u00e7 Soyer, okuman\u0131n \u00f6nemini vurgulad\u0131. Soyer, &#8216;Vizontele filminde k\u00f6yde a\u00e7\u0131lan k\u00fct\u00fcphaneyi hat\u0131rl\u0131yorum. D\u00f6rt d\u00f6rtl\u00fck bir k\u00fct\u00fcphane, ama gidip kitap okuyan yok. Bu k\u00fct\u00fcphane b\u00f6yle olmas\u0131n, Orhanl\u0131 halk\u0131 bu de\u011ferli hazineye sahip \u00e7\u0131ks\u0131n. Orhanl\u0131&#8217;l\u0131 \u00e7ocuklar buradan ald\u0131klar\u0131 bilgilerle ayd\u0131nl\u0131k gelece\u011fe ula\u015fs\u0131n ve \u00fclkemizin ayd\u0131nl\u0131k gen\u00e7leri olsun&#8217; dedi. A\u00e7\u0131l\u0131\u015f kurdelesinin kesilmesinin ard\u0131ndan Soyer, Can D\u00fcndar ile birlikte k\u00fct\u00fcphaneyi gezdi. D\u00fcndar, k\u00fct\u00fcphanede kendisine ait olan kitaplar\u0131 imzalad\u0131.\u00a0<strong><\/strong><\/p>\n<p style=\"text-align: justify;\" align=\"justify\">Kaynak: <a href=\"http:\/\/www.haberler.com\/\" target=\"_blank\">http:\/\/www.haberler.com<\/a><\/p>\n","protected":false},"excerpt":{"rendered":"<p>Seferihisar Belediyesi ve K\u00f6y \u00c7ocuklar\u0131 K\u00fct\u00fcphaneleri Olu\u015fturma K\u00fclt\u00fcr Sanat ve Dayan\u0131\u015fma Derne\u011fi taraf\u0131ndan Seferihisar&#8217;\u0131n Orhanl\u0131 k\u00f6y\u00fcnde &#8216;Atat\u00fcrk \u00c7ocuklar\u0131 K\u00fct\u00fcphanesi&#8217; kuruldu.T\u00f6renle a\u00e7\u0131l\u0131\u015f\u0131 yap\u0131lan k\u00fct\u00fcphanenin sorumlulu\u011funa emekli \u00f6\u011fretmen Osman \u00d6nder getirilirken, k\u00fct\u00fcphanenin masa ve sandalye ihtiya\u00e7lar\u0131 hay\u0131rsever \u00d6m\u00fcr \u00d6nder taraf\u0131ndan kar\u015f\u0131land\u0131. K\u00fct\u00fcphanenin T\u00fcrkiye genelinde 10. Atat\u00fcrk \u00c7ocuklar\u0131 K\u00fct\u00fcphanesi oldu\u011fu belirtildi.<\/p>\n","protected":false},"author":1,"featured_media":0,"comment_status":"open","ping_status":"open","sticky":false,"template":"","format":"standard","meta":{"footnotes":""},"categories":[1539,1],"tags":[],"class_list":["post-1307","post","type-post","status-publish","format-standard","hentry","category-ataturk-cocuklari-kutuphanesi","category-genel"],"_links":{"self":[{"href":"https:\/\/www.bbyhaber.com\/bby\/wp-json\/wp\/v2\/posts\/1307"}],"collection":[{"href":"https:\/\/www.bbyhaber.com\/bby\/wp-json\/wp\/v2\/posts"}],"about":[{"href":"https:\/\/www.bbyhaber.com\/bby\/wp-json\/wp\/v2\/types\/post"}],"author":[{"embeddable":true,"href":"https:\/\/www.bbyhaber.com\/bby\/wp-json\/wp\/v2\/users\/1"}],"replies":[{"embeddable":true,"href":"https:\/\/www.bbyhaber.com\/bby\/wp-json\/wp\/v2\/comments?post=1307"}],"version-history":[{"count":0,"href":"https:\/\/www.bbyhaber.com\/bby\/wp-json\/wp\/v2\/posts\/1307\/revisions"}],"wp:attachment":[{"href":"https:\/\/www.bbyhaber.com\/bby\/wp-json\/wp\/v2\/media?parent=1307"}],"wp:term":[{"taxonomy":"category","embeddable":true,"href":"https:\/\/www.bbyhaber.com\/bby\/wp-json\/wp\/v2\/categories?post=1307"},{"taxonomy":"post_tag","embeddable":true,"href":"https:\/\/www.bbyhaber.com\/bby\/wp-json\/wp\/v2\/tags?post=1307"}],"curies":[{"name":"wp","href":"https:\/\/api.w.org\/{rel}","templated":true}]}}