{"id":13066,"date":"2014-02-08T15:00:13","date_gmt":"2014-02-08T13:00:13","guid":{"rendered":"http:\/\/www.bbyhaber.com\/bby\/?p=13066"},"modified":"2014-02-08T15:00:25","modified_gmt":"2014-02-08T13:00:25","slug":"kutuphane-kullanilmaz-hale-getirildi-manisa","status":"publish","type":"post","link":"https:\/\/www.bbyhaber.com\/bby\/2014\/02\/08\/kutuphane-kullanilmaz-hale-getirildi-manisa","title":{"rendered":"K\u00fct\u00fcphane kullan\u0131lamaz hale getirildi-Manisa"},"content":{"rendered":"<p style=\"text-align: justify;\"><img loading=\"lazy\" decoding=\"async\" class=\"alignleft\" src=\"http:\/\/www.manisadenge.com\/images\/haberler\/yazik_degil_mi_h10498.jpg\" alt=\"\" width=\"185\" height=\"123\" \/>\u00dc\u00e7p\u0131nar Beldesi\u2019nde hay\u0131rsever Rasime-Recai \u015eeyho\u011flu\u2019nun katk\u0131lar\u0131 ile kurulan Rasime-Recai \u015eeyho\u011flu K\u00fct\u00fcphanesi, kendini bilmez ki\u015filer taraf\u0131ndan kullan\u0131lamaz hale getirildi. K\u00fct\u00fcphanenin bu durumu kitapseverleri adeta isyan ettirdi. Denge Gazetesi \u00dc\u00e7p\u0131nar k\u00fct\u00fcphanesinin mezbelelik durumunu g\u00f6zler \u00f6n\u00fcne serdi. Kendini bilmez ki\u015fi veya ki\u015filer taraf\u0131ndan tahrip edilerek kullan\u0131lmaz hale getirilen k\u00fct\u00fcphane bak\u0131ms\u0131zl\u0131ktan adeta \u00e7\u00fcr\u00fcyor.<!--more--> \u00dc\u00e7p\u0131nar Beldesi\u2019nde hay\u0131rsever ve belediye i\u015fbirli\u011fi ile a\u00e7\u0131lan k\u00fct\u00fcphanenin i\u00e7ler ac\u0131s\u0131 durumu objektiflerimize yans\u0131d\u0131. K\u00fct\u00fcphane; 2006 y\u0131l\u0131nda hay\u0131rsever Rasime-Recai \u015eeyho\u011flu Karde\u015flerin b\u00fcy\u00fck destekleri ve giri\u015fimleri neticesinde \u00dc\u00e7p\u0131nar Belediyesi\u2019nin g\u00f6sterdi\u011fi binada t\u00f6renlerle hizmete a\u00e7\u0131lm\u0131\u015ft\u0131.<\/p>\n<p style=\"text-align: justify;\">O zaman k\u00fct\u00fcphanenin a\u00e7\u0131l\u0131\u015f\u0131nda a\u00e7\u0131klamalarda bulunanlar \u2018kitap okumayan kalmayacak, \u00f6zellikle gen\u00e7lerimize halk\u0131m\u0131za kitap okuma al\u0131\u015fkanl\u0131\u011f\u0131n\u0131 kazand\u0131raca\u011f\u0131z\u2019 s\u00f6zleriyle kay\u0131tlara ge\u00e7mi\u015flerdi. O g\u00fcnden bu yana k\u00fct\u00fcphanenin bak\u0131m\u0131, korunmas\u0131 temizli\u011fi belediye taraf\u0131ndan yap\u0131laca\u011f\u0131 belirtilmi\u015fti.<\/p>\n<p style=\"text-align: justify;\">A\u00e7\u0131l\u0131\u015ftan sonra k\u00fct\u00fcphane kap\u0131lar\u0131 a\u00e7\u0131lm\u0131\u015f ve o g\u00fcnden bu yana ilgilenen olmam\u0131\u015ft\u0131. Beldede b\u00f6ylesi bir k\u00fct\u00fcphanenin a\u00e7\u0131lmas\u0131 ard\u0131ndan kap\u0131lar\u0131 adeta kilitli kalm\u0131\u015f ve son zamanlarda ise bak\u0131ms\u0131zl\u0131ktan ve ilgisizlikten raflar\u0131nda y\u00fczlerce bilim kayna\u011f\u0131 kitaplar tozlu raflarda okunmay\u0131 beklemi\u015fti. Bu yetmiyormu\u015f gibi k\u00fct\u00fcphanenin kap\u0131 kilitleri \u00e7\u0131kar\u0131ld\u0131, camlar\u0131 k\u0131r\u0131ld\u0131, i\u00e7eri giren kimli\u011fi belirsiz ki\u015fi veya ki\u015filer raflarda bulunan kitaplar\u0131 yerlere atarak perdeleri s\u00f6k\u00fcp tahrip etti. K\u00fct\u00fcphanedeki ara\u015ft\u0131rma kitaplar\u0131ndan, ansiklopedilere, romanlardan hik\u00e2ye kitaplar\u0131na kadar her t\u00fcrl\u00fc kitab\u0131 bulman\u0131n art\u0131k m\u00fcmk\u00fcn olmad\u0131\u011f\u0131 bu k\u00fct\u00fcphanede ortaya \u00e7\u0131kan manzara bu kadar da olmaz dedirtti. K\u00fct\u00fcphanenin bu halinden dert yanan baz\u0131 vatanda\u015flar; \u201cKap\u0131s\u0131 a\u00e7\u0131k olan k\u00fct\u00fcphane i\u00e7erisine girdi\u011fimizde ise g\u00f6zlerimize inanamad\u0131k, kitaplar\u0131n kopar\u0131lan sayfalar\u0131, y\u0131rt\u0131lan ciltleri y\u00fcreklerimizi burktu, yetkili ve sorumlular ise ortal\u0131kta yok. G\u00f6rd\u00fc\u011f\u00fcm\u00fcz bu manzara kar\u015f\u0131s\u0131nda \u015fa\u015fk\u0131na d\u00f6nd\u00fck\u201d<\/p>\n<p style=\"text-align: justify;\"><strong>Hay\u0131rseverler sak\u0131n g\u00f6rmesin<\/strong><\/p>\n<p style=\"text-align: justify;\">K\u00fct\u00fcphanenin a\u00e7\u0131lmas\u0131nda vesile olan hay\u0131rseverler isimlerinin de levhalar\u0131nda yer ald\u0131\u011f\u0131, hayatlar\u0131 kadar \u00f6nem verdikleri K\u00fct\u00fcphanelerinin son durumun g\u00f6rd\u00fcklerinde kim bilir nas\u0131l d\u00fc\u015f\u00fcnecek beklide hayal k\u0131r\u0131kl\u0131\u011f\u0131na i\u015fte o zaman u\u011frayacaklard\u0131r.<\/p>\n<p style=\"text-align: justify;\"><a href=\"http:\/\/video.manisadabugun.com\/kutuphane-kullanimaz-hale-getirildi-video_0500884d3.html\" target=\"_blank\">Video i\u00e7in t\u0131klay\u0131n\u0131z<\/a><\/p>\n<p style=\"text-align: justify;\">Kaynak: http:\/\/www.manisadenge.com\/<\/p>\n","protected":false},"excerpt":{"rendered":"<p>\u00dc\u00e7p\u0131nar Beldesi\u2019nde hay\u0131rsever Rasime-Recai \u015eeyho\u011flu\u2019nun katk\u0131lar\u0131 ile kurulan Rasime-Recai \u015eeyho\u011flu K\u00fct\u00fcphanesi, kendini bilmez ki\u015filer taraf\u0131ndan kullan\u0131lamaz hale getirildi. K\u00fct\u00fcphanenin bu durumu kitapseverleri adeta isyan ettirdi. Denge Gazetesi \u00dc\u00e7p\u0131nar k\u00fct\u00fcphanesinin mezbelelik durumunu g\u00f6zler \u00f6n\u00fcne serdi. Kendini bilmez ki\u015fi veya ki\u015filer taraf\u0131ndan tahrip edilerek kullan\u0131lmaz hale getirilen k\u00fct\u00fcphane bak\u0131ms\u0131zl\u0131ktan adeta \u00e7\u00fcr\u00fcyor.<\/p>\n","protected":false},"author":1,"featured_media":0,"comment_status":"open","ping_status":"open","sticky":false,"template":"","format":"standard","meta":{"footnotes":""},"categories":[1],"tags":[],"class_list":["post-13066","post","type-post","status-publish","format-standard","hentry","category-genel"],"_links":{"self":[{"href":"https:\/\/www.bbyhaber.com\/bby\/wp-json\/wp\/v2\/posts\/13066"}],"collection":[{"href":"https:\/\/www.bbyhaber.com\/bby\/wp-json\/wp\/v2\/posts"}],"about":[{"href":"https:\/\/www.bbyhaber.com\/bby\/wp-json\/wp\/v2\/types\/post"}],"author":[{"embeddable":true,"href":"https:\/\/www.bbyhaber.com\/bby\/wp-json\/wp\/v2\/users\/1"}],"replies":[{"embeddable":true,"href":"https:\/\/www.bbyhaber.com\/bby\/wp-json\/wp\/v2\/comments?post=13066"}],"version-history":[{"count":0,"href":"https:\/\/www.bbyhaber.com\/bby\/wp-json\/wp\/v2\/posts\/13066\/revisions"}],"wp:attachment":[{"href":"https:\/\/www.bbyhaber.com\/bby\/wp-json\/wp\/v2\/media?parent=13066"}],"wp:term":[{"taxonomy":"category","embeddable":true,"href":"https:\/\/www.bbyhaber.com\/bby\/wp-json\/wp\/v2\/categories?post=13066"},{"taxonomy":"post_tag","embeddable":true,"href":"https:\/\/www.bbyhaber.com\/bby\/wp-json\/wp\/v2\/tags?post=13066"}],"curies":[{"name":"wp","href":"https:\/\/api.w.org\/{rel}","templated":true}]}}