{"id":1303,"date":"2010-04-06T17:30:06","date_gmt":"2010-04-06T17:30:06","guid":{"rendered":"http:\/\/www.bbyhaber.com\/bby\/?p=1303"},"modified":"2011-11-18T17:30:41","modified_gmt":"2011-11-18T17:30:41","slug":"tas-plak-arsivi-internete-tasiniyor","status":"publish","type":"post","link":"https:\/\/www.bbyhaber.com\/bby\/2010\/04\/06\/tas-plak-arsivi-internete-tasiniyor","title":{"rendered":"Ta\u015f plak ar\u015fivi internete ta\u015f\u0131n\u0131yor"},"content":{"rendered":"<p style=\"text-align: justify;\" align=\"justify\">Milli K\u00fct\u00fcphane Ba\u015fkan\u0131 Tuncel Acar, k\u00fct\u00fcphanelerinde s\u00fcreli yay\u0131n, dergi, afi\u015f, para, kaset, CD&#8217;lerin yer ald\u0131\u011f\u0131 \u00e7ok geni\u015f bir ar\u015fiv bulundu\u011funu ve bu ar\u015fivde bulunan 5 bin 500 ta\u015f pla\u011f\u0131n internet ortam\u0131na aktar\u0131larak ara\u015ft\u0131rmac\u0131lar\u0131n kullan\u0131m\u0131na sunulaca\u011f\u0131n\u0131 s\u00f6yledi.<\/p>\n<p style=\"text-align: justify;\" align=\"justify\">&#8221;Ses bankas\u0131&#8221; ad\u0131n\u0131 verdikleri ar\u015fivde ses band\u0131, plak, kaset ve sesli kitaplar\u0131n yer ald\u0131\u011f\u0131n\u0131 anlatan Acar, &#8221;Koleksiyonumuzu sadece saklam\u0131yoruz bunun bir anlam\u0131 yok. \u00d6nemli olan bu ar\u015fivi ara\u015ft\u0131rmac\u0131n\u0131n kullanmas\u0131. Milli k\u00fct\u00fcphaneler ulusal bir ar\u015fivdir ve bu ar\u015fiv ara\u015ft\u0131rmac\u0131n\u0131n hizmetine sunulmal\u0131d\u0131r&#8221; dedi.<\/p>\n<p style=\"text-align: justify;\" align=\"justify\">Ellerindeki ses bantlar\u0131, plak, kasetleri ar\u015fivledik\u00e7e ara\u015ft\u0131rmac\u0131lar\u0131n ilgi g\u00f6stermeye ba\u015flad\u0131\u011f\u0131n\u0131, daha \u00e7ok materyal bulmak i\u00e7in vatanda\u015flara duyuru yapt\u0131klar\u0131n\u0131 dile getiren Acar, s\u00f6zlerini \u015f\u00f6yle s\u00fcrd\u00fcrd\u00fc:<\/p>\n<p style=\"text-align: justify;\" align=\"justify\">&#8221;(Elinizde ta\u015f plak varsa biz sat\u0131n al\u0131yoruz) dedik. Tabii duyurmam\u0131zda g\u00f6rsel ve yaz\u0131l\u0131 bas\u0131n\u0131n da etkisi oldu. Vatanda\u015flar bize bunlar\u0131 getirmeye ba\u015flad\u0131 \u00e7\u00fcnk\u00fc evlerinde kullanam\u0131yorlar son derece hassas materyaller. \u015eu anda 5 bin 500 ta\u015f pla\u011f\u0131m\u0131z var. Bu ta\u015f plaklar\u0131 dijital ortama aktard\u0131k. Bu ay\u0131n sonunda web \u00fczerinden ara\u015ft\u0131rmac\u0131lar\u0131n ve vatanda\u015flar\u0131n hizmetine sunaca\u011f\u0131z.<\/p>\n<p style=\"text-align: justify;\" align=\"justify\">Ayr\u0131ca, ses CD&#8217;lerimiz aras\u0131nda \u00e7ok say\u0131da \u00fcnl\u00fcn\u00fcn, devlet ba\u015fkanlar\u0131m\u0131z\u0131n, ba\u015fbakanlar\u0131m\u0131z\u0131n, milletvekillerimizin, yazarlar\u0131m\u0131z\u0131n kay\u0131tlar\u0131 var. Ara\u015ft\u0131rmac\u0131lar istedikleri zaman bu kay\u0131tlara ula\u015fabiliyor. Notunu al\u0131p ara\u015ft\u0131rmas\u0131n\u0131 yapabiliyor.&#8221;<\/p>\n<p style=\"text-align: justify;\" align=\"justify\">Kaynak: <a href=\"http:\/\/www.internethaber.com\/\" target=\"_blank\">http:\/\/www.internethaber.com<\/a><\/p>\n","protected":false},"excerpt":{"rendered":"<p>Milli K\u00fct\u00fcphane Ba\u015fkan\u0131 Tuncel Acar, k\u00fct\u00fcphanelerinde s\u00fcreli yay\u0131n, dergi, afi\u015f, para, kaset, CD&#8217;lerin yer ald\u0131\u011f\u0131 \u00e7ok geni\u015f bir ar\u015fiv bulundu\u011funu ve bu ar\u015fivde bulunan 5 bin 500 ta\u015f pla\u011f\u0131n internet ortam\u0131na aktar\u0131larak ara\u015ft\u0131rmac\u0131lar\u0131n kullan\u0131m\u0131na sunulaca\u011f\u0131n\u0131 s\u00f6yledi. &#8221;Ses bankas\u0131&#8221; ad\u0131n\u0131 verdikleri ar\u015fivde ses band\u0131, plak, kaset ve sesli kitaplar\u0131n yer ald\u0131\u011f\u0131n\u0131 anlatan Acar, &#8221;Koleksiyonumuzu sadece saklam\u0131yoruz [&hellip;]<\/p>\n","protected":false},"author":1,"featured_media":0,"comment_status":"open","ping_status":"open","sticky":false,"template":"","format":"standard","meta":{"footnotes":""},"categories":[1475,1],"tags":[169],"class_list":["post-1303","post","type-post","status-publish","format-standard","hentry","category-ankara-milli-kutuphane","category-genel","tag-tas-plak-arsivi"],"_links":{"self":[{"href":"https:\/\/www.bbyhaber.com\/bby\/wp-json\/wp\/v2\/posts\/1303"}],"collection":[{"href":"https:\/\/www.bbyhaber.com\/bby\/wp-json\/wp\/v2\/posts"}],"about":[{"href":"https:\/\/www.bbyhaber.com\/bby\/wp-json\/wp\/v2\/types\/post"}],"author":[{"embeddable":true,"href":"https:\/\/www.bbyhaber.com\/bby\/wp-json\/wp\/v2\/users\/1"}],"replies":[{"embeddable":true,"href":"https:\/\/www.bbyhaber.com\/bby\/wp-json\/wp\/v2\/comments?post=1303"}],"version-history":[{"count":0,"href":"https:\/\/www.bbyhaber.com\/bby\/wp-json\/wp\/v2\/posts\/1303\/revisions"}],"wp:attachment":[{"href":"https:\/\/www.bbyhaber.com\/bby\/wp-json\/wp\/v2\/media?parent=1303"}],"wp:term":[{"taxonomy":"category","embeddable":true,"href":"https:\/\/www.bbyhaber.com\/bby\/wp-json\/wp\/v2\/categories?post=1303"},{"taxonomy":"post_tag","embeddable":true,"href":"https:\/\/www.bbyhaber.com\/bby\/wp-json\/wp\/v2\/tags?post=1303"}],"curies":[{"name":"wp","href":"https:\/\/api.w.org\/{rel}","templated":true}]}}