{"id":13022,"date":"2014-01-24T22:40:26","date_gmt":"2014-01-24T20:40:26","guid":{"rendered":"http:\/\/www.bbyhaber.com\/bby\/?p=13022"},"modified":"2014-04-07T09:44:18","modified_gmt":"2014-04-07T07:44:18","slug":"liselerarasi-resim-yarismasi-hayalimdeki-kutuphane","status":"publish","type":"post","link":"https:\/\/www.bbyhaber.com\/bby\/2014\/01\/24\/liselerarasi-resim-yarismasi-hayalimdeki-kutuphane","title":{"rendered":"Liseleraras\u0131 Resim Yar\u0131\u015fmas\u0131-Hayalimdeki K\u00fct\u00fcphane"},"content":{"rendered":"<p style=\"text-align: justify;\"><a href=\"http:\/\/www.bbyhaber.com\/bby\/wp-content\/uploads\/2014\/01\/yasar.jpg\"><img loading=\"lazy\" decoding=\"async\" class=\"alignleft\" src=\"http:\/\/www.bbyhaber.com\/bby\/wp-content\/uploads\/2014\/01\/yasar.jpg\" alt=\"\" width=\"200\" height=\"129\" \/><\/a><a href=\"http:\/\/bm.yasar.edu.tr\/\" target=\"_blank\"><strong>Ya\u015far \u00dcniversitesi Bilgi Merkezi<\/strong><\/a> Liseleraras\u0131 Resim Yar\u0131\u015fmas\u0131 d\u00fczenlemektedir. \u0130lgilenenler i\u00e7in konuyla ilgili bilgilerin yer ald\u0131\u011f\u0131 \u015fartname a\u015fa\u011f\u0131dad\u0131r<strong>. <\/strong><strong><\/strong>Yar\u0131\u015fman\u0131n amac\u0131; Gen\u00e7 ku\u015faklarla sanat\u0131 bulu\u015fturmak, sanat\u0131n toplumda yayg\u0131nla\u015fmas\u0131n\u0131\u00a0\u00f6zendirmek, Gen\u00e7 ku\u015faklara okuma al\u0131\u015fkanl\u0131\u011f\u0131 kazand\u0131rmak ve bu vesile ile Ya\u015far \u00dcniversitesi \u00a0ve Ya\u015far \u00dcniversitesi Bilgi Merkezi\u2019nin bilinirli\u011fini art\u0131rmak. <strong>Son Ba\u015fvuru Tarihi: <span style=\"color: #ff0000;\">01 Nisan 2014<\/span><\/strong><!--more--><\/p>\n<p style=\"text-align: justify;\"><strong>Kapsam :<\/strong><strong>\u00a0<\/strong>\u0130zmir \u0130li ve \u0130l\u00e7eleri Lise ve Dengi Okullar aras\u0131 resim yar\u0131\u015fmas\u0131<\/p>\n<p style=\"text-align: justify;\"><strong>Konu:<\/strong><strong>\u00a0<\/strong>Hayalimdeki K\u00fct\u00fcphane<\/p>\n<p style=\"text-align: justify;\"><strong>Teknik<\/strong><strong>:<\/strong>\u00a0Her t\u00fcrl\u00fc malzeme ve teknik serbesttir.<\/p>\n<p style=\"text-align: justify;\"><strong><a href=\"http:\/\/bm.yasar.edu.tr\/wp-content\/uploads\/2014\/01\/Hayalimdeki-Kutuphane.jpg\"><img loading=\"lazy\" decoding=\"async\" class=\"alignnone\" src=\"http:\/\/bm.yasar.edu.tr\/wp-content\/uploads\/2014\/01\/Hayalimdeki-Kutuphane.jpg\" alt=\"\" width=\"360\" height=\"150\" \/><\/a><\/strong><\/p>\n<p style=\"text-align: justify;\"><strong>Yap\u0131tlar\u0131n \u00d6zellikleri:<\/strong><\/p>\n<p style=\"text-align: justify;\">a) Eserlerin boyutlar\u0131n\u0131n uzun kenar\u0131 50 cm\u2019den fazla, k\u0131sa kenar\u0131\u00a030 cm\u2019den az olmayacakt\u0131r.<\/p>\n<p style=\"text-align: justify;\">b) Resimler kargo yolu ile veya elden a\u015fa\u011f\u0131daki adrese teslim edilecektir:<\/p>\n<p style=\"text-align: justify;\">c) Adres:\u00a0\u00a0 \u00dcniversite Caddesi, No:35-37, A\u011fa\u00e7l\u0131 Yol, Bornova, \u0130zmir PK. 35100<\/p>\n<p style=\"text-align: justify;\"><strong>Tel.:<\/strong>\u00a0\u00a0(0232) 411 5000 &#8211;\u00a0(0232) 374 5474<\/p>\n<p style=\"text-align: justify;\">Kargo yolu ile g\u00f6nderilen ka\u011f\u0131t \u00fczerine yap\u0131tlar, iki sert mukavva aras\u0131na ambalajlanm\u0131\u015f \u015fekilde, tuval \u00fczerine olan yap\u0131tlar ise \u00e7er\u00e7evelenmi\u015f ve \u00e7ok iyi ambalajlanm\u0131\u015f olmal\u0131d\u0131r.<\/p>\n<p style=\"text-align: justify;\">Kargoda olu\u015fabilecek herhangi bir zarardan \u00fcniversitemiz sorumlu olmayacakt\u0131r.<\/p>\n<p style=\"text-align: justify;\">d) Resimlerin arka y\u00fcz\u00fcne a\u015fa\u011f\u0131daki bilgileri i\u00e7eren, okunakl\u0131 yaz\u0131lm\u0131\u015f etiket yap\u0131\u015ft\u0131r\u0131lacakt\u0131r.<\/p>\n<table border=\"1\" cellspacing=\"0\" cellpadding=\"0\">\n<tbody>\n<tr>\n<td valign=\"top\" width=\"149\">Ad, Soyad\u0131<\/td>\n<td valign=\"top\" width=\"336\"><\/td>\n<\/tr>\n<tr>\n<td valign=\"top\" width=\"149\">Ev adresi<\/td>\n<td valign=\"top\" width=\"336\"><\/td>\n<\/tr>\n<tr>\n<td valign=\"top\" width=\"149\">Ev telefonu<\/td>\n<td valign=\"top\" width=\"336\"><\/td>\n<\/tr>\n<tr>\n<td valign=\"top\" width=\"149\">Okul ad\u0131<\/td>\n<td valign=\"top\" width=\"336\"><\/td>\n<\/tr>\n<tr>\n<td valign=\"top\" width=\"149\">Okul adresi<\/td>\n<td valign=\"top\" width=\"336\"><\/td>\n<\/tr>\n<tr>\n<td valign=\"top\" width=\"149\">Okul telefonu<\/td>\n<td valign=\"top\" width=\"336\"><\/td>\n<\/tr>\n<tr>\n<td valign=\"top\" width=\"149\">S\u0131n\u0131f\u0131<\/td>\n<td valign=\"top\" width=\"336\"><\/td>\n<\/tr>\n<tr>\n<td valign=\"top\" width=\"149\">Okul M\u00fcd\u00fcr\u00fcn\u00fcn Ad\u0131<\/td>\n<td valign=\"top\" width=\"336\"><\/td>\n<\/tr>\n<tr>\n<td valign=\"top\" width=\"149\">Resim \u00d6\u011fretmeni ad\u0131<\/td>\n<td valign=\"top\" width=\"336\"><\/td>\n<\/tr>\n<\/tbody>\n<\/table>\n<p style=\"text-align: justify;\"><span style=\"color: #000000;\"><strong>Teslim Tarihi:\u00a0<\/strong><\/span>Yap\u0131tlar\u00a0<span style=\"color: #0000ff;\"><strong><strong>1 Nisan 2014<\/strong><\/strong><\/span>\u00a0tarihinde teslim edilecektir.<\/p>\n<p style=\"text-align: justify;\">Sergilenen ve sergilenmeyen t\u00fcm yap\u0131tlar<span style=\"color: #0000ff;\">\u00a0<strong><strong>1-15 May\u0131s 2014<\/strong>\u00a0<\/strong><\/span>tarihleri aras\u0131 hafta i\u00e7i , \u00e7al\u0131\u015fma saatleri i\u00e7erisinde, ayn\u0131 adresten geri al\u0131nacakt\u0131r. Zaman\u0131nda al\u0131nmayan yap\u0131tlardan \u00fcniversitemiz sorumlu de\u011fildir.\u00d6d\u00fcl alan yap\u0131tlar \u00fcniversitemize b\u0131rak\u0131lacakt\u0131r.<\/p>\n<p style=\"text-align: justify;\">Her kat\u0131l\u0131mc\u0131 en \u00e7ok 1 eserle kat\u0131labilir.<\/p>\n<p style=\"text-align: justify;\"><strong>\u00d6d\u00fcller:<\/strong><strong>\u00a0\u00a0<\/strong>Lise ve Dengi Okullar<\/p>\n<p style=\"text-align: justify;\">Birinci: E-kitap Okuyucu(Kindle)<\/p>\n<p style=\"text-align: justify;\">\u0130kinci:\u00a0 E-kitap Okuyucu(Kindle)<\/p>\n<p style=\"text-align: justify;\">\u00dc\u00e7\u00fcnc\u00fc: E-kitap Okuyucu(Kindle)<\/p>\n<h3 style=\"text-align: justify;\">\u00d6d\u00fcl T\u00f6reni : \u00d6d\u00fcle lay\u0131k g\u00f6r\u00fclen ve sergilenmeye de\u011fer bulunan yap\u0131tlar\u0131n sahipleri daha\u00a0ve Sergi \u00f6nceden bilgilendirilecektir.\u00a0 \u00d6d\u00fcl T\u00f6reni ve Sergi A\u00e7\u0131l\u0131\u015f\u0131 daha \u00f6nce belirnen bir tarihte\u00a0kat\u0131l\u0131mc\u0131lara duyurulucakt\u0131r.<\/h3>\n","protected":false},"excerpt":{"rendered":"<p>Ya\u015far \u00dcniversitesi Bilgi Merkezi Liseleraras\u0131 Resim Yar\u0131\u015fmas\u0131 d\u00fczenlemektedir. \u0130lgilenenler i\u00e7in konuyla ilgili bilgilerin yer ald\u0131\u011f\u0131 \u015fartname a\u015fa\u011f\u0131dad\u0131r. Yar\u0131\u015fman\u0131n amac\u0131; Gen\u00e7 ku\u015faklarla sanat\u0131 bulu\u015fturmak, sanat\u0131n toplumda yayg\u0131nla\u015fmas\u0131n\u0131\u00a0\u00f6zendirmek, Gen\u00e7 ku\u015faklara okuma al\u0131\u015fkanl\u0131\u011f\u0131 kazand\u0131rmak ve bu vesile ile Ya\u015far \u00dcniversitesi \u00a0ve Ya\u015far \u00dcniversitesi Bilgi Merkezi\u2019nin bilinirli\u011fini art\u0131rmak. Son Ba\u015fvuru Tarihi: 01 Nisan 2014<\/p>\n","protected":false},"author":1,"featured_media":0,"comment_status":"open","ping_status":"open","sticky":false,"template":"","format":"standard","meta":{"footnotes":""},"categories":[1],"tags":[],"class_list":["post-13022","post","type-post","status-publish","format-standard","hentry","category-genel"],"_links":{"self":[{"href":"https:\/\/www.bbyhaber.com\/bby\/wp-json\/wp\/v2\/posts\/13022"}],"collection":[{"href":"https:\/\/www.bbyhaber.com\/bby\/wp-json\/wp\/v2\/posts"}],"about":[{"href":"https:\/\/www.bbyhaber.com\/bby\/wp-json\/wp\/v2\/types\/post"}],"author":[{"embeddable":true,"href":"https:\/\/www.bbyhaber.com\/bby\/wp-json\/wp\/v2\/users\/1"}],"replies":[{"embeddable":true,"href":"https:\/\/www.bbyhaber.com\/bby\/wp-json\/wp\/v2\/comments?post=13022"}],"version-history":[{"count":0,"href":"https:\/\/www.bbyhaber.com\/bby\/wp-json\/wp\/v2\/posts\/13022\/revisions"}],"wp:attachment":[{"href":"https:\/\/www.bbyhaber.com\/bby\/wp-json\/wp\/v2\/media?parent=13022"}],"wp:term":[{"taxonomy":"category","embeddable":true,"href":"https:\/\/www.bbyhaber.com\/bby\/wp-json\/wp\/v2\/categories?post=13022"},{"taxonomy":"post_tag","embeddable":true,"href":"https:\/\/www.bbyhaber.com\/bby\/wp-json\/wp\/v2\/tags?post=13022"}],"curies":[{"name":"wp","href":"https:\/\/api.w.org\/{rel}","templated":true}]}}