{"id":1301,"date":"2010-04-13T17:28:42","date_gmt":"2010-04-13T15:28:42","guid":{"rendered":"http:\/\/www.bbyhaber.com\/bby\/?p=1301"},"modified":"2013-02-28T12:53:08","modified_gmt":"2013-02-28T10:53:08","slug":"milli-kutuphane-64-yasini-kutlayacak","status":"publish","type":"post","link":"https:\/\/www.bbyhaber.com\/bby\/2010\/04\/13\/milli-kutuphane-64-yasini-kutlayacak","title":{"rendered":"Milli K\u00fct\u00fcphane 64. Ya\u015f\u0131n\u0131 Kutlayacak"},"content":{"rendered":"<p style=\"text-align: justify;\" align=\"justify\">T\u00fcrk k\u00fclt\u00fcr\u00fcn\u00fcn aynas\u0131 ve T\u00fcrk milletinin haf\u0131zas\u0131 olan Milli K\u00fct\u00fcphane 64. ya\u015f\u0131n\u0131 t\u00f6renle kutlayacak. T\u00fcrk k\u00fclt\u00fcr\u00fc, edebiyat, bilim ve sanat\u0131na hizmet veren Milli K\u00fct\u00fcphane&#8217;nin 64&#8217;\u00fcnc\u00fc kurulu\u015f y\u0131ld\u00f6n\u00fcm\u00fc \u00f6zel bir programla kutlanacak. Kutlama 15 Nisan 2010 tarihinde saat 14.00&#8217;de Milli K\u00fct\u00fcphane Ba\u015fkanl\u0131\u011f\u0131 Konferans Salonu&#8217;nda ger\u00e7ekle\u015fecek.<\/p>\n<p style=\"text-align: justify;\" align=\"justify\">Yurt i\u00e7i ve yurt d\u0131\u015f\u0131nda bilgi ak\u0131\u015f\u0131n\u0131 ger\u00e7ekle\u015ftirmek amac\u0131yla 2008 y\u0131l\u0131nda Avrupa K\u00fct\u00fcphanesi&#8217;ne entegre olan, k\u00fct\u00fcphanecilik standartlar\u0131n\u0131n \u00fclke \u00e7ap\u0131nda yayg\u0131nla\u015fmas\u0131n\u0131 sa\u011flayan Milli K\u00fct\u00fcphane&#8217;nin y\u0131ld\u00f6n\u00fcm\u00fc kutlamas\u0131nda; k\u00fct\u00fcphane b\u00fcnyesinde 20 y\u0131l ve daha fazla \u00e7al\u0131\u015fanlara pl\u00e2ket verilecek ve k\u00fct\u00fcphane korosu \u015fark\u0131lar\u0131n\u0131 seslendirecek.<strong><\/strong><\/p>\n<p style=\"text-align: justify;\">Kaynak: <a href=\"http:\/\/www.haberler.com\/\" target=\"_blank\">http:\/\/www.haberler.com\/<\/a><\/p>\n","protected":false},"excerpt":{"rendered":"<p>T\u00fcrk k\u00fclt\u00fcr\u00fcn\u00fcn aynas\u0131 ve T\u00fcrk milletinin haf\u0131zas\u0131 olan Milli K\u00fct\u00fcphane 64. ya\u015f\u0131n\u0131 t\u00f6renle kutlayacak. T\u00fcrk k\u00fclt\u00fcr\u00fc, edebiyat, bilim ve sanat\u0131na hizmet veren Milli K\u00fct\u00fcphane&#8217;nin 64&#8217;\u00fcnc\u00fc kurulu\u015f y\u0131ld\u00f6n\u00fcm\u00fc \u00f6zel bir programla kutlanacak. Kutlama 15 Nisan 2010 tarihinde saat 14.00&#8217;de Milli K\u00fct\u00fcphane Ba\u015fkanl\u0131\u011f\u0131 Konferans Salonu&#8217;nda ger\u00e7ekle\u015fecek. Yurt i\u00e7i ve yurt d\u0131\u015f\u0131nda bilgi ak\u0131\u015f\u0131n\u0131 ger\u00e7ekle\u015ftirmek amac\u0131yla 2008 y\u0131l\u0131nda [&hellip;]<\/p>\n","protected":false},"author":1,"featured_media":0,"comment_status":"open","ping_status":"open","sticky":false,"template":"","format":"standard","meta":{"footnotes":""},"categories":[1475,1],"tags":[],"class_list":["post-1301","post","type-post","status-publish","format-standard","hentry","category-ankara-milli-kutuphane","category-genel"],"_links":{"self":[{"href":"https:\/\/www.bbyhaber.com\/bby\/wp-json\/wp\/v2\/posts\/1301"}],"collection":[{"href":"https:\/\/www.bbyhaber.com\/bby\/wp-json\/wp\/v2\/posts"}],"about":[{"href":"https:\/\/www.bbyhaber.com\/bby\/wp-json\/wp\/v2\/types\/post"}],"author":[{"embeddable":true,"href":"https:\/\/www.bbyhaber.com\/bby\/wp-json\/wp\/v2\/users\/1"}],"replies":[{"embeddable":true,"href":"https:\/\/www.bbyhaber.com\/bby\/wp-json\/wp\/v2\/comments?post=1301"}],"version-history":[{"count":0,"href":"https:\/\/www.bbyhaber.com\/bby\/wp-json\/wp\/v2\/posts\/1301\/revisions"}],"wp:attachment":[{"href":"https:\/\/www.bbyhaber.com\/bby\/wp-json\/wp\/v2\/media?parent=1301"}],"wp:term":[{"taxonomy":"category","embeddable":true,"href":"https:\/\/www.bbyhaber.com\/bby\/wp-json\/wp\/v2\/categories?post=1301"},{"taxonomy":"post_tag","embeddable":true,"href":"https:\/\/www.bbyhaber.com\/bby\/wp-json\/wp\/v2\/tags?post=1301"}],"curies":[{"name":"wp","href":"https:\/\/api.w.org\/{rel}","templated":true}]}}