{"id":13009,"date":"2014-01-23T16:05:31","date_gmt":"2014-01-23T14:05:31","guid":{"rendered":"http:\/\/www.bbyhaber.com\/bby\/?p=13009"},"modified":"2014-04-20T21:24:55","modified_gmt":"2014-04-20T18:24:55","slug":"ankoslink-2014-konferansi-18-20-nisan-2014antalya","status":"publish","type":"post","link":"https:\/\/www.bbyhaber.com\/bby\/2014\/01\/23\/ankoslink-2014-konferansi-18-20-nisan-2014antalya","title":{"rendered":"ANKOSLink 2014 Konferans\u0131-18-20 Nisan 2014,Antalya"},"content":{"rendered":"<p style=\"text-align: justify;\"><span style=\"color: #0000ff;\"><strong>18-20\u00a0 Nisan 2014<\/strong><\/span> tarihleri aras\u0131nda <strong>Antalya Maritim Kongre Merkez<\/strong>i&#8217;nde <span style=\"color: #0000ff;\"><strong>ANKOSLink 2014<\/strong><\/span> Konferans\u0131 ger\u00e7ekle\u015ftirilecektir. A\u00e7\u0131k eri\u015fim, koleksiyon payla\u015f\u0131m\u0131, b\u00fcy\u00fck \u00f6l\u00e7ekli veriler, mekan ve depo payla\u015f\u0131m\u0131, yanl\u0131\u015f dijitalle\u015ftirme, Google Scholar gibi ba\u015fl\u0131klar\u0131n \u00f6ne \u00e7\u0131kaca\u011f\u0131 ANKOSLink 2014\u2019te; paneller, seminerler, firma sunumlar\u0131n\u0131n yer alaca\u011f\u0131 zengin i\u00e7erikli bir program sunulmas\u0131 hedefleniyor.<!--more--><\/p>\n<p style=\"text-align: justify;\"><span style=\"color: #3366ff;\"><strong><a href=\"http:\/\/ankoslink.org.tr\/kayit.html\" target=\"_blank\"><span style=\"color: #3366ff;\">Kay\u0131t i\u00e7in t\u0131klay\u0131n\u0131z<\/span><\/a><\/strong><\/span>\u00a0 <strong><span style=\"color: #ff0000;\">&#8211;&gt; D\u0130KKAT<\/span><\/strong>: ANKOS \u00dcyesi olan kurumlardan kat\u0131lacaklar\u0131n, &#8220;<span style=\"text-decoration: underline;\">AN<\/span><span style=\"text-decoration: underline;\">KOS \u00dcye Kat\u0131l\u0131mc\u0131 kategorisini<\/span>&#8221; se\u00e7erek kay\u0131t i\u015flemlerini ger\u00e7ekle\u015ftirmesi gereklidir. (<strong>Kay\u0131tlar \u0130\u00e7in Son Tarih : 01 Nisan 2014<\/strong>)<\/p>\n<p><strong><em>ANKOS Ba\u015fkan\u0131<\/em> Ertu\u011frul \u00c7imen&#8217;in Mesaj\u0131:<\/strong><\/p>\n<p style=\"text-align: justify;\">2012 y\u0131l\u0131n\u0131n son \u00e7eyre\u011finde bir sonraki y\u0131l ger\u00e7ekle\u015fecek ANKOS y\u0131ll\u0131k toplant\u0131s\u0131 i\u00e7in haz\u0131rl\u0131klara ba\u015flad\u0131\u011f\u0131m\u0131zda t\u00fcm Y\u00f6netim Kurulu \u00fcyesi arkada\u015flar\u0131mla, ya\u015fanan k\u00fcresel geli\u015fmeleri f\u0131rsata d\u00f6n\u00fc\u015ft\u00fcrebilece\u011fimiz yeni bir kurgu ve yeni bir format \u00fczerinde \u00e7al\u0131\u015f\u0131lmas\u0131 konusunda hemfikir olduk. Al\u0131nan bu karar, bir idealin pe\u015finden ko\u015fmak, \u00e7ok \u00e7al\u0131\u015fmak anlam\u0131na gelmekle birlikte pek \u00e7ok riski de \u00fcstlenmemizi zorunlu k\u0131l\u0131yordu. Bu s\u00fcre\u00e7te, \u00fcyelerimizden ve di\u011fer payda\u015flar\u0131m\u0131zdan gelen talepler, ataca\u011f\u0131m\u0131z ad\u0131mda yan\u0131m\u0131zda olacaklar\u0131n\u0131 ifade ederek bizleri te\u015fvik eden yay\u0131nevleri ve arac\u0131 firmalar en \u00f6nemli itici g\u00fcc\u00fcm\u00fcz oldular.<\/p>\n<p style=\"text-align: justify;\">Uzun soluklu bir \u00e7al\u0131\u015fman\u0131n yap\u0131ld\u0131\u011f\u0131, y\u00fczlerce saatlik mesainin harcand\u0131\u011f\u0131, binlerce elektronik posta mesaj\u0131n\u0131n g\u00f6nderildi\u011fi bu s\u00fcrecin ard\u0131ndan yeni ad\u0131yla ve format\u0131yla ger\u00e7ekle\u015ftirilen ANKOSLink 2013 Konferans\u0131 sonras\u0131nda ald\u0131\u011f\u0131m\u0131z geribildirimler at\u0131lan bu ilk ad\u0131mda baz\u0131 eksiklerine ra\u011fmen hedefledi\u011fimiz amaca \u00f6nemli \u00f6l\u00e7\u00fcde ula\u015ft\u0131\u011f\u0131m\u0131z\u0131 ortaya koymu\u015ftur.<\/p>\n<p style=\"text-align: justify;\">Elbette bu yola \u00e7\u0131kt\u0131\u011f\u0131m\u0131zda var olan\u0131n de\u011fi\u015ftirilmesinin zor oldu\u011funu bildi\u011fimiz kadar yeni yap\u0131lan\u0131n s\u00fcrd\u00fcr\u00fclebilir olmas\u0131n\u0131n \u00f6neminin de fark\u0131ndayd\u0131k. ANKOSLink 2013 Konferans\u0131 ile ilk ad\u0131m\u0131 att\u0131k, bundan sonra ba\u015far\u0131l\u0131 olunan bu format\u0131n kal\u0131c\u0131 ve s\u00fcrd\u00fcr\u00fclebilir olmas\u0131n\u0131 sa\u011flayacak ad\u0131mlar\u0131 ataca\u011f\u0131z. Bu ba\u011flamda, 18 \u2013 20 Nisan 2014 tarihlerinde Maritim Kongre Merkezi\u2019nde ger\u00e7ekle\u015ftirilecek olan ANKOSLink 2014 Konferans\u0131\u2019n\u0131n haz\u0131rl\u0131k \u00e7al\u0131\u015fmalar\u0131na Temmuz 2013\u2019te ba\u015flad\u0131k. 2013 y\u0131l\u0131nda edindi\u011fimiz tecr\u00fcbe \u0131\u015f\u0131\u011f\u0131nda web ara y\u00fcz\u00fcnde, konferans program\u0131nda, sunumlar\u0131n yap\u0131laca\u011f\u0131 alanlarda ger\u00e7ekle\u015ftirece\u011fimiz iyile\u015ftirmeler i\u00e7in ilgili arkada\u015flar\u0131m yo\u011fun bir \u00e7al\u0131\u015fma y\u00fcr\u00fct\u00fcyorlar.<\/p>\n<p style=\"text-align: justify;\">Ge\u00e7ti\u011fimiz y\u0131l deklere etti\u011fimiz \u00fczere ANKOSLink konferanslar\u0131n\u0131n b\u00f6lgesel \u2013 uluslararas\u0131 \u00f6l\u00e7ekli bir yap\u0131ya kavu\u015fmas\u0131 i\u00e7in de yo\u011fun tan\u0131t\u0131m \u2013 ileti\u015fim faaliyetleri devam ediyor, 2014 y\u0131l\u0131nda ger\u00e7ekle\u015fecek olan konferansa b\u00f6lge \u00fclkelerindeki meslekta\u015flar\u0131m\u0131z\u0131n \u00e7ok daha fazla kat\u0131l\u0131m sa\u011flayacaklar\u0131n\u0131 tahmin ediyorum.<\/p>\n<p style=\"text-align: justify;\">ANKOSLink 2014 Konferans\u0131&#8217;n\u0131n akademik i\u00e7eri\u011finde t\u00fcm kat\u0131l\u0131mc\u0131lar\u0131n ilgisini \u00e7ekecek ba\u015fl\u0131klar olacak. A\u00e7\u0131k eri\u015fim, payla\u015f\u0131lan koleksiyonlar, b\u00fcy\u00fck \u00f6l\u00e7ekli veriler, payla\u015f\u0131lan mekanlar ve depolar, yanl\u0131\u015f dijitalle\u015ftirme, Google Scholar ANKOSLink 2014 Konferans\u0131\u2019nda ele al\u0131nacak konu ba\u015fl\u0131klar\u0131ndan baz\u0131lar\u0131. ANKOSLink 2014 konferans\u0131nda yukar\u0131da yer alan konular\u0131 yine T\u00fcrkiye\u2019den ve di\u011fer \u00fclkelerden gelecek davetli konu\u015fmac\u0131lar ve konu uzmanlar\u0131 ile de\u011ferlendirecek ve t\u00fcm y\u00f6nleri ile tart\u0131\u015faca\u011f\u0131z.<\/p>\n<p style=\"text-align: justify;\">ANKOSLink 2014 konferans\u0131n\u0131n t\u00fcm kat\u0131l\u0131mc\u0131lar i\u00e7in verimli olmas\u0131n\u0131 diliyor, bu organizasyonun ger\u00e7ekle\u015fmesi i\u00e7in emek veren, birlikte \u00e7al\u0131\u015fmaktan onur duydu\u011fum ba\u015fta Y\u00f6netim Kurulu \u00fcyeleri olmak \u00fczere t\u00fcm ANKOS g\u00f6n\u00fcll\u00fclerine en i\u00e7ten te\u015fekk\u00fcrlerimi sunuyorum.<\/p>\n<p style=\"text-align: justify;\"><em>Sayg\u0131lar\u0131mla,<\/em><br \/>\n<em>Ertu\u011frul \u00c7imen<\/em><br \/>\n<em>ANKOS Ba\u015fkan\u0131<\/em><\/p>\n","protected":false},"excerpt":{"rendered":"<p>18-20\u00a0 Nisan 2014 tarihleri aras\u0131nda Antalya Maritim Kongre Merkezi&#8217;nde ANKOSLink 2014 Konferans\u0131 ger\u00e7ekle\u015ftirilecektir. A\u00e7\u0131k eri\u015fim, koleksiyon payla\u015f\u0131m\u0131, b\u00fcy\u00fck \u00f6l\u00e7ekli veriler, mekan ve depo payla\u015f\u0131m\u0131, yanl\u0131\u015f dijitalle\u015ftirme, Google Scholar gibi ba\u015fl\u0131klar\u0131n \u00f6ne \u00e7\u0131kaca\u011f\u0131 ANKOSLink 2014\u2019te; paneller, seminerler, firma sunumlar\u0131n\u0131n yer alaca\u011f\u0131 zengin i\u00e7erikli bir program sunulmas\u0131 hedefleniyor.<\/p>\n","protected":false},"author":1,"featured_media":0,"comment_status":"open","ping_status":"open","sticky":false,"template":"","format":"standard","meta":{"footnotes":""},"categories":[1537],"tags":[1015,1395],"class_list":["post-13009","post","type-post","status-publish","format-standard","hentry","category-ankoslink","tag-ankos","tag-bby-mesleki-etkinlikler-arsivi"],"_links":{"self":[{"href":"https:\/\/www.bbyhaber.com\/bby\/wp-json\/wp\/v2\/posts\/13009"}],"collection":[{"href":"https:\/\/www.bbyhaber.com\/bby\/wp-json\/wp\/v2\/posts"}],"about":[{"href":"https:\/\/www.bbyhaber.com\/bby\/wp-json\/wp\/v2\/types\/post"}],"author":[{"embeddable":true,"href":"https:\/\/www.bbyhaber.com\/bby\/wp-json\/wp\/v2\/users\/1"}],"replies":[{"embeddable":true,"href":"https:\/\/www.bbyhaber.com\/bby\/wp-json\/wp\/v2\/comments?post=13009"}],"version-history":[{"count":0,"href":"https:\/\/www.bbyhaber.com\/bby\/wp-json\/wp\/v2\/posts\/13009\/revisions"}],"wp:attachment":[{"href":"https:\/\/www.bbyhaber.com\/bby\/wp-json\/wp\/v2\/media?parent=13009"}],"wp:term":[{"taxonomy":"category","embeddable":true,"href":"https:\/\/www.bbyhaber.com\/bby\/wp-json\/wp\/v2\/categories?post=13009"},{"taxonomy":"post_tag","embeddable":true,"href":"https:\/\/www.bbyhaber.com\/bby\/wp-json\/wp\/v2\/tags?post=13009"}],"curies":[{"name":"wp","href":"https:\/\/api.w.org\/{rel}","templated":true}]}}