{"id":1299,"date":"2010-04-14T17:27:56","date_gmt":"2010-04-14T17:27:56","guid":{"rendered":"http:\/\/www.bbyhaber.com\/bby\/?p=1299"},"modified":"2012-05-30T13:14:43","modified_gmt":"2012-05-30T13:14:43","slug":"malatyada-gezici-kutuphane-projesi","status":"publish","type":"post","link":"https:\/\/www.bbyhaber.com\/bby\/2010\/04\/14\/malatyada-gezici-kutuphane-projesi","title":{"rendered":"Malatya&#8217;da &#8216;Gezici K\u00fct\u00fcphane&#8217; Projesi"},"content":{"rendered":"<p style=\"text-align: justify;\" align=\"justify\">Malatya \u0130l Milli E\u011fitim M\u00fcd\u00fcr\u00fc Mehmet Bulut, &#8216;Malatya Okuyor&#8217; kampanyas\u0131 kapsam\u0131ndaki &#8216;Gezici K\u00fct\u00fcphane&#8217; projesini bu hafta hayata ge\u00e7ireceklerini bildirdi. Bulut, AA muhabirine yapt\u0131\u011f\u0131 a\u00e7\u0131klamada, &#8216;Malatya Okuyor&#8217; kampanyas\u0131n\u0131n 5 projeden olu\u015ftu\u011funu bunlardan d\u00f6rd\u00fcn\u00fc hayata ge\u00e7irdiklerini belirtti. Proje kapsam\u0131nda \u00f6\u011frencilerin okulda okuma tempolar\u0131n\u0131n olduk\u00e7a artt\u0131\u011f\u0131n\u0131 dile getiren Bulut, bu durumun kendilerini \u00e7ok sevindirdi\u011fini ifade etti. Bulut, \u015f\u00f6yle konu\u015ftu:<!--more--><\/p>\n<p style=\"text-align: justify;\" align=\"justify\">&#8216;Proje kapsam\u0131nda velilerin de okuma al\u0131\u015fkanl\u0131klar\u0131nda bir art\u0131\u015f oldu\u011funu g\u00f6rd\u00fck. Y\u0131l sonu itibariyle t\u00fcm projelerimizi de\u011ferlendirece\u011fiz ve \u00f6d\u00fcller verece\u011fiz. Her ay ilimize bir yazar getirip, kampanya kapsam\u0131nda hem\u015fehrilerimizle bulu\u015fturmaya \u00e7al\u0131\u015f\u0131yoruz. Ge\u00e7en hafta Yazar Canan Tan&#8217;\u0131 getirdik. Bu ay i\u00e7inde \u00f6ng\u00f6rd\u00fc\u011f\u00fcm\u00fcz ba\u015fka yazarlar\u0131m\u0131z var. Projelerimizi ba\u015far\u0131l\u0131 bir \u015fekilde y\u00fcr\u00fct\u00fcyoruz. Hayata ge\u00e7iremedi\u011fimiz tek projemiz olan &#8216;Gezici K\u00fct\u00fcphane&#8217; projemizi de bu hafta i\u00e7erisinde belediyemizin yeni ald\u0131\u011f\u0131 otob\u00fcslerden birini teslim alarak hayata ge\u00e7irece\u011fiz. Otob\u00fcs\u00fcm\u00fcz\u00fc sponsorlar\u0131m\u0131z arac\u0131l\u0131\u011f\u0131yla dizayn ettikten sonra kitaba ula\u015fmakta zorluk \u00e7eken k\u0131rsal kesimde ya\u015fayan vatanda\u015flar\u0131m\u0131za ula\u015faca\u011f\u0131z. Kitap almak isteyen vatanda\u015flar\u0131m\u0131za b\u0131rakaca\u011f\u0131z. Sonraki gidi\u015fimizde ise kitaplar\u0131m\u0131z toplayaca\u011f\u0131z. Sadece il merkezinde de\u011fil, k\u0131rsal kesimlerdeki vatanda\u015flar\u0131m\u0131za da okuma al\u0131\u015fkanl\u0131\u011f\u0131n\u0131 kazanmalar\u0131 konusunda imkan sunmu\u015f olaca\u011f\u0131z.&#8217;\u00a0<strong><\/strong><\/p>\n<p style=\"text-align: justify;\" align=\"justify\">Kaynak: http:\/\/www.malatyaaktuel.com<\/p>\n","protected":false},"excerpt":{"rendered":"<p>Malatya \u0130l Milli E\u011fitim M\u00fcd\u00fcr\u00fc Mehmet Bulut, &#8216;Malatya Okuyor&#8217; kampanyas\u0131 kapsam\u0131ndaki &#8216;Gezici K\u00fct\u00fcphane&#8217; projesini bu hafta hayata ge\u00e7ireceklerini bildirdi. Bulut, AA muhabirine yapt\u0131\u011f\u0131 a\u00e7\u0131klamada, &#8216;Malatya Okuyor&#8217; kampanyas\u0131n\u0131n 5 projeden olu\u015ftu\u011funu bunlardan d\u00f6rd\u00fcn\u00fc hayata ge\u00e7irdiklerini belirtti. Proje kapsam\u0131nda \u00f6\u011frencilerin okulda okuma tempolar\u0131n\u0131n olduk\u00e7a artt\u0131\u011f\u0131n\u0131 dile getiren Bulut, bu durumun kendilerini \u00e7ok sevindirdi\u011fini ifade etti. Bulut, \u015f\u00f6yle [&hellip;]<\/p>\n","protected":false},"author":1,"featured_media":0,"comment_status":"open","ping_status":"open","sticky":false,"template":"","format":"standard","meta":{"footnotes":""},"categories":[1486],"tags":[1440],"class_list":["post-1299","post","type-post","status-publish","format-standard","hentry","category-gezici-kutuphane","tag-gezici-kutuphaneler"],"_links":{"self":[{"href":"https:\/\/www.bbyhaber.com\/bby\/wp-json\/wp\/v2\/posts\/1299"}],"collection":[{"href":"https:\/\/www.bbyhaber.com\/bby\/wp-json\/wp\/v2\/posts"}],"about":[{"href":"https:\/\/www.bbyhaber.com\/bby\/wp-json\/wp\/v2\/types\/post"}],"author":[{"embeddable":true,"href":"https:\/\/www.bbyhaber.com\/bby\/wp-json\/wp\/v2\/users\/1"}],"replies":[{"embeddable":true,"href":"https:\/\/www.bbyhaber.com\/bby\/wp-json\/wp\/v2\/comments?post=1299"}],"version-history":[{"count":0,"href":"https:\/\/www.bbyhaber.com\/bby\/wp-json\/wp\/v2\/posts\/1299\/revisions"}],"wp:attachment":[{"href":"https:\/\/www.bbyhaber.com\/bby\/wp-json\/wp\/v2\/media?parent=1299"}],"wp:term":[{"taxonomy":"category","embeddable":true,"href":"https:\/\/www.bbyhaber.com\/bby\/wp-json\/wp\/v2\/categories?post=1299"},{"taxonomy":"post_tag","embeddable":true,"href":"https:\/\/www.bbyhaber.com\/bby\/wp-json\/wp\/v2\/tags?post=1299"}],"curies":[{"name":"wp","href":"https:\/\/api.w.org\/{rel}","templated":true}]}}