{"id":1297,"date":"2010-04-14T17:27:19","date_gmt":"2010-04-14T17:27:19","guid":{"rendered":"http:\/\/www.bbyhaber.com\/bby\/?p=1297"},"modified":"2011-11-18T17:27:42","modified_gmt":"2011-11-18T17:27:42","slug":"malatyali-muhtardan-ornek-davranis","status":"publish","type":"post","link":"https:\/\/www.bbyhaber.com\/bby\/2010\/04\/14\/malatyali-muhtardan-ornek-davranis","title":{"rendered":"Malatyal\u0131 Muhtardan \u00d6rnek Davran\u0131\u015f"},"content":{"rendered":"<p style=\"text-align: justify;\" align=\"justify\">Malatya&#8217;da 11 y\u0131ld\u0131r Cevherizade Mahallesi&#8217;nin muhtarl\u0131k g\u00f6revinde bulunan Vedat Kuru, muhtar evini k\u00fct\u00fcphane gibi dizayn ederek, gen\u00e7lerin okumas\u0131na katk\u0131da bulunuyor. 2005 y\u0131l\u0131nda yapt\u0131\u011f\u0131 yard\u0131m kampanyalar\u0131yla durumu iyi olmayan ailelere giysi yard\u0131m\u0131nda bulunan muhtar Vedat Kuru, gen\u00e7lerin \u00f6devlerini yapabilmeleri ve kitap okuma al\u0131\u015fkanl\u0131\u011f\u0131 kazanabilmeleri i\u00e7in bir kampanya ba\u015flatt\u0131. &#8220;Al g\u00f6t\u00fcr, oku getir&#8221; isimli kampanyas\u0131yla Cevherizade Mahallesi&#8217;nde bulunan gen\u00e7lere kitap okuma al\u0131\u015fkanl\u0131\u011f\u0131 kazand\u0131rmaya \u00e7al\u0131\u015fan \u00f6rnek muhtar, kampanya \u00e7er\u00e7evesinde g\u00f6rev yapt\u0131\u011f\u0131 muhtar evinde k\u00fct\u00fcphane olu\u015fturdu. Ansiklopediden dergiye kadar b\u00fct\u00fcn kitaplar\u0131n bulundu\u011fu k\u00fct\u00fcphaneden herkes rahat\u00e7a faydalanabiliyor.<\/p>\n<p style=\"text-align: justify;\" align=\"justify\">Cevherizade Mahallesi muhtar\u0131 Vedat Kuru, projesiyle ilgili yapt\u0131\u011f\u0131 a\u00e7\u0131klamada, &#8220;2005 y\u0131l\u0131nda ba\u015flatt\u0131\u011f\u0131m\u0131z yard\u0131m kampanyalar\u0131 devam etmektedir. Vatanda\u015f\u0131m\u0131za nas\u0131l yard\u0131mc\u0131 olabiliriz d\u00fc\u015f\u00fcncesiyle yola \u00e7\u0131kt\u0131k. Vatanda\u015flar\u0131m\u0131za ihtiya\u00e7 fazlas\u0131 giyeceklerini muhtarl\u0131\u011f\u0131m\u0131za iletmeleri y\u00f6n\u00fcnde bir davette bulunduk. Vatanda\u015flar\u0131m\u0131zda bu davete ilgi g\u00f6sterdi. Biz de ihtiya\u00e7 fazlas\u0131 giyecekleri, yard\u0131ma muhta\u00e7 ailelerimize ula\u015ft\u0131rd\u0131k. Halen bu kampanyam\u0131z seri olarak devam etmektedir&#8221; dedi.<\/p>\n<p style=\"text-align: justify;\" align=\"justify\">Yard\u0131m kampanyas\u0131n\u0131n yan\u0131 s\u0131ra gen\u00e7ler i\u00e7in \u00f6nemli bir proje olan kitap okuma kampanyas\u0131n\u0131 ba\u015flatt\u0131klar\u0131n\u0131 kaydeden Kuru, &#8220;Al g\u00f6t\u00fcr, oku getir&#8221; kampanyas\u0131yla gen\u00e7lerimizi kitap okumaya te\u015fvik etmeye ba\u015flatt\u0131k. Bu arada &#8220;Malatya Okuyor&#8221; kampanyas\u0131n\u0131 ba\u015flayan Say\u0131n Valimiz Ulvi Saran&#8217;a da kampanyadan dolay\u0131 \u00e7ok te\u015fekk\u00fcr ediyoruz. Malatya a\u00e7\u0131s\u0131ndan g\u00fczel bir ba\u015flang\u0131\u00e7 oldu. Biz de Cevherizade Mahallesi olarak kitap okuma kampanyam\u0131z\u0131 s\u00fcrd\u00fcr\u00fcyoruz. \u00c7ocuklar\u0131m\u0131z mevcut kitapl\u0131\u011f\u0131m\u0131zda bulunan kitaplar\u0131<\/p>\n<p style=\"text-align: justify;\" align=\"justify\">evlerine g\u00f6t\u00fcr\u00fcyor ve okuyorlar. Bu kampanyay\u0131 daha geni\u015f bir kat\u0131l\u0131ml\u0131 devam ettirmeyi d\u00fc\u015f\u00fcn\u00fcyoruz. Gen\u00e7lerimiz okuma al\u0131\u015fkanl\u0131\u011f\u0131n\u0131 pek kazanmam\u0131\u015f durumdalar. Bu kampanyayla \u00e7ocuklar\u0131m\u0131z\u0131 ve gen\u00e7lerimizi okumaya y\u00f6nlendirmek istiyoruz. Haz\u0131r olandan faydalanmalar\u0131 yerine, haz\u0131rlamay\u0131 \u00f6\u011fretmek i\u00e7in bu kampanyam\u0131z\u0131 devam ettirece\u011fiz. \u0130n\u015fallah ileri a\u015famalarda bu kampanyalar\u0131m\u0131z devam edecek&#8221; diye konu\u015ftu.<\/p>\n<p style=\"text-align: justify;\" align=\"justify\">&#8220;MAHALLE SAK\u0130NLER\u0130NDEN OLUMLU TEPK\u0130LER ALIYORUM&#8221;<\/p>\n<p style=\"text-align: justify;\" align=\"justify\">Kuru, gerek yard\u0131m kampanyalar\u0131 gerekse kitap okuma kampanyas\u0131nda mahalle sakinlerinin kendisine b\u00fcy\u00fck destek verdi\u011fini vurgulayarak, &#8220;Ger\u00e7ekten g\u00fczel ve iyi olan\u0131 yapmaya \u00e7al\u0131\u015f\u0131yoruz. Mahalle sakinleri de g\u00fczel i\u015fler yapt\u0131\u011f\u0131m\u0131z\u0131 s\u00f6yl\u00fcyorlar. Biz de bundan dolay\u0131 mutlu oluyoruz. Mahalle sakinlerimize hizmet etmek bizim g\u00f6revimiz. Vatanda\u015flar\u0131m\u0131z\u0131n memnuniyetinden \u00f6t\u00fcr\u00fc de hedefimize ula\u015ft\u0131\u011f\u0131m\u0131z d\u00fc\u015f\u00fcncesindeyim. \u0130n\u015fallah daha g\u00fczeli ve iyiyi hak eden vatanda\u015flar\u0131m\u0131za hizmetimizi s\u00fcrd\u00fcrece\u011fiz&#8221; \u015feklinde konu\u015ftu.\u00a0<strong><\/strong><\/p>\n<p style=\"text-align: justify;\" align=\"justify\">Kaynak: <a href=\"http:\/\/www.mersinhaber.com\/\" target=\"_blank\">http:\/\/www.mersinhaber.com<\/a><\/p>\n","protected":false},"excerpt":{"rendered":"<p>Malatya&#8217;da 11 y\u0131ld\u0131r Cevherizade Mahallesi&#8217;nin muhtarl\u0131k g\u00f6revinde bulunan Vedat Kuru, muhtar evini k\u00fct\u00fcphane gibi dizayn ederek, gen\u00e7lerin okumas\u0131na katk\u0131da bulunuyor. 2005 y\u0131l\u0131nda yapt\u0131\u011f\u0131 yard\u0131m kampanyalar\u0131yla durumu iyi olmayan ailelere giysi yard\u0131m\u0131nda bulunan muhtar Vedat Kuru, gen\u00e7lerin \u00f6devlerini yapabilmeleri ve kitap okuma al\u0131\u015fkanl\u0131\u011f\u0131 kazanabilmeleri i\u00e7in bir kampanya ba\u015flatt\u0131. &#8220;Al g\u00f6t\u00fcr, oku getir&#8221; isimli kampanyas\u0131yla Cevherizade Mahallesi&#8217;nde [&hellip;]<\/p>\n","protected":false},"author":1,"featured_media":0,"comment_status":"open","ping_status":"open","sticky":false,"template":"","format":"standard","meta":{"footnotes":""},"categories":[1],"tags":[],"class_list":["post-1297","post","type-post","status-publish","format-standard","hentry","category-genel"],"_links":{"self":[{"href":"https:\/\/www.bbyhaber.com\/bby\/wp-json\/wp\/v2\/posts\/1297"}],"collection":[{"href":"https:\/\/www.bbyhaber.com\/bby\/wp-json\/wp\/v2\/posts"}],"about":[{"href":"https:\/\/www.bbyhaber.com\/bby\/wp-json\/wp\/v2\/types\/post"}],"author":[{"embeddable":true,"href":"https:\/\/www.bbyhaber.com\/bby\/wp-json\/wp\/v2\/users\/1"}],"replies":[{"embeddable":true,"href":"https:\/\/www.bbyhaber.com\/bby\/wp-json\/wp\/v2\/comments?post=1297"}],"version-history":[{"count":0,"href":"https:\/\/www.bbyhaber.com\/bby\/wp-json\/wp\/v2\/posts\/1297\/revisions"}],"wp:attachment":[{"href":"https:\/\/www.bbyhaber.com\/bby\/wp-json\/wp\/v2\/media?parent=1297"}],"wp:term":[{"taxonomy":"category","embeddable":true,"href":"https:\/\/www.bbyhaber.com\/bby\/wp-json\/wp\/v2\/categories?post=1297"},{"taxonomy":"post_tag","embeddable":true,"href":"https:\/\/www.bbyhaber.com\/bby\/wp-json\/wp\/v2\/tags?post=1297"}],"curies":[{"name":"wp","href":"https:\/\/api.w.org\/{rel}","templated":true}]}}