{"id":1295,"date":"2010-04-14T17:26:45","date_gmt":"2010-04-14T17:26:45","guid":{"rendered":"http:\/\/www.bbyhaber.com\/bby\/?p=1295"},"modified":"2012-09-07T17:57:05","modified_gmt":"2012-09-07T14:57:05","slug":"kutuphane-hem-bakirkoye-hem-de-turkiyeye-isik-saciyor","status":"publish","type":"post","link":"https:\/\/www.bbyhaber.com\/bby\/2010\/04\/14\/kutuphane-hem-bakirkoye-hem-de-turkiyeye-isik-saciyor","title":{"rendered":"K\u00fct\u00fcphane Hem Bak\u0131rk\u00f6y&#8217;e Hem de T\u00fcrkiye&#8217;ye I\u015f\u0131k Sa\u00e7\u0131yor"},"content":{"rendered":"<p style=\"text-align: justify;\" align=\"justify\">Bak\u0131rk\u00f6y Belediyesi b\u00fcnyesinde 25.11.2008 tarihinde m\u00fcd\u00fcrl\u00fck h\u00fcviyeti alan Bak\u0131rk\u00f6y Belediyesi K\u00fct\u00fcphane M\u00fcd\u00fcrl\u00fc\u011f\u00fc Bak\u0131rk\u00f6yl\u00fclere kitap temin etmenin yan\u0131 s\u0131ra 2009 y\u0131l\u0131nda T\u00fcrkiye genelindeki okullara ve sivil toplum \u00f6rg\u00fctlerine 10.885 adet kitap ve 56 koli test kitab\u0131, ansiklopedi vb. kitap g\u00f6nderdi.<!--more--><\/p>\n<p style=\"text-align: justify;\" align=\"justify\">Bak\u0131rk\u00f6y Belediyesi K\u00fct\u00fcphane M\u00fcd\u00fcrl\u00fc\u011f\u00fc b\u00fcnyesinde hizmet veren k\u00fct\u00fcphanede sadece Bak\u0131rk\u00f6yl\u00fclere de\u011fil T\u00fcrkiye genelindeki okullara ve sivil toplum \u00f6rg\u00fctlerine de \u0131\u015f\u0131k sa\u00e7t\u0131klar\u0131n\u0131 belirten Bak\u0131rk\u00f6y Belediyesi K\u00fct\u00fcphane M\u00fcd\u00fcr\u00fc Hulusi Diri,\u201d K\u00fct\u00fcphanemizdeki binlerce kitapla Bak\u0131rk\u00f6yl\u00fclere hizmet verirken kitap ba\u011f\u0131\u015f\u00e7\u0131lar\u0131ndan toplad\u0131\u011f\u0131m\u0131z kitaplar\u0131 yurdumuzun pek \u00e7ok \u00fccra k\u00f6\u015fesine de g\u00f6nderiyoruz. Sadece 2009 y\u0131l\u0131nda 10.885 adet kitap ve 56 koli test kitab\u0131,ansiklopedi vb. kitaplar\u0131 da \u015eanl\u0131urfa\u2019dan Van\u2019a, Silopi\u2019den Mardin\u2019e kadar olan geni\u015f yelpazedeki illere g\u00f6nderdik. Ayr\u0131ca Osmaniye Mahallesi\u2019nde bulunan M\u00fcd\u00fcrl\u00fc\u011f\u00fcm\u00fcz\u00fcn oldu\u011fu binada internet salonu ve 20 ki\u015filik e\u011fitim ve kitap ara\u015ft\u0131rma odas\u0131n\u0131 da hizmete a\u00e7t\u0131k. \u201cdedi. K\u00fct\u00fcphane M\u00fcd\u00fcr\u00fc Diri belediyenin di\u011fer m\u00fcd\u00fcrl\u00fckleri ile de i\u015fbirli\u011fine ge\u00e7erek di\u011fer iller kitap g\u00f6nderirken 51 koli giysi ve 15 koli t\u0131bbi malzeme de g\u00f6nderdiklerini s\u00f6zlerine ekledi.<\/p>\n<p style=\"text-align: justify;\" align=\"justify\">Kaynak: http:\/\/www.bakirkoy.bel.tr\/<\/p>\n","protected":false},"excerpt":{"rendered":"<p>Bak\u0131rk\u00f6y Belediyesi b\u00fcnyesinde 25.11.2008 tarihinde m\u00fcd\u00fcrl\u00fck h\u00fcviyeti alan Bak\u0131rk\u00f6y Belediyesi K\u00fct\u00fcphane M\u00fcd\u00fcrl\u00fc\u011f\u00fc Bak\u0131rk\u00f6yl\u00fclere kitap temin etmenin yan\u0131 s\u0131ra 2009 y\u0131l\u0131nda T\u00fcrkiye genelindeki okullara ve sivil toplum \u00f6rg\u00fctlerine 10.885 adet kitap ve 56 koli test kitab\u0131, ansiklopedi vb. kitap g\u00f6nderdi.<\/p>\n","protected":false},"author":1,"featured_media":0,"comment_status":"open","ping_status":"open","sticky":false,"template":"","format":"standard","meta":{"footnotes":""},"categories":[1],"tags":[],"class_list":["post-1295","post","type-post","status-publish","format-standard","hentry","category-genel"],"_links":{"self":[{"href":"https:\/\/www.bbyhaber.com\/bby\/wp-json\/wp\/v2\/posts\/1295"}],"collection":[{"href":"https:\/\/www.bbyhaber.com\/bby\/wp-json\/wp\/v2\/posts"}],"about":[{"href":"https:\/\/www.bbyhaber.com\/bby\/wp-json\/wp\/v2\/types\/post"}],"author":[{"embeddable":true,"href":"https:\/\/www.bbyhaber.com\/bby\/wp-json\/wp\/v2\/users\/1"}],"replies":[{"embeddable":true,"href":"https:\/\/www.bbyhaber.com\/bby\/wp-json\/wp\/v2\/comments?post=1295"}],"version-history":[{"count":0,"href":"https:\/\/www.bbyhaber.com\/bby\/wp-json\/wp\/v2\/posts\/1295\/revisions"}],"wp:attachment":[{"href":"https:\/\/www.bbyhaber.com\/bby\/wp-json\/wp\/v2\/media?parent=1295"}],"wp:term":[{"taxonomy":"category","embeddable":true,"href":"https:\/\/www.bbyhaber.com\/bby\/wp-json\/wp\/v2\/categories?post=1295"},{"taxonomy":"post_tag","embeddable":true,"href":"https:\/\/www.bbyhaber.com\/bby\/wp-json\/wp\/v2\/tags?post=1295"}],"curies":[{"name":"wp","href":"https:\/\/api.w.org\/{rel}","templated":true}]}}