{"id":12933,"date":"2014-01-21T17:28:15","date_gmt":"2014-01-21T15:28:15","guid":{"rendered":"http:\/\/www.bbyhaber.com\/bby\/?p=12933"},"modified":"2014-02-07T21:59:19","modified_gmt":"2014-02-07T19:59:19","slug":"akademik-bilisim-2014-konferansi-05-07-subat-2014","status":"publish","type":"post","link":"https:\/\/www.bbyhaber.com\/bby\/2014\/01\/21\/akademik-bilisim-2014-konferansi-05-07-subat-2014","title":{"rendered":"Akademik Bili\u015fim 2014 Konferans\u0131-05-07 \u015eubat 2014"},"content":{"rendered":"<p style=\"text-align: justify;\">\u00dcniversitelerde bilgi teknolojileri konusunda ilgili gruplar\u0131 biraraya getirerek, bilgi teknolojileri altyap\u0131s\u0131, kullan\u0131m\u0131, e\u011fitimi ve \u00fcretimini t\u00fcm boyutlar\u0131yla tan\u0131tmak, tart\u0131\u015fmak, tecr\u00fcbeleri payla\u015fmak, ve ortak politika olu\u015fturmak ama\u00e7lar\u0131yla ulusal boyutta <strong>Akademik Bili\u015fim 2014<\/strong> konferans\u0131\u00a0<strong>05-07 \u015eubat 2014<\/strong> tarihinde <strong>Mersin \u00dcniversitesi<\/strong>&#8216;nde d\u00fczenlenecektir. Konferansta davetli bildiriler, tam ve k\u0131sa bildiriler, konferans \u00f6ncesi kurslar, konferans i\u00e7i e\u011fitim seminerleri ve yap\u0131land\u0131r\u0131lm\u0131\u015f \u00e7al\u0131\u015fma grubu\/a\u00e7\u0131k oturum t\u00fcr\u00fc etkinlikler yap\u0131lacakt\u0131r. Konferans ilgili herkese a\u00e7\u0131kt\u0131r ve \u00fccretsizdir. <!--more--><\/p>\n<p style=\"text-align: justify;\"><a href=\"http:\/\/ab.org.tr\/ab14\/\" target=\"_blank\"><strong><span style=\"color: #0000ff;\">Konferans web sayfas\u0131 i\u00e7in t\u0131klay\u0131n\u0131z.<\/span><\/strong><\/a><\/p>\n","protected":false},"excerpt":{"rendered":"<p>\u00dcniversitelerde bilgi teknolojileri konusunda ilgili gruplar\u0131 biraraya getirerek, bilgi teknolojileri altyap\u0131s\u0131, kullan\u0131m\u0131, e\u011fitimi ve \u00fcretimini t\u00fcm boyutlar\u0131yla tan\u0131tmak, tart\u0131\u015fmak, tecr\u00fcbeleri payla\u015fmak, ve ortak politika olu\u015fturmak ama\u00e7lar\u0131yla ulusal boyutta Akademik Bili\u015fim 2014 konferans\u0131\u00a005-07 \u015eubat 2014 tarihinde Mersin \u00dcniversitesi&#8216;nde d\u00fczenlenecektir. Konferansta davetli bildiriler, tam ve k\u0131sa bildiriler, konferans \u00f6ncesi kurslar, konferans i\u00e7i e\u011fitim seminerleri ve yap\u0131land\u0131r\u0131lm\u0131\u015f \u00e7al\u0131\u015fma [&hellip;]<\/p>\n","protected":false},"author":1,"featured_media":0,"comment_status":"open","ping_status":"open","sticky":false,"template":"","format":"standard","meta":{"footnotes":""},"categories":[],"tags":[514,1395],"class_list":["post-12933","post","type-post","status-publish","format-standard","hentry","tag-akademik-bilisim","tag-bby-mesleki-etkinlikler-arsivi"],"_links":{"self":[{"href":"https:\/\/www.bbyhaber.com\/bby\/wp-json\/wp\/v2\/posts\/12933"}],"collection":[{"href":"https:\/\/www.bbyhaber.com\/bby\/wp-json\/wp\/v2\/posts"}],"about":[{"href":"https:\/\/www.bbyhaber.com\/bby\/wp-json\/wp\/v2\/types\/post"}],"author":[{"embeddable":true,"href":"https:\/\/www.bbyhaber.com\/bby\/wp-json\/wp\/v2\/users\/1"}],"replies":[{"embeddable":true,"href":"https:\/\/www.bbyhaber.com\/bby\/wp-json\/wp\/v2\/comments?post=12933"}],"version-history":[{"count":0,"href":"https:\/\/www.bbyhaber.com\/bby\/wp-json\/wp\/v2\/posts\/12933\/revisions"}],"wp:attachment":[{"href":"https:\/\/www.bbyhaber.com\/bby\/wp-json\/wp\/v2\/media?parent=12933"}],"wp:term":[{"taxonomy":"category","embeddable":true,"href":"https:\/\/www.bbyhaber.com\/bby\/wp-json\/wp\/v2\/categories?post=12933"},{"taxonomy":"post_tag","embeddable":true,"href":"https:\/\/www.bbyhaber.com\/bby\/wp-json\/wp\/v2\/tags?post=12933"}],"curies":[{"name":"wp","href":"https:\/\/api.w.org\/{rel}","templated":true}]}}