{"id":1293,"date":"2010-04-16T17:25:48","date_gmt":"2010-04-16T17:25:48","guid":{"rendered":"http:\/\/www.bbyhaber.com\/bby\/?p=1293"},"modified":"2012-04-12T10:19:45","modified_gmt":"2012-04-12T10:19:45","slug":"turkiye-e-kitap-okur-mu","status":"publish","type":"post","link":"https:\/\/www.bbyhaber.com\/bby\/2010\/04\/16\/turkiye-e-kitap-okur-mu","title":{"rendered":"T\u00fcrkiye e-kitap okur mu?"},"content":{"rendered":"<p style=\"text-align: justify;\" align=\"justify\">\u0130nhan, d\u00fcnyada ilk olarak 2 y\u0131l \u00f6nce &#8220;www.amazon.com&#8221; adl\u0131 kitap sat\u0131\u015f sitesinin ba\u015flatt\u0131\u011f\u0131 e-kitap uygulamas\u0131na ili\u015fkin AA muhabirinin sorular\u0131n\u0131 yan\u0131tlad\u0131. \u0130defix&#8217;in bir y\u0131ld\u0131r altyap\u0131 haz\u0131rl\u0131klar\u0131n\u0131 s\u00fcrd\u00fcrd\u00fc\u011f\u00fc e-kitap projesinin, T\u00fcrkiye Teknoloji Geli\u015ftirme Vakf\u0131 ve T\u00dcB\u0130TAK taraf\u0131ndan da desteklendi\u011fini belirten \u0130nhan, aralar\u0131nda Can, Kabalc\u0131, \u0130thaki ve Sel yay\u0131nlar\u0131n\u0131n da bulundu\u011fu 22 yay\u0131nevi ile anla\u015fma yap\u0131ld\u0131\u011f\u0131n\u0131 ve bunlara her g\u00fcn yenilerinin eklendi\u011fini kaydetti.<!--more--><\/p>\n<p style=\"text-align: justify;\" align=\"justify\">Yay\u0131nevlerinin \u015fimdiye kadar dijital yay\u0131n haklar\u0131n\u0131 ald\u0131klar\u0131 yazarlar\u0131n eserlerini www.idefix.com&#8217;a aktard\u0131klar\u0131n\u0131 s\u00f6yleyen \u0130nhan, &#8220;Bizim beklentimiz, yay\u0131nevlerinin \u00e7o\u011fuyla s\u00f6zle\u015fmelerimizi bu y\u0131l i\u00e7inde tamamlay\u0131p say\u0131s\u0131 10 bini bulan bir kitap hacmini y\u0131l sonuna kadar idefix \u00fczerinden pazarlayabiliyor olmak&#8221; dedi.<\/p>\n<p style=\"text-align: justify;\" align=\"justify\">Sistem nas\u0131l i\u015fleyecek?<\/p>\n<p style=\"text-align: justify;\" align=\"justify\">\u0130nhan, internet \u00fczerinden se\u00e7tikleri e-kitab\u0131n sipari\u015fini veren okurun, normal kitap sipari\u015finde oldu\u011funun tersine kargonun gelmesini beklemeksizin, kitab\u0131 bir &#8220;t\u0131k&#8221;la ki\u015fisel bilgisayarlar\u0131na indirip okumaya ba\u015flayabilece\u011fini s\u00f6yledi.<\/p>\n<p style=\"text-align: justify;\" align=\"justify\">Okurlar\u0131n ayr\u0131ca sat\u0131n ald\u0131klar\u0131 e-kitaplardan olu\u015fan k\u00fct\u00fcphanelerinin de \u0130defix&#8217;te s\u00fcrekli mevcut olaca\u011f\u0131n\u0131 ve istenildi\u011fi zaman e-kitap cihaz\u0131, ki\u015fisel bilgisayar ya da di\u011fer internet ba\u011flant\u0131 cihazlar\u0131 \u00fczerinden bu k\u00fct\u00fcphaneye ula\u015f\u0131labilece\u011fini aktaran \u0130nhan, e-kitaplar\u0131n fiyatlar\u0131n\u0131 belirlemeyi ise yay\u0131nevlerinin inisiyatifine b\u0131rakt\u0131klar\u0131n\u0131 s\u00f6yledi.<\/p>\n<p style=\"text-align: justify;\" align=\"justify\">\u0130nhan, &#8220;Sonu\u00e7ta elektronik kitap dedi\u011finiz zaman, bask\u0131 ya da stok maliyeti gibi bir s\u00fcr\u00fc maliyet ortadan kalk\u0131yor. Sonu\u00e7ta s\u0131f\u0131r maliyetle, elektronik ortamda \u00e7o\u011falt\u0131lan bir \u00fcr\u00fcnden bahsediyoruz. Bizim yay\u0131nevlerine tavsiyemiz, buradaki tasarruf edilen kalemlerin fiyatlara yans\u0131t\u0131lmas\u0131, dolay\u0131s\u0131yla y\u00fczde 40, y\u00fczde 50 gibi ucuzlat\u0131lmas\u0131 y\u00f6n\u00fcnde&#8221; diye konu\u015ftu.<\/p>\n<p style=\"text-align: justify;\" align=\"justify\">E-kitaplar\u0131n, bas\u0131l\u0131 kitaplardan kesinlikle daha ucuz olaca\u011f\u0131n\u0131 s\u00f6yleyen \u0130nhan, yay\u0131nevlerinin e-kitaplara y\u00f6nelik kampanyalar da yapt\u0131klar\u0131n\u0131, \u00f6rne\u011fin bunlardan Can Yay\u0131nevi&#8217;nin e-kitap okuma cihaz\u0131 alanlara 25 tane e-kitap arma\u011fan etti\u011fini belirtti.<\/p>\n<p style=\"text-align: justify;\" align=\"justify\">Teknolojiye merakl\u0131y\u0131z<\/p>\n<p style=\"text-align: justify;\" align=\"justify\">E-kitab\u0131n \u00e7ok k\u0131sa bir s\u00fcrede yayg\u0131n hale gelmesini beklemediklerini dile getiren \u0130nhan, \u015funlar\u0131 s\u00f6yledi:<\/p>\n<p style=\"text-align: justify;\" align=\"justify\">&#8220;E-kitab\u0131n yayg\u0131nla\u015fmas\u0131 zaman alacakt\u0131r ama tahmin edildi\u011fi kadar uzun s\u00fcrmeyecek. \u00c7\u00fcnk\u00fc bizim toplumumuz teknolojiye olduk\u00e7a merakl\u0131 bir toplum. Dolay\u0131s\u0131yla b\u00f6yle yeniliklere merakla, s\u0131cak ilgi g\u00f6steriyor genellikle. Normalde kitap\u00e7\u0131ya gidip kitap alma al\u0131\u015fkanl\u0131\u011f\u0131 olmayanlar\u0131n bile i\u015fleriyle ilgili bir s\u00fcr\u00fc dok\u00fcman\u0131, ayr\u0131ca kitaplar\u0131n\u0131n hepsini birden tek bir cihaza toplama gibi bir l\u00fcks\u00fcn\u00fcn olmas\u0131 ilgi \u00e7ekecektir diye d\u00fc\u015f\u00fcn\u00fcyoruz. Elektronik cihazlar\u0131 kullanmay\u0131 seven, belli bir gelir seviyesinin \u00fczerinde \u00e7al\u0131\u015fan gen\u00e7 bir n\u00fcfus var. Belki kitap\u00e7\u0131ya gidip kitap alma al\u0131\u015fkanl\u0131klar\u0131, T\u00fcrkiye&#8217;nin klasik kitap okuru kitlesi gibi de\u011fil ama bu cihazlarla an\u0131nda kitaplar\u0131na eri\u015fme gibi bir kolayl\u0131\u011f\u0131n ellerinde olmas\u0131yla kitap sipari\u015f edip an\u0131nda okuma l\u00fcks\u00fcn\u00fc de tatmaya y\u00f6neleceklerdir diye d\u00fc\u015f\u00fcn\u00fcyoruz.&#8221;<\/p>\n<p style=\"text-align: justify;\" align=\"justify\">E-kitab\u0131n okura sa\u011flayaca\u011f\u0131 bir ba\u015fka avantaj\u0131n da okurun ula\u015fmak istedi\u011fi, ancak bask\u0131s\u0131 t\u00fckenmi\u015f eserleri fiziki ortamda basma maliyetine girmek istemeyen yay\u0131nevlerinin e-kitaba d\u00f6n\u00fc\u015ft\u00fcr\u00fcp sat\u0131\u015fa \u00e7\u0131karma imkan\u0131 bulmas\u0131 oldu\u011funu belirten \u0130nhan, okurlar\u0131n ula\u015fmak istedi\u011fi bu t\u00fcr kitaplar\u0131n say\u0131s\u0131n\u0131n, \u0130defix&#8217;in kendi verilerine g\u00f6re 10 binleri buldu\u011funu ve burada \u00e7ok ciddi bir sat\u0131\u015f potansiyeli bulundu\u011funu bildirdi.<\/p>\n<p style=\"text-align: justify;\" align=\"justify\">Bas\u0131l\u0131 kitaptan fark\u0131 yok<\/p>\n<p style=\"text-align: justify;\" align=\"justify\">e-kitaba y\u00f6nelik \u00e7ekincelere de de\u011finen \u0130nhan, insanlar\u0131n e-kitab\u0131 bilgisayar ekran\u0131 gibi \u0131\u015f\u0131kl\u0131 bir ekran olarak d\u00fc\u015f\u00fcnd\u00fcklerini, ger\u00e7ekten ekranda bir \u0131\u015f\u0131k kayna\u011f\u0131na bakarak bir \u015feyler okuman\u0131n g\u00f6z yorucu oldu\u011funu belirtti.<\/p>\n<p style=\"text-align: justify;\" align=\"justify\">\u0130nhan, &#8220;Ancak bu cihaz\u0131 g\u00f6rd\u00fc\u011f\u00fcn\u00fcz zaman fark edeceksiniz ki bu bir \u0131\u015f\u0131k kayna\u011f\u0131 gibi, bilgisayar ekran\u0131 gibi de\u011fil, asl\u0131nda fotokopi ka\u011f\u0131d\u0131 gibi bir y\u00fczey ve t\u0131pk\u0131 ka\u011f\u0131t gibi. Bunu da karanl\u0131kta okuyam\u0131yorsunuz zaten. O bak\u0131mdan g\u00f6z a\u00e7\u0131s\u0131ndan ka\u011f\u0131ttan okumaktan hi\u00e7bir fark\u0131 olmuyor&#8221; diye konu\u015ftu. \u0130nhan, e-kitaba okurun al\u0131\u015fmayaca\u011f\u0131na y\u00f6nelik yorumlara ili\u015fkin de \u015funlar\u0131 s\u00f6yledi:<\/p>\n<p style=\"text-align: justify;\" align=\"justify\">&#8220;Kokusu konusunda bir \u015fey s\u00f6yleyemem ama k\u00fc\u00e7\u00fck, ince ve en b\u00fcy\u00fck \u00f6zelli\u011fi hem okuma konusunda rahatl\u0131k sa\u011fl\u0131yor, mesela harf karakterlerini b\u00fcy\u00fctebiliyorsunuz, hem de i\u00e7ine binlerce kitap al\u0131yor. Yan\u0131n\u0131zda pratik olarak k\u00fct\u00fcphanenizi hem de i\u015finize y\u00f6nelik dok\u00fcman\u0131, dosyalar\u0131 ta\u015f\u0131yorsunuz. Asl\u0131nda yard\u0131mc\u0131 bir okuma arac\u0131. O bak\u0131mdan \u00f6zellikle \u00e7al\u0131\u015fan kesim ve ayn\u0131 zamanda okuma zevkini de yava\u015f yava\u015f buradan okuman\u0131n farkl\u0131 olmayaca\u011f\u0131n\u0131 g\u00f6ren ve tatilinde kitaplar\u0131n\u0131 yan\u0131nda al\u0131p g\u00f6t\u00fcrmek isteyen insanlar\u0131n tercih edece\u011fi bir alternatif okuma bi\u00e7imi olacakt\u0131r.<\/p>\n<p style=\"text-align: justify;\" align=\"justify\">e-kitap, bas\u0131l\u0131 kitab\u0131n yerine ne zaman ge\u00e7er onu kestirmek \u00e7ok zor ama pratikli\u011fi kendini dayatacak diye d\u00fc\u015f\u00fcn\u00fcyorum.&#8221; \u0130nhan, e-kitap okuma cihazlar\u0131n\u0131n fiyatlar\u0131n\u0131n 2 y\u0131l i\u00e7inde 100 dolar\u0131n alt\u0131na d\u00fc\u015fmesiyle e-kitab\u0131n daha da yayg\u0131nla\u015faca\u011f\u0131n\u0131 d\u00fc\u015f\u00fcnd\u00fcklerini, bu y\u0131l\u0131n sistemin oturmas\u0131, yay\u0131nevlerinin yazarlarla telif anla\u015fmalar\u0131n\u0131 tamamlamas\u0131 ve e-kitap cihazlar\u0131n\u0131n ithalinin yayg\u0131nla\u015ft\u0131r\u0131lmas\u0131yla ge\u00e7ece\u011fini \u00f6ng\u00f6rd\u00fcklerini aktard\u0131.<\/p>\n<p style=\"text-align: justify;\" align=\"justify\">Korsana kar\u015f\u0131 m\u00fccadele<\/p>\n<p style=\"text-align: justify;\" align=\"justify\">\u0130nhan, e-kitaplar\u0131n korsan kitap sat\u0131\u015f\u0131na kar\u015f\u0131 da etkili bir m\u00fccadele arac\u0131 olabilece\u011fini ifade etti. Korsan kitab\u0131n nedenlerinden birinin, kitab\u0131n Anadolu&#8217;daki da\u011f\u0131t\u0131m organizasyonunun zay\u0131fl\u0131\u011f\u0131 ve efektif olmamas\u0131, bir di\u011ferinin de kitap fiyatlar\u0131 oldu\u011funu vurgulayan \u0130nhan, \u015funlar\u0131 s\u00f6yledi:<\/p>\n<p style=\"text-align: justify;\" align=\"justify\">&#8220;Yasal olan, ucuz bir alternatif varken, korsan\u0131n tercih edilmesi i\u00e7in fiyat ve eri\u015filebilirlik a\u00e7\u0131s\u0131ndan gerek\u00e7e kalmam\u0131\u015f veya azalm\u0131\u015f olacak. Anadolu&#8217;ya kitab\u0131n gidememesi gibi bir durum var ve i\u015fte o bo\u015fluklar\u0131 dolduruyor korsan. Hem o bo\u015flu\u011fu e-kitap doldurmu\u015f olacak hem de fiyat\u0131 ucuzlatarak korsan\u0131n varl\u0131k nedenini b\u00fcy\u00fck \u00f6l\u00e7\u00fcde gidermi\u015f olacak. Ancak bunun i\u00e7in e-kitaba uygulanan verginin, bas\u0131l\u0131 kitap ve k\u00fclt\u00fcr \u00fcr\u00fcnleriyle ayn\u0131 olmas\u0131 da \u00f6nemli. Normalde kitap ve k\u00fclt\u00fcr \u00fcr\u00fcnleri bir \u015fekilde devlet taraf\u0131ndan destekleniyor ama elektronik ortamda oldu\u011fu i\u00e7in KDV oran\u0131n\u0131n y\u00fczde 18 olmas\u0131 gibi bir uygulama olursa, o zaman ucuzlamas\u0131 beklenen ve korsana kar\u015f\u0131 da efektif bir m\u00fccadele y\u00f6ntemi olacak olan e-kitap ba\u015ftan cezaland\u0131r\u0131lm\u0131\u015f olur.&#8221; <strong style=\"text-align: justify;\"><\/strong><\/p>\n<p style=\"text-align: justify;\" align=\"justify\">Kaynak: <a href=\"http:\/\/www.cnnturk.com\/\" target=\"_blank\">http:\/\/www.cnnturk.com<\/a><\/p>\n","protected":false},"excerpt":{"rendered":"<p>\u0130nhan, d\u00fcnyada ilk olarak 2 y\u0131l \u00f6nce &#8220;www.amazon.com&#8221; adl\u0131 kitap sat\u0131\u015f sitesinin ba\u015flatt\u0131\u011f\u0131 e-kitap uygulamas\u0131na ili\u015fkin AA muhabirinin sorular\u0131n\u0131 yan\u0131tlad\u0131. \u0130defix&#8217;in bir y\u0131ld\u0131r altyap\u0131 haz\u0131rl\u0131klar\u0131n\u0131 s\u00fcrd\u00fcrd\u00fc\u011f\u00fc e-kitap projesinin, T\u00fcrkiye Teknoloji Geli\u015ftirme Vakf\u0131 ve T\u00dcB\u0130TAK taraf\u0131ndan da desteklendi\u011fini belirten \u0130nhan, aralar\u0131nda Can, Kabalc\u0131, \u0130thaki ve Sel yay\u0131nlar\u0131n\u0131n da bulundu\u011fu 22 yay\u0131nevi ile anla\u015fma yap\u0131ld\u0131\u011f\u0131n\u0131 ve bunlara [&hellip;]<\/p>\n","protected":false},"author":1,"featured_media":0,"comment_status":"open","ping_status":"open","sticky":false,"template":"","format":"standard","meta":{"footnotes":""},"categories":[1480,1481,1],"tags":[],"class_list":["post-1293","post","type-post","status-publish","format-standard","hentry","category-e-book","category-e-kitap","category-genel"],"_links":{"self":[{"href":"https:\/\/www.bbyhaber.com\/bby\/wp-json\/wp\/v2\/posts\/1293"}],"collection":[{"href":"https:\/\/www.bbyhaber.com\/bby\/wp-json\/wp\/v2\/posts"}],"about":[{"href":"https:\/\/www.bbyhaber.com\/bby\/wp-json\/wp\/v2\/types\/post"}],"author":[{"embeddable":true,"href":"https:\/\/www.bbyhaber.com\/bby\/wp-json\/wp\/v2\/users\/1"}],"replies":[{"embeddable":true,"href":"https:\/\/www.bbyhaber.com\/bby\/wp-json\/wp\/v2\/comments?post=1293"}],"version-history":[{"count":0,"href":"https:\/\/www.bbyhaber.com\/bby\/wp-json\/wp\/v2\/posts\/1293\/revisions"}],"wp:attachment":[{"href":"https:\/\/www.bbyhaber.com\/bby\/wp-json\/wp\/v2\/media?parent=1293"}],"wp:term":[{"taxonomy":"category","embeddable":true,"href":"https:\/\/www.bbyhaber.com\/bby\/wp-json\/wp\/v2\/categories?post=1293"},{"taxonomy":"post_tag","embeddable":true,"href":"https:\/\/www.bbyhaber.com\/bby\/wp-json\/wp\/v2\/tags?post=1293"}],"curies":[{"name":"wp","href":"https:\/\/api.w.org\/{rel}","templated":true}]}}